{"id":261819,"date":"2026-05-29T18:58:11","date_gmt":"2026-05-29T18:58:11","guid":{"rendered":"https:\/\/www.europesays.com\/fi\/261819\/"},"modified":"2026-05-29T18:58:11","modified_gmt":"2026-05-29T18:58:11","slug":"michael-jacksonin-tytar-paris-jackson-paljastuksia-lapsuudesta","status":"publish","type":"post","link":"https:\/\/www.europesays.com\/fi\/261819\/","title":{"rendered":"Michael Jacksonin tyt\u00e4r Paris Jackson: Paljastuksia lapsuudesta"},"content":{"rendered":"<p>            Jean-Marc Haedrich\/SIPA\/Shutterstock\/All Over Press\n        <\/p>\n<p class=\"subtitle \">Is\u00e4ns\u00e4 11-vuotiaana menett\u00e4nyt Paris avaa lapsuuttaan harvinaisella tavalla.<\/p>\n<p class=\"article-content article-content-width !bg-background\">Popin kuninkaaksi tituleerattu  on pysynyt otsikoissa, vaikka laulajan kuolemasta on vier\u00e4ht\u00e4nyt l\u00e4hes 17 vuotta.\u00a0<\/p>\n<p class=\"font-weight-bold m-font-weight-bold article-content article-content-width !bg-background\">Video: Onko Michael Jackson yh\u00e4 hengiss\u00e4?<\/p>\n<p class=\"article-content article-content-width !bg-background\">Valitettavasti aikansa supert\u00e4hdest\u00e4 ei ole pelkk\u00e4\u00e4 hyv\u00e4\u00e4 kirjoitettavaa. Jacksonia on syytetty vuosien varrella karmeista teoista, ja viimeisimm\u00e4t v\u00e4itteet nousivat esiin t\u00e4n\u00e4 kev\u00e4\u00e4n\u00e4.\u00a0<\/p>\n<p class=\"article-content article-content-width !bg-background\">Jackson ei kuitenkaan ole itse en\u00e4\u00e4 vastaamassa syyt\u00f6ksiin. Toistuvissa skandaaleissa sijaisk\u00e4rsij\u00f6iksi ovat joutuneet Thriller-staran lapset. Heist\u00e4 eniten julkisuudessa on esiintynyt itsekin laulajana ty\u00f6skentelev\u00e4 tyt\u00e4r , 28.<\/p>\n<p>        <a itemprop=\"url\" href=\"https:\/\/www.seiska.fi\/katso\/netflix-tiputti-pommin-uusi-dokumentti-perkaa-michael-jacksonin-lapsikarajat\/2158604\" rel=\"nofollow noopener\" target=\"_blank\"><\/p>\n<p>\nUusi h\u00e4tk\u00e4hdytt\u00e4v\u00e4 Netflix-dokumentti\n<\/p>\n<p class=\"section-date\">\n        <strong class=\"article-section\" data-section=\"katso\"><br \/>\n            katso<br \/>\n        <\/strong><br \/>\n        22.5. 16:15\n    <\/p>\n<p>Netflix tiputti pommin \u2013 uusi dokumentti perkaa Michael Jacksonin lapsik\u00e4r\u00e4j\u00e4t\n    <\/p>\n<p itemprop=\"description\" class=\"subtitle \">\n    Michael Jackson: Tuomio julkaistaan Netflixiss\u00e4 kes\u00e4kuun alussa.\n<\/p>\n<p>        <\/a><\/p>\n<p>                <img decoding=\"async\" src=\"https:\/\/www.europesays.com\/fi\/wp-content\/uploads\/2026\/05\/2165506.webp\" width=\"576\" height=\"720\" alt=\"Paris on is\u00e4ns\u00e4 tapaan muusikko.\" loading=\"lazy\" \/>            <\/p>\n<p>\n            Paris on is\u00e4ns\u00e4 tapaan muusikko.<br \/>\n            Jaime Schultz\/Shutterstock\/All Over Press\n        <\/p>\n<p>Ahkerointia kultalusikka suussa<\/p>\n<p class=\"article-content article-content-width !bg-background\">Paris vieraili hiljattain  pojan  luotsaamassa Trying Not To Die -podcastissa. Kaksikko keskustelee jaksossa siit\u00e4, millaista on kasvaa kuuluisan is\u00e4n kanssa. <a href=\"https:\/\/www.hellomagazine.com\/us\/903957\/paris-jackson-shares-unexpected-details-upbringing-neverland-dad-michael-jackson\/\" target=\"_blank\" rel=\"nofollow noopener\">Aiheeseen on tarttunut my\u00f6s Hello! -lehti<\/a>.<\/p>\n<p class=\"article-content article-content-width !bg-background\">Paris toteaa jaksossa ymm\u00e4rt\u00e4v\u00e4ns\u00e4, kuinka etuoikeutetussa asemassa h\u00e4n on saanut kasvaa. Se ei kuitenkaan tarkoita, ett\u00e4 h\u00e4n olisi saanut asiat helpolla.\u00a0<\/p>\n<p class=\"article-content article-content-width !bg-background\">\u2013 Kasvatuksessani oli paljon viitteit\u00e4 kultalusikasta, mutta paljon piti my\u00f6s itse ansaita. Ty\u00f6etiikan kehitt\u00e4minen oli t\u00e4rke\u00e4\u00e4, Paris kuvailee kasvuolojaan.\u00a0<\/p>\n<p>        <a itemprop=\"url\" href=\"https:\/\/www.seiska.fi\/kotimaa\/uusia-kauhuvaitteita-michael-jacksonista-ei-herkille\/2150341\" rel=\"nofollow noopener\" target=\"_blank\"><\/p>\n<p>\nJ\u00e4lleen syyt\u00f6sten kohteena\n<\/p>\n<p class=\"section-date\">\n        <strong class=\"article-section\" data-section=\"kotimaa\"><br \/>\n            kotimaa<br \/>\n        <\/strong><br \/>\n        12.5. 19:00\n    <\/p>\n<p>Uusia kauhuv\u00e4itteit\u00e4 Michael Jacksonista \u2013 ei herkille\n    <\/p>\n<p itemprop=\"description\" class=\"subtitle \">\n    Karmeita ja yksityiskohtaisia v\u00e4itteit\u00e4 Michael Jacksonin teoista on noussut j\u00e4lleen esiin.\n<\/p>\n<p>        <\/a><\/p>\n<p>                <img decoding=\"async\" src=\"https:\/\/www.europesays.com\/fi\/wp-content\/uploads\/2026\/05\/2165513.webp\" width=\"576\" height=\"658\" alt=\"Paris saapui kev\u00e4\u00e4ll\u00e4 Michaelista kertovan musikaalin lehdist\u00f6tilaisuuteen yhdess\u00e4 veljiens\u00e4 Princen ja Bigin (ent. Blanket) kanssa.\" loading=\"lazy\" \/>            <\/p>\n<p>\n            Paris saapui kev\u00e4\u00e4ll\u00e4 Michaelista kertovan musikaalin lehdist\u00f6tilaisuuteen yhdess\u00e4 veljiens\u00e4 Princen ja Bigin (ent. Blanket) kanssa.<br \/>\n            AOP\n        <\/p>\n<p class=\"article-content article-content-width !bg-background\">Laulaja kertoo n\u00e4hneens\u00e4 hiljattain kommentteja, joiden mukaan h\u00e4nen ei tarvitsisi tehd\u00e4 t\u00f6it\u00e4 saavuttaakseen haluamiaan asioita. Parisin mukaan v\u00e4ite ei kuitenkaan pid\u00e4 lainkaan paikkaansa.\u00a0<\/p>\n<p class=\"article-content article-content-width !bg-background\">\u2013 Kyll\u00e4 t\u00e4ytyy. Minun todella t\u00e4ytyy. Olen kuin hai: jos lakkaan liikkumasta, kuolen. Liikkuminen, ty\u00f6skenteleminen ja luominen tekev\u00e4t minut onnelliseksi, h\u00e4n lataa.<\/p>\n<p>Vain yksi is\u00e4<\/p>\n<p class=\"article-content article-content-width !bg-background\">Sek\u00e4 Paris ett\u00e4 Jack ovat joutuneet vastaamaan kysymykseen, millaista on el\u00e4\u00e4 kuuluisan is\u00e4n kanssa. Kumpikin pit\u00e4\u00e4 kysymyst\u00e4 h\u00f6lm\u00f6n\u00e4, sill\u00e4 eih\u00e4n heill\u00e4 ole vertailukohtaa.\u00a0<\/p>\n<p class=\"article-content article-content-width !bg-background\">Viihdesuvussa ja v\u00e4ist\u00e4m\u00e4tt\u00f6m\u00e4ss\u00e4 valokeilassa kasvanut Paris my\u00f6nt\u00e4\u00e4 tunteneensa aiemmin painetta avata asioitaan julkisuudessa. Vasta viime vuosina h\u00e4n on oivaltanut, ettei h\u00e4n ole kellek\u00e4\u00e4n sit\u00e4 velkaa.\u00a0<\/p>\n<p class=\"article-content article-content-width !bg-background\">\u2013 Olen oppimassa, ett\u00e4 minulla voi olla henkil\u00f6kohtainen ihmissuhde ja on sallittua, ett\u00e4 pid\u00e4n sen yksityisen\u00e4.<\/p>\n<p>        <a itemprop=\"url\" href=\"https:\/\/www.seiska.fi\/ulkomaat\/shokkikaanne-michael-jacksonin-kohussa\/2126170\" rel=\"nofollow noopener\" target=\"_blank\"><\/p>\n<p>\nMichael Jacksonin kohu\n<\/p>\n<p class=\"section-date\">\n        <strong class=\"article-section\" data-section=\"ulkomaat\"><br \/>\n            ulkomaat<br \/>\n        <\/strong><br \/>\n        13.4. 10:58\n    <\/p>\n<p>Shokkik\u00e4\u00e4nne Michael Jacksonin kohussa\n    <\/p>\n<p itemprop=\"description\" class=\"subtitle \">\n    Yksi Michaelin merkitt\u00e4vimmist\u00e4 puolustajista on v\u00e4itetysti k\u00e4\u00e4nt\u00e4nyt kelkkansa.\n<\/p>\n<p>        <\/a><\/p>\n<p>                <img decoding=\"async\" src=\"https:\/\/www.europesays.com\/fi\/wp-content\/uploads\/2026\/05\/2165515.webp\" width=\"576\" height=\"696\" alt=\"Paris t\u00e4tins\u00e4 LaToyan syleilyss\u00e4 Michaelin muistotilaisuudessa 2009.\" loading=\"lazy\" \/>            <\/p>\n<p>\n            Paris t\u00e4tins\u00e4 LaToyan syleilyss\u00e4 Michaelin muistotilaisuudessa 2009.<br \/>\n            AOP\n        <\/p>\n","protected":false},"excerpt":{"rendered":"Jean-Marc Haedrich\/SIPA\/Shutterstock\/All Over Press Is\u00e4ns\u00e4 11-vuotiaana menett\u00e4nyt Paris avaa lapsuuttaan harvinaisella tavalla. Popin kuninkaaksi tituleerattu on pysynyt otsikoissa,&hellip;\n","protected":false},"author":2,"featured_media":261820,"comment_status":"","ping_status":"","sticky":false,"template":"","format":"standard","meta":{"footnotes":"","_share_on_mastodon":"0"},"categories":[136],"tags":[35861,12679,407,137,33,31,30,14466,408,1232,23471,5215,13197,5355,17769,98,2923,7014,32,109],"class_list":["post-261819","post","type-post","status-publish","format-standard","has-post-thumbnail","category-julkkikset","tag-bigi-jackson","tag-blanket","tag-celebrities","tag-entertainment","tag-fi","tag-finland","tag-finnish","tag-jack-osbourne","tag-julkkikset","tag-lapsuus","tag-latoya-jackson","tag-michael-jackson","tag-ozzy-osbourne","tag-paljastus","tag-paris-jackson","tag-perhe","tag-podcast","tag-prince-jackson","tag-suomi","tag-viihde"],"share_on_mastodon":{"url":"https:\/\/pubeurope.com\/@fi\/116659402005036353","error":""},"_links":{"self":[{"href":"https:\/\/www.europesays.com\/fi\/wp-json\/wp\/v2\/posts\/261819","targetHints":{"allow":["GET"]}}],"collection":[{"href":"https:\/\/www.europesays.com\/fi\/wp-json\/wp\/v2\/posts"}],"about":[{"href":"https:\/\/www.europesays.com\/fi\/wp-json\/wp\/v2\/types\/post"}],"author":[{"embeddable":true,"href":"https:\/\/www.europesays.com\/fi\/wp-json\/wp\/v2\/users\/2"}],"replies":[{"embeddable":true,"href":"https:\/\/www.europesays.com\/fi\/wp-json\/wp\/v2\/comments?post=261819"}],"version-history":[{"count":0,"href":"https:\/\/www.europesays.com\/fi\/wp-json\/wp\/v2\/posts\/261819\/revisions"}],"wp:featuredmedia":[{"embeddable":true,"href":"https:\/\/www.europesays.com\/fi\/wp-json\/wp\/v2\/media\/261820"}],"wp:attachment":[{"href":"https:\/\/www.europesays.com\/fi\/wp-json\/wp\/v2\/media?parent=261819"}],"wp:term":[{"taxonomy":"category","embeddable":true,"href":"https:\/\/www.europesays.com\/fi\/wp-json\/wp\/v2\/categories?post=261819"},{"taxonomy":"post_tag","embeddable":true,"href":"https:\/\/www.europesays.com\/fi\/wp-json\/wp\/v2\/tags?post=261819"}],"curies":[{"name":"wp","href":"https:\/\/api.w.org\/{rel}","templated":true}]}}