{"id":26198,"date":"2025-09-05T07:35:09","date_gmt":"2025-09-05T07:35:09","guid":{"rendered":"https:\/\/www.europesays.com\/fi\/26198\/"},"modified":"2025-09-05T07:35:09","modified_gmt":"2025-09-05T07:35:09","slug":"ensimmaiset-kuvat-herttoniemen-keskustakorttelista-julki-monitoimiareena-ja-jopa-13-kerroksisia-taloja-paikalliset","status":"publish","type":"post","link":"https:\/\/www.europesays.com\/fi\/26198\/","title":{"rendered":"Ensimm\u00e4iset kuvat Herttoniemen keskustakorttelista julki\u2009\u2013\u2009monitoimiareena ja jopa 13-kerroksisia taloja | Paikalliset"},"content":{"rendered":"<p>Herttoniemen keskustaan suunnitellaan uutta korttelia, johon on tulossa monitoimiareena ja asuntoja.<\/p>\n<p><strong class=\"diks-storyline__impact\">Kaupunki <\/strong>haki kortteliin toteuttajaa hinta- ja laatukilpailulla, joka on nyt ratkennut.<\/p>\n<p>Korttelin toteuttajiksi esitet\u00e4\u00e4n Fira Rakennus Oy:t\u00e4 ja MTu-Consulting Oy:t\u00e4, joiden ehdotus \u201dKonkaavi\u201d arvioitiin kilpailun parhaaksi.<\/p>\n<p>Talot ovat jopa 13-kerroksisia. Matalimmat talot ovat 8-kerroksisia.<\/p>\n<p>Tontti sijaitsee l\u00e4hell\u00e4 Herttoniemen metroasemaa, It\u00e4v\u00e4yl\u00e4n toisella puolella. Kortteli rajautuu Suunnittelijankadun, Insin\u00f6\u00f6rinkadun ja It\u00e4v\u00e4yl\u00e4n rajaamalle tontille. Vieress\u00e4 sijaitsee kaupppakeskus Hertsi.<\/p>\n<p>\t\t<a class=\"diks-gallery__link\" href=\"https:\/\/i.media.fi\/incoming\/2qhrwx\/11028201.jpg\/alternates\/FREE_1440\/11028201.jpg\" data-thumbnail=\"\" data-sub-html=\"Havainnekuva Herttoniemen keskustan uudesta korttelista, johon tulee my\u00f6s palveluita. L Arkkitehdit Oy\" aria-label=\"Katso isompi kuva\" rel=\"nofollow noopener\" target=\"_blank\"><br \/>\n\t\t\t\t<img class=\"diks-figure__image\" src=\"https:\/\/www.europesays.com\/fi\/wp-content\/uploads\/2025\/09\/11028201.jpg\" loading=\"lazy\" decoding=\"sync\" alt=\"\"\/><br \/>\n\t\t\t<\/a><br \/>\n\t\t\t\t\tHavainnekuva Herttoniemen keskustan uudesta korttelista, johon tulee my\u00f6s palveluita. L Arkkitehdit Oy<\/p>\n<p><strong class=\"diks-storyline__impact\">Kilpailun<\/strong> voittaneessa ehdotuksessa alueelle esitet\u00e4\u00e4n uutta monitoimiareenaa, jossa yhdistyv\u00e4t urheilu ja hyvinvointi sek\u00e4 tapahtumat ja el\u00e4mykset.<\/p>\n<p>Areenan koko on noin 10 500 kerrosneli\u00f6metri\u00e4.<\/p>\n<p>Kortteliin tuleva ravintolamaailma t\u00e4ydent\u00e4\u00e4 Hertsin kauppakeskuksen tarjontaa.<\/p>\n<p>\t\t<a class=\"diks-gallery__link\" href=\"https:\/\/i.media.fi\/incoming\/o6qikz\/11028212.jpg\/alternates\/FREE_1440\/11028212.jpg\" data-thumbnail=\"\" data-sub-html=\"Herttoniemen keskustakortteli sijaitsee metroaseman l\u00e4hell\u00e4, It\u00e4v\u00e4yl\u00e4n toisella puolella. L Arkkitehdit Oy\" aria-label=\"Katso isompi kuva\" rel=\"nofollow noopener\" target=\"_blank\"><br \/>\n\t\t\t\t<img class=\"diks-figure__image\" src=\"https:\/\/www.europesays.com\/fi\/wp-content\/uploads\/2025\/09\/11028212.jpg\" loading=\"lazy\" decoding=\"sync\" alt=\"\"\/><br \/>\n\t\t\t<\/a><br \/>\n\t\t\t\t\tHerttoniemen keskustakortteli sijaitsee metroaseman l\u00e4hell\u00e4, It\u00e4v\u00e4yl\u00e4n toisella puolella. L Arkkitehdit Oy<\/p>\n<p>Asuntoja kortteliin on tulossa noin 24 000 kerrosneli\u00f6metri\u00e4.<\/p>\n<p>Asunnoista 60 prosenttia on omistusasuntoja. Loput, eli 40 prosenttia, on vuokra-asuntoja. T\u00e4st\u00e4 v\u00e4hint\u00e4\u00e4n puolet tulee olla valtion tukemaa pitk\u00e4n korkotuen vuokra-asuntotuotantoa.<\/p>\n<p>Ratkaisu perustuu alueen voimassa olevaan asemakaavaan.<\/p>\n<p>\t\t<a class=\"diks-gallery__link\" href=\"https:\/\/i.media.fi\/incoming\/7zlvi5\/11028211.jpg\/alternates\/FREE_1440\/11028211.jpg\" data-thumbnail=\"\" data-sub-html=\"N\u00e4kym\u00e4 sis\u00e4pihalta. L Arkkitehdit Oy\" aria-label=\"Katso isompi kuva\" rel=\"nofollow noopener\" target=\"_blank\"><br \/>\n\t\t\t\t<img class=\"diks-figure__image\" src=\"https:\/\/www.europesays.com\/fi\/wp-content\/uploads\/2025\/09\/11028211.jpg\" loading=\"lazy\" decoding=\"sync\" alt=\"\"\/><br \/>\n\t\t\t<\/a><br \/>\n\t\t\t\t\tN\u00e4kym\u00e4 sis\u00e4pihalta. L Arkkitehdit Oy<\/p>\n<p><strong class=\"diks-storyline__impact\">Kilpailun<\/strong> tarkoituksena oli l\u00f6yt\u00e4\u00e4 korttelille kaupunkitilallisesti ja toiminnallisesti korkeatasoinen ratkaisu ja sille toteuttaja.<\/p>\n<p>Kilpailuehdotusten arvioinnissa kiinnitettiin huomiota muun muassa arkkitehtoniseen kokonaisuuteen, toiminnalliseen konseptiin sek\u00e4 korttelin l\u00e4pi kulkevan uuden jalankulkureitin laatuun.<\/p>\n<p>Kaupunkiymp\u00e4rist\u00f6lautakunta k\u00e4sittelee asiaa kokouksessaan ensi viikon tiistaina (9. syyskuuta).<\/p>\n","protected":false},"excerpt":{"rendered":"Herttoniemen keskustaan suunnitellaan uutta korttelia, johon on tulossa monitoimiareena ja asuntoja. Kaupunki haki kortteliin toteuttajaa hinta- ja laatukilpailulla,&hellip;\n","protected":false},"author":2,"featured_media":26199,"comment_status":"","ping_status":"","sticky":false,"template":"","format":"standard","meta":{"footnotes":""},"categories":[12],"tags":[36,22,23,26,27,33,31,30,17,3742,3081,24,25,28,29,15,18,21,544,32,822,19,20,16,3935,8311],"class_list":{"0":"post-26198","1":"post","2":"type-post","3":"status-publish","4":"format-standard","5":"has-post-thumbnail","7":"category-suomi","8":"tag-asuintalot-ja-asunnot","9":"tag-breaking-news","10":"tag-breakingnews","11":"tag-featured-news","12":"tag-featurednews","13":"tag-fi","14":"tag-finland","15":"tag-finnish","16":"tag-headlines","17":"tag-kaupunkialue","18":"tag-kiinteistot","19":"tag-latest-news","20":"tag-latestnews","21":"tag-main-news","22":"tag-mainnews","23":"tag-news","24":"tag-otsikot","25":"tag-paauutiset","26":"tag-rahoitus-ja-kiinteistoala-sektori","27":"tag-suomi","28":"tag-teollisuustuotteet-ja-palvelut-sektori","29":"tag-top-stories","30":"tag-topstories","31":"tag-uutiset","32":"tag-vuokra-asunnot","33":"tag-vuokraus"},"share_on_mastodon":{"url":"","error":""},"_links":{"self":[{"href":"https:\/\/www.europesays.com\/fi\/wp-json\/wp\/v2\/posts\/26198","targetHints":{"allow":["GET"]}}],"collection":[{"href":"https:\/\/www.europesays.com\/fi\/wp-json\/wp\/v2\/posts"}],"about":[{"href":"https:\/\/www.europesays.com\/fi\/wp-json\/wp\/v2\/types\/post"}],"author":[{"embeddable":true,"href":"https:\/\/www.europesays.com\/fi\/wp-json\/wp\/v2\/users\/2"}],"replies":[{"embeddable":true,"href":"https:\/\/www.europesays.com\/fi\/wp-json\/wp\/v2\/comments?post=26198"}],"version-history":[{"count":0,"href":"https:\/\/www.europesays.com\/fi\/wp-json\/wp\/v2\/posts\/26198\/revisions"}],"wp:featuredmedia":[{"embeddable":true,"href":"https:\/\/www.europesays.com\/fi\/wp-json\/wp\/v2\/media\/26199"}],"wp:attachment":[{"href":"https:\/\/www.europesays.com\/fi\/wp-json\/wp\/v2\/media?parent=26198"}],"wp:term":[{"taxonomy":"category","embeddable":true,"href":"https:\/\/www.europesays.com\/fi\/wp-json\/wp\/v2\/categories?post=26198"},{"taxonomy":"post_tag","embeddable":true,"href":"https:\/\/www.europesays.com\/fi\/wp-json\/wp\/v2\/tags?post=26198"}],"curies":[{"name":"wp","href":"https:\/\/api.w.org\/{rel}","templated":true}]}}