{"id":26204,"date":"2025-09-05T07:49:07","date_gmt":"2025-09-05T07:49:07","guid":{"rendered":"https:\/\/www.europesays.com\/fi\/26204\/"},"modified":"2025-09-05T07:49:07","modified_gmt":"2025-09-05T07:49:07","slug":"karen-gillan-puolusti-liian-paljastavaa-asua-vuoden-2017-hittielokuvassa-sehan-on-viittaus-lara-croftiin","status":"publish","type":"post","link":"https:\/\/www.europesays.com\/fi\/26204\/","title":{"rendered":"Karen Gillan puolusti &#8221;liian paljastavaa asua&#8221; vuoden 2017 hittielokuvassa: &#8221;Seh\u00e4n on viittaus Lara Croftiin&#8221;"},"content":{"rendered":"\n<p><strong>Karen Gillan esiintyi vuoden 2017 Jumanji: Welcome to the Junglessa sangen niukasti vaatetettuna verrattuna elokuvan miespuolisiin n\u00e4yttelij\u00f6ihin. T\u00e4m\u00e4 poiki keskustelua seksismist\u00e4 ja naishahmon pakottamisesta pelk\u00e4ksi silm\u00e4karkiksi 80-luvun kaavan mukaisesti.<\/strong><\/p>\n<p>Jake Kasdanin ohjaama Jumanji: Welcome to the Jungle kierr\u00e4tti Robin Williamsin vuoden 1995 seikkailuklassikkoa modernein maustein. Elokuvan tarinassa nelj\u00e4 nuorta katoaa Jumanjin vaaroja t\u00e4ynn\u00e4 olevaan maailmaan ja muuntuu avatareiksi, joista jokaisella on omat erikoistaitonsa.<\/p>\n<p>Kahdeksan vuotta Jumanjin ilmestymisen j\u00e4lkeen my\u00f6s Guardians of the Galaxysta tunnettu n\u00e4yttelij\u00e4 <a href=\"https:\/\/muropaketti.com\/avainsana\/karen-gillan\/\" rel=\"nofollow noopener\" target=\"_blank\">Karen Gillan<\/a> on puolustanut roolihahmonsa Ruby Roundhousen asusteita ja huomauttanut, ett\u00e4 hahmo oli selv\u00e4 viittaus ensimm\u00e4isten Tomb Raider -pelien v\u00e4h\u00e4pukeisen Lara Croftin suuntaan.<\/p>\n<p>\u201dYmm\u00e4rr\u00e4n miksi asusta on tullut sanomista, mutta se hahmo kommentoi Lara Croftia ja maskuliinista tuijotusta [male gaze]. Eiv\u00e4th\u00e4n ne vaatteet mill\u00e4\u00e4n tavoin k\u00e4yt\u00e4nn\u00f6lliset toki ole\u201d, Gillan totesi <a href=\"https:\/\/inews.co.uk\/culture\/film\/karen-gillan-still-get-flak-outfit-jumanji-3866495\" target=\"_blank\" rel=\"noopener nofollow\">The I Paperin<\/a> haastattelussa, jossa h\u00e4n kertoi my\u00f6s saavansa yh\u00e4 v\u00e4lill\u00e4 palautetta hahmostaan.<\/p>\n<p>Sen syvemp\u00e4\u00e4n analyysiin n\u00e4yttelij\u00e4 ei puhjennut.<\/p>\n<p>Karen Gillanin mukaan Jumanji-rooliin astuminen ei sin\u00e4ns\u00e4 ollut mik\u00e4\u00e4n helppo juttu. Siin\u00e4 miss\u00e4 Jumanjin miesp\u00e4\u00e4osaa esitt\u00e4nyt Dwayne Johnson saatiin valmiiksi kameran eteen varttitunnissa, joutui Gillan istumaan maskeerattavana ja vaatetettavana kaksi ja puoli tuntia joka p\u00e4iv\u00e4.<\/p>\n<p>Jumanjin jatko-osa Jumanji: The Next Level vuonna 2019, mutta sen j\u00e4lkeen elokuvasarja ei ole jatkunut. Kolmannesta osasta on edelleen huhuiltu, mutta esimerkiksi Dwayne Johnsonin juna tuntuu jo jatkaneen matkaa, eik\u00e4 paluu videopeliseikkailuun vaikuta sik\u00e4li j\u00e4rin todenn\u00e4k\u00f6iselt\u00e4.<\/p>\n<p><strong>Katso Jumanji: Welcome to the Jungle<\/strong><\/p>\n","protected":false},"excerpt":{"rendered":"Karen Gillan esiintyi vuoden 2017 Jumanji: Welcome to the Junglessa sangen niukasti vaatetettuna verrattuna elokuvan miespuolisiin n\u00e4yttelij\u00f6ihin. T\u00e4m\u00e4&hellip;\n","protected":false},"author":2,"featured_media":26205,"comment_status":"","ping_status":"","sticky":false,"template":"","format":"standard","meta":{"footnotes":""},"categories":[136],"tags":[407,137,33,31,30,408,8318,5908,32,8006,109],"class_list":{"0":"post-26204","1":"post","2":"type-post","3":"status-publish","4":"format-standard","5":"has-post-thumbnail","7":"category-julkkikset","8":"tag-celebrities","9":"tag-entertainment","10":"tag-fi","11":"tag-finland","12":"tag-finnish","13":"tag-julkkikset","14":"tag-jumanji-welcome-to-the-jungle","15":"tag-karen-gillan","16":"tag-suomi","17":"tag-tomb-raider","18":"tag-viihde"},"share_on_mastodon":{"url":"","error":""},"_links":{"self":[{"href":"https:\/\/www.europesays.com\/fi\/wp-json\/wp\/v2\/posts\/26204","targetHints":{"allow":["GET"]}}],"collection":[{"href":"https:\/\/www.europesays.com\/fi\/wp-json\/wp\/v2\/posts"}],"about":[{"href":"https:\/\/www.europesays.com\/fi\/wp-json\/wp\/v2\/types\/post"}],"author":[{"embeddable":true,"href":"https:\/\/www.europesays.com\/fi\/wp-json\/wp\/v2\/users\/2"}],"replies":[{"embeddable":true,"href":"https:\/\/www.europesays.com\/fi\/wp-json\/wp\/v2\/comments?post=26204"}],"version-history":[{"count":0,"href":"https:\/\/www.europesays.com\/fi\/wp-json\/wp\/v2\/posts\/26204\/revisions"}],"wp:featuredmedia":[{"embeddable":true,"href":"https:\/\/www.europesays.com\/fi\/wp-json\/wp\/v2\/media\/26205"}],"wp:attachment":[{"href":"https:\/\/www.europesays.com\/fi\/wp-json\/wp\/v2\/media?parent=26204"}],"wp:term":[{"taxonomy":"category","embeddable":true,"href":"https:\/\/www.europesays.com\/fi\/wp-json\/wp\/v2\/categories?post=26204"},{"taxonomy":"post_tag","embeddable":true,"href":"https:\/\/www.europesays.com\/fi\/wp-json\/wp\/v2\/tags?post=26204"}],"curies":[{"name":"wp","href":"https:\/\/api.w.org\/{rel}","templated":true}]}}