{"id":262101,"date":"2026-05-30T02:58:16","date_gmt":"2026-05-30T02:58:16","guid":{"rendered":"https:\/\/www.europesays.com\/fi\/262101\/"},"modified":"2026-05-30T02:58:16","modified_gmt":"2026-05-30T02:58:16","slug":"tuomari-estaa-valiaikaisesti-maksut-trumpin-18-miljardin-dollarin-rahastosta-uutisia-lyhyesti","status":"publish","type":"post","link":"https:\/\/www.europesays.com\/fi\/262101\/","title":{"rendered":"Tuomari est\u00e4\u00e4 v\u00e4liaikaisesti maksut Trumpin 1,8 miljardin dollarin rahastosta | Uutisia lyhyesti"},"content":{"rendered":"<p class=\"aw__sc-1qwuw0s-0 aw__sc-1vg2sqm-0 epAWpq ecELkD yle__article__paragraph\">Liittovaltion kanne v\u00e4itt\u00e4\u00e4, ettei rahastolle ole oikeudellista perustaa tai vastuullisuutta.<\/p>\n<p><img decoding=\"async\" alt=\"Donald Trump l\u00e4hikuvassa kasvot hikisin\u00e4.\" src=\"https:\/\/www.europesays.com\/fi\/wp-content\/uploads\/2026\/05\/1779253460.jpeg\" class=\"aw__sc-dklauk-0 LPzKX\"\/><\/p>\n<p>Avaa kuvien katselu<\/p>\n<p>Liittovaltion kanteessa oikeudellinen edunvalvontaryhm\u00e4 Democracy Forward hakee tuomioistuimelta m\u00e4\u00e4r\u00e4yst\u00e4, joka pys\u00e4ytt\u00e4\u00e4 rahaston toteuttamisen ja est\u00e4\u00e4 Trumpin hallintoa jakamasta siit\u00e4 mit\u00e4\u00e4n maksuja. Kuva: Samuel Corum \/ AOP<\/p>\n<p class=\"aw__sc-1qwuw0s-0 aw__sc-ngllmo-0 epAWpq fzYpjk yle__article__paragraph\">Yhdysvaltain liittovaltion tuomari esti perjantaina v\u00e4liaikaisesti presidentti <strong class=\"aw__sc-ngllmo-2 gdRrun yle__article__strong\">Donald Trumpia<\/strong> etenem\u00e4st\u00e4 1,8 miljardin dollarin rahaston perustamisessa. Rahastosta on ollut tarkoitus maksaa korvauksia ihmisille, jotka kokevat hallituksen kohdelleen heit\u00e4 v\u00e4\u00e4rin.<\/p>\n<p class=\"aw__sc-1qwuw0s-0 aw__sc-ngllmo-0 epAWpq fzYpjk yle__article__paragraph\">Niin kutsutun aseillistamisen vastaisen rahaston perustamisesta kerrottiin viime viikolla, ja se on her\u00e4tt\u00e4nyt voimakasta vastustusta \u2013 my\u00f6s republikaanien joukossa.<\/p>\n<p class=\"aw__sc-1qwuw0s-0 aw__sc-ngllmo-0 epAWpq fzYpjk yle__article__paragraph\">Yhdysvalloissa on arvioitu, ett\u00e4 jopa v\u00e4kivaltaiset mellakoitsijat, jotka tunkeutuivat Yhdysvaltain kongressitaloon 6. tammikuuta 2021, voisivat vapaasti hakea korvauksia rahastosta.<\/p>\n<p class=\"aw__sc-1qwuw0s-0 aw__sc-ngllmo-0 epAWpq fzYpjk yle__article__paragraph\">Oikeusministeri\u00f6 ei ole viel\u00e4 muodostanut viisij\u00e4senist\u00e4 komissiota, joka p\u00e4\u00e4tt\u00e4\u00e4 maksuperusteista, joten rahaa ei ole viel\u00e4 maksettu tai vaatimuksia hyv\u00e4ksytty.<\/p>\n<p class=\"aw__sc-1qwuw0s-0 aw__sc-ngllmo-0 epAWpq fzYpjk yle__article__paragraph\">Liittovaltion kanteessa oikeudellinen edunvalvontaryhm\u00e4 Democracy Forward hakee tuomioistuimelta m\u00e4\u00e4r\u00e4yst\u00e4, joka pys\u00e4ytt\u00e4\u00e4 rahaston toteuttamisen ja est\u00e4\u00e4 Trumpin hallintoa jakamasta siit\u00e4 mit\u00e4\u00e4n maksuja. Kanteessa v\u00e4itet\u00e4\u00e4n, ettei rahastolle ole oikeudellista perustaa.<\/p>\n<p class=\"aw__sc-1qwuw0s-0 aw__sc-ngllmo-0 epAWpq fzYpjk yle__article__paragraph\">Yhdysvaltain piirituomari <strong class=\"aw__sc-ngllmo-2 gdRrun yle__article__strong\">Leonie Brinkema<\/strong> Alexandriassa, Virginiassa, kielsi perjantaina hallitusta etenem\u00e4st\u00e4 rahaston perustamisessa. Tuomari m\u00e4\u00e4r\u00e4si kuulemisen asiasta 12. kes\u00e4kuuta.<\/p>\n<p class=\"aw__sc-1qwuw0s-0 aw__sc-ngllmo-0 epAWpq fzYpjk yle__article__paragraph\">L\u00e4hteet: AP, Reuters<\/p>\n","protected":false},"excerpt":{"rendered":"Liittovaltion kanne v\u00e4itt\u00e4\u00e4, ettei rahastolle ole oikeudellista perustaa tai vastuullisuutta. Avaa kuvien katselu Liittovaltion kanteessa oikeudellinen edunvalvontaryhm\u00e4 Democracy&hellip;\n","protected":false},"author":2,"featured_media":262102,"comment_status":"","ping_status":"","sticky":false,"template":"","format":"standard","meta":{"footnotes":"","_share_on_mastodon":"0"},"categories":[14],"tags":[22,23,585,26,27,33,31,30,17,10822,24,25,28,29,15,18,21,1443,32,19,20,56,16,59,60,61,619],"class_list":["post-262101","post","type-post","status-publish","format-standard","has-post-thumbnail","category-ulkomaat","tag-breaking-news","tag-breakingnews","tag-donald-trump","tag-featured-news","tag-featurednews","tag-fi","tag-finland","tag-finnish","tag-headlines","tag-kanteet","tag-latest-news","tag-latestnews","tag-main-news","tag-mainnews","tag-news","tag-otsikot","tag-paauutiset","tag-rahastot","tag-suomi","tag-top-stories","tag-topstories","tag-ulkomaat","tag-uutiset","tag-world","tag-world-news","tag-worldnews","tag-yhdysvallat"],"share_on_mastodon":{"url":"https:\/\/pubeurope.com\/@fi\/116661289444626298","error":""},"_links":{"self":[{"href":"https:\/\/www.europesays.com\/fi\/wp-json\/wp\/v2\/posts\/262101","targetHints":{"allow":["GET"]}}],"collection":[{"href":"https:\/\/www.europesays.com\/fi\/wp-json\/wp\/v2\/posts"}],"about":[{"href":"https:\/\/www.europesays.com\/fi\/wp-json\/wp\/v2\/types\/post"}],"author":[{"embeddable":true,"href":"https:\/\/www.europesays.com\/fi\/wp-json\/wp\/v2\/users\/2"}],"replies":[{"embeddable":true,"href":"https:\/\/www.europesays.com\/fi\/wp-json\/wp\/v2\/comments?post=262101"}],"version-history":[{"count":0,"href":"https:\/\/www.europesays.com\/fi\/wp-json\/wp\/v2\/posts\/262101\/revisions"}],"wp:featuredmedia":[{"embeddable":true,"href":"https:\/\/www.europesays.com\/fi\/wp-json\/wp\/v2\/media\/262102"}],"wp:attachment":[{"href":"https:\/\/www.europesays.com\/fi\/wp-json\/wp\/v2\/media?parent=262101"}],"wp:term":[{"taxonomy":"category","embeddable":true,"href":"https:\/\/www.europesays.com\/fi\/wp-json\/wp\/v2\/categories?post=262101"},{"taxonomy":"post_tag","embeddable":true,"href":"https:\/\/www.europesays.com\/fi\/wp-json\/wp\/v2\/tags?post=262101"}],"curies":[{"name":"wp","href":"https:\/\/api.w.org\/{rel}","templated":true}]}}