{"id":262136,"date":"2026-05-30T03:52:16","date_gmt":"2026-05-30T03:52:16","guid":{"rendered":"https:\/\/www.europesays.com\/fi\/262136\/"},"modified":"2026-05-30T03:52:16","modified_gmt":"2026-05-30T03:52:16","slug":"tallainen-oli-historiallinen-kapylan-puutalo-jonka-tuli-tuhosi-kuvat-nayttavat-havityksen-uusimaa","status":"publish","type":"post","link":"https:\/\/www.europesays.com\/fi\/262136\/","title":{"rendered":"T\u00e4llainen oli historiallinen K\u00e4pyl\u00e4n puutalo, jonka tuli tuhosi \u2013 kuvat n\u00e4ytt\u00e4v\u00e4t h\u00e4vityksen | Uusimaa"},"content":{"rendered":"<p class=\"aw__sc-1qwuw0s-0 aw__sc-1vg2sqm-0 epAWpq ecELkD yle__article__paragraph\">Helsingin K\u00e4pyl\u00e4ss\u00e4 paloi torstaina suojeltu puutalo. K\u00e4pyl\u00e4n historiaan perehtynyt Eija Tuomela-Lehti toivoo, ett\u00e4 talo korjataan ennalleen.<\/p>\n<p><img decoding=\"async\" alt=\"Tuli tuhosi omakotitalon , mustuneita seini\u00e4, palanut katto.\" src=\"https:\/\/www.europesays.com\/fi\/wp-content\/uploads\/2026\/05\/1780056901.jpeg\" class=\"aw__sc-dklauk-0 LPzKX\"\/><\/p>\n<p>Avaa kuvien katselu<\/p>\n<p>Tuli tuhosi nelj\u00e4n asunnon pientalon Helsingin Puu-K\u00e4pyl\u00e4ss\u00e4 torstaina. Kuva: Saara Hirvonen \/ Yle<\/p>\n<ul class=\"aw__sc-1yb43iq-0 gFXHv yle__article__list yle__article__list--ul\">\n<li class=\"aw__sc-1yb43iq-1 gVAzbt\">Tulipalo tuhosi torstaina yhden rakennuksen Helsingin historiallisella Puu-K\u00e4pyl\u00e4n puutaloalueella.<\/li>\n<li class=\"aw__sc-1yb43iq-1 gVAzbt\">Alueen asiantuntija Eija Tuomela-Lehti toivoo, ett\u00e4 yli satavuotias talo rakennetaan uudelleen vanhaa mallia kunnioittaen.<\/li>\n<li class=\"aw__sc-1yb43iq-1 gVAzbt\">Kaikki alueen talot ovat puisia, joten tulipalon levi\u00e4minen on riski. Pelastuslaitos antoikin savun takia vaaratiedotteen.<\/li>\n<\/ul>\n<p class=\"aw__sc-1qwuw0s-0 aw__sc-ngllmo-0 epAWpq fzYpjk yle__article__paragraph\">Kes\u00e4isen puutarhan keskell\u00e4 on mustuneita sein\u00e4lautoja, palanut ja purettu katto sek\u00e4 hiiltyneit\u00e4 lautoja kasassa. Olemme Puu-K\u00e4pyl\u00e4ss\u00e4, Helsingin kulttuurihistoriallisella pienataloalueella, jossa tuli tuhosi yhden rakennuksista torstaina.<\/p>\n<p class=\"aw__sc-1qwuw0s-0 aw__sc-ngllmo-0 epAWpq fzYpjk yle__article__paragraph\">Palanutta rakennusta ymp\u00e4r\u00f6iv\u00e4t kahdella seinustalla metallitelineet ja niiden p\u00e4\u00e4ll\u00e4 osittain palaneet pressut.<\/p>\n<p class=\"aw__sc-1qwuw0s-0 aw__sc-ngllmo-0 epAWpq fzYpjk yle__article__paragraph\">\u2013 Ik\u00e4v\u00e4\u00e4 ihmisille, jotka siin\u00e4 asuivat, koko naapurustolle ja koko K\u00e4pyl\u00e4lle, joka on niin yhteis\u00f6llinen alue, ett\u00e4 suurin piirtein kaikki tuntevat toisensa. Olen aivan sataprosenttisen varma siit\u00e4, ett\u00e4 naapuriapua l\u00f6ytyy, sanoo <strong class=\"aw__sc-ngllmo-2 gdRrun yle__article__strong\">Eija Tuomela-Lehti<\/strong>.<\/p>\n<p>Historiallisella Puu-K\u00e4pyl\u00e4n alueella syttyi torstaina tulipalo kaksikerroksisessa talossa, jossa on Ylen tietojen mukaan kolmen perheen koti. Video: Jari K\u00e4rkk\u00e4inen \/ Yle<\/p>\n<p class=\"aw__sc-1qwuw0s-0 aw__sc-ngllmo-0 epAWpq fzYpjk yle__article__paragraph\">Tuomela-Lehti toimi parikymment\u00e4 vuotta K\u00e4pyl\u00e4-lehden p\u00e4\u00e4toimittajana, mutta on nyt jo el\u00e4kkeell\u00e4. H\u00e4n ei tunne palaneen talon asukkaita.<\/p>\n<p class=\"aw__sc-1qwuw0s-0 aw__sc-ngllmo-0 epAWpq fzYpjk yle__article__paragraph\">Palanut talo on suojeltu rakennus. Se on rakennettu vuonna 1921.<\/p>\n<p class=\"aw__sc-1qwuw0s-0 aw__sc-ngllmo-0 epAWpq fzYpjk yle__article__paragraph\">\u2013 Se on yli sata vuotta vanha talo. Toivon tietysti, ett\u00e4 se rakennetaan samalla mallilla uudelleen, eik\u00e4 mit\u00e4\u00e4n laatikoita ja bunkkereita tilalle.<\/p>\n<p><img decoding=\"async\" alt=\"Etualalla vihreit\u00e4 lehti\u00e4, taustalla perussilla suojaatu palanut rakennus. Osa pressuistakin on palanut.\" src=\"https:\/\/www.europesays.com\/fi\/wp-content\/uploads\/2026\/05\/1780113134_101_1780056901.jpeg\" class=\"aw__sc-dklauk-0 LPzKX\"\/><\/p>\n<p>Avaa kuvien katselu<\/p>\n<p><img decoding=\"async\" alt=\"Pahasti palanut lautaverhoiltu omakotitalo Helsingin K\u00e4pyl\u00e4ss\u00e4.\" src=\"https:\/\/www.europesays.com\/fi\/wp-content\/uploads\/2026\/05\/1780056872.jpeg\" class=\"aw__sc-dklauk-0 LPzKX\"\/><\/p>\n<p>Avaa kuvien katselu<\/p>\n<p><img decoding=\"async\" alt=\"Pressuilla suojattu rakennus, osa pressuista palanut.\" src=\"https:\/\/www.europesays.com\/fi\/wp-content\/uploads\/2026\/05\/1780056886.jpeg\" class=\"aw__sc-dklauk-0 LPzKX\"\/><\/p>\n<p>Avaa kuvien katselu<\/p>\n<p><img decoding=\"async\" alt=\"Hiiltyneit\u00e4 lautoja ja muuta purettua tavaraa palaneesta talosta kes\u00e4isess\u00e4 maisemassa.\" src=\"https:\/\/www.europesays.com\/fi\/wp-content\/uploads\/2026\/05\/1780056880.jpeg\" class=\"aw__sc-dklauk-0 LPzKX\"\/><\/p>\n<p>Avaa kuvien katselu<\/p>\n<p class=\"aw__sc-1qwuw0s-0 aw__sc-ngllmo-0 epAWpq fzYpjk yle__article__paragraph\">Arkkitehti <strong class=\"aw__sc-ngllmo-2 gdRrun yle__article__strong\">Akseli Toivonen<\/strong> suunnitteli K\u00e4pyl\u00e4n puutalot niin, ett\u00e4 ne voitiin pystytt\u00e4\u00e4 nopeasti, nelj\u00e4n huoneiston talo parissa viikossa.<\/p>\n<p class=\"aw__sc-1qwuw0s-0 aw__sc-ngllmo-0 epAWpq fzYpjk yle__article__paragraph\">K\u00e4pyl\u00e4 perustui ideaan vihre\u00e4st\u00e4 esikaupungista raitiovaunulinjan p\u00e4\u00e4ss\u00e4 kivisest\u00e4 keskustasta. Puutarhakaupungin arkkitehdiksi pyydettiin 1920 <strong class=\"aw__sc-ngllmo-2 gdRrun yle__article__strong\">Martti V\u00e4likangas<\/strong>.<\/p>\n<p class=\"aw__sc-1qwuw0s-0 aw__sc-ngllmo-0 epAWpq fzYpjk yle__article__paragraph\">V\u00e4likangas suunnitteli talojen sijoittelun maastoon ja asuintalot standardirakenteiden puitteissa. <strong class=\"aw__sc-ngllmo-2 gdRrun yle__article__strong\">Elisabeth Koch<\/strong> suunnitteli istutukset.<\/p>\n<p><img decoding=\"async\" alt=\"Rakennust\u00f6it\u00e4 Helsingin K\u00e4pyl\u00e4ss\u00e4 1920-luvulla.\" src=\"https:\/\/www.europesays.com\/fi\/wp-content\/uploads\/2026\/05\/1780069207.jpeg\" class=\"aw__sc-dklauk-0 LPzKX\"\/><\/p>\n<p>Avaa kuvien katselu<\/p>\n<p><img decoding=\"async\" alt=\"Vanha musta-valkea ilmakuva 1930-luvulta.\" src=\"https:\/\/www.europesays.com\/fi\/wp-content\/uploads\/2026\/05\/1780069377.jpeg\" class=\"aw__sc-dklauk-0 LPzKX\"\/><\/p>\n<p>Avaa kuvien katselu<\/p>\n<p class=\"aw__sc-1qwuw0s-0 aw__sc-ngllmo-0 epAWpq fzYpjk yle__article__paragraph\">1960-luvulla alueelle suunniteltiin tehokkaampaa rakentamista, mutta pitk\u00e4n kansalaisvastustuksen j\u00e4lkeen K\u00e4pyl\u00e4 sai s\u00e4ilytt\u00e4v\u00e4n asemakaavan 1971.<\/p>\n<p class=\"aw__sc-1qwuw0s-0 aw__sc-ngllmo-0 epAWpq fzYpjk yle__article__paragraph\">Seuraavana vuonna aloitetut korjausty\u00f6t suunnitteli arkkitehti <strong class=\"aw__sc-ngllmo-2 gdRrun yle__article__strong\">Bengt Lundsten<\/strong>.<\/p>\n<p>Useita tulipaloja vuosikymmenten varrella<\/p>\n<p class=\"aw__sc-1qwuw0s-0 aw__sc-ngllmo-0 epAWpq fzYpjk yle__article__paragraph\">Eija Tuomela-Lehti on tehnyt K\u00e4pyl\u00e4st\u00e4 kaksi kirjaa. J\u00e4lkimm\u00e4inen kirja, Puu-K\u00e4pyl\u00e4 100 vuotta \u2013 Wooden K\u00e4pyl\u00e4 100 years ilmestyi vuonna 2020.<\/p>\n<p class=\"aw__sc-1qwuw0s-0 aw__sc-ngllmo-0 epAWpq fzYpjk yle__article__paragraph\">\u2013 Yli sadan vuoden aikana K\u00e4pyl\u00e4ss\u00e4 on ollut useita tulipaloja. Niist\u00e4 kaikista on aina selvitty, mutta kun kaikki talot ovat puisia, vaarana on, ett\u00e4 tuli levi\u00e4\u00e4 koko alueelle, Tuomela-Lehti toteaa.<\/p>\n<p class=\"aw__sc-1qwuw0s-0 aw__sc-ngllmo-0 epAWpq fzYpjk yle__article__paragraph\">Helsingin pelastuslaitos antoi torstaina vaaratiedotteen savun takia. Tulipalo ja pelastusty\u00f6t keskeyttiv\u00e4t raitiovaunuliikenteen Pohjolankadun kohdalla.<\/p>\n<p class=\"aw__sc-1qwuw0s-0 aw__sc-ngllmo-0 epAWpq fzYpjk yle__article__paragraph\">Pelastuslaitos jatkoi j\u00e4lkivartiointia aina keskiy\u00f6h\u00f6n asti, mutta perjantaina alue oli vain eristetty nauhoin.<\/p>\n<p><img decoding=\"async\" alt=\"Pahasti palanut omakotitalo K\u00e4pyl\u00e4ss\u00e4, ihmiset plurrattu kuvasta pois, koska eiv\u00e4t halunneet mukaan uutiskuvaan.\" src=\"https:\/\/www.europesays.com\/fi\/wp-content\/uploads\/2026\/05\/1780057156.jpeg\" loading=\"lazy\" class=\"aw__sc-dklauk-0 LPzKX\"\/><\/p>\n<p>Avaa kuvien katselu<\/p>\n<p>Palanut rakennus oli menossa remonttiin, kahdella sivustalla oli jo metalliset telineet ja suojapressut. Kuvasta on sumennettu raivausty\u00f6t\u00e4 tehneet henkil\u00f6t. Kuva: Saara Hirvonen \/ Yle<\/p>\n<p class=\"aw__sc-1qwuw0s-0 aw__sc-ngllmo-0 epAWpq fzYpjk yle__article__paragraph\">Eija Tuomela-Lehti muistelee Ylelle my\u00f6s koko alueen s\u00e4ilymisest\u00e4 k\u00e4yty\u00e4 taistelua 1970-luvulla. K\u00e4pyl\u00e4ss\u00e4 asuu usein monta sukupolvea samassa talossa.<\/p>\n<p class=\"aw__sc-1qwuw0s-0 aw__sc-ngllmo-0 epAWpq fzYpjk yle__article__paragraph\">\u2013 Itse muutin K\u00e4pyl\u00e4\u00e4n 1988. Ensimm\u00e4isen kerran el\u00e4ess\u00e4ni tapasin ihmisi\u00e4, jotka eiv\u00e4t olleet ikin\u00e4 k\u00e4yneet Keh\u00e4 kolmosen pohjoispuolella, koska heid\u00e4n koko sukunsa asui K\u00e4pyl\u00e4ss\u00e4. Se on hyvin erikoinen alue siin\u00e4 mieless\u00e4.<\/p>\n<p class=\"aw__sc-1qwuw0s-0 aw__sc-ngllmo-0 epAWpq fzYpjk yle__article__paragraph\">Alueella asuu paljon my\u00f6s julkisuudesta tuttuja ihmisi\u00e4.<\/p>\n<p class=\"aw__sc-1qwuw0s-0 aw__sc-ngllmo-0 epAWpq fzYpjk yle__article__paragraph\">\u2013 Jos ei joku jo ole julkkis, niin on ainakin semmoiseksi tulossa, Tuomela-Lehti toteaa.<\/p>\n<p class=\"aw__sc-1qwuw0s-0 aw__sc-ngllmo-0 epAWpq fzYpjk yle__article__paragraph\">Nyt alue on korjattu ja my\u00f6s alueen kunnallistekniikka on kunnossa.<\/p>\n<p class=\"aw__sc-1qwuw0s-0 aw__sc-ngllmo-0 epAWpq fzYpjk yle__article__paragraph\">\u2013 Ihmiset ovat hirve\u00e4n onnellisia, iloisia ja suurimmaksi osaksi tyytyv\u00e4isi\u00e4 siin\u00e4 lintukodossa.<\/p>\n","protected":false},"excerpt":{"rendered":"Helsingin K\u00e4pyl\u00e4ss\u00e4 paloi torstaina suojeltu puutalo. K\u00e4pyl\u00e4n historiaan perehtynyt Eija Tuomela-Lehti toivoo, ett\u00e4 talo korjataan ennalleen. Avaa kuvien&hellip;\n","protected":false},"author":2,"featured_media":262137,"comment_status":"","ping_status":"","sticky":false,"template":"","format":"standard","meta":{"footnotes":"","_share_on_mastodon":"0"},"categories":[5],"tags":[22,23,26,27,33,31,30,17,104,26570,71,35889,24,25,28,29,15,837,18,21,35888,32,19,20,1265,1168,16],"class_list":["post-262136","post","type-post","status-publish","format-standard","has-post-thumbnail","category-otsikot","tag-breaking-news","tag-breakingnews","tag-featured-news","tag-featurednews","tag-fi","tag-finland","tag-finnish","tag-headlines","tag-helsinki","tag-kapyla","tag-kotimaa","tag-kulttuurihistorialliset-rakennukset","tag-latest-news","tag-latestnews","tag-main-news","tag-mainnews","tag-news","tag-onnettomuudet","tag-otsikot","tag-paauutiset","tag-puu-kapyla","tag-suomi","tag-top-stories","tag-topstories","tag-tulipalot","tag-uusimaa","tag-uutiset"],"share_on_mastodon":{"url":"https:\/\/pubeurope.com\/@fi\/116661501794000724","error":""},"_links":{"self":[{"href":"https:\/\/www.europesays.com\/fi\/wp-json\/wp\/v2\/posts\/262136","targetHints":{"allow":["GET"]}}],"collection":[{"href":"https:\/\/www.europesays.com\/fi\/wp-json\/wp\/v2\/posts"}],"about":[{"href":"https:\/\/www.europesays.com\/fi\/wp-json\/wp\/v2\/types\/post"}],"author":[{"embeddable":true,"href":"https:\/\/www.europesays.com\/fi\/wp-json\/wp\/v2\/users\/2"}],"replies":[{"embeddable":true,"href":"https:\/\/www.europesays.com\/fi\/wp-json\/wp\/v2\/comments?post=262136"}],"version-history":[{"count":0,"href":"https:\/\/www.europesays.com\/fi\/wp-json\/wp\/v2\/posts\/262136\/revisions"}],"wp:featuredmedia":[{"embeddable":true,"href":"https:\/\/www.europesays.com\/fi\/wp-json\/wp\/v2\/media\/262137"}],"wp:attachment":[{"href":"https:\/\/www.europesays.com\/fi\/wp-json\/wp\/v2\/media?parent=262136"}],"wp:term":[{"taxonomy":"category","embeddable":true,"href":"https:\/\/www.europesays.com\/fi\/wp-json\/wp\/v2\/categories?post=262136"},{"taxonomy":"post_tag","embeddable":true,"href":"https:\/\/www.europesays.com\/fi\/wp-json\/wp\/v2\/tags?post=262136"}],"curies":[{"name":"wp","href":"https:\/\/api.w.org\/{rel}","templated":true}]}}