{"id":26214,"date":"2025-09-05T08:05:07","date_gmt":"2025-09-05T08:05:07","guid":{"rendered":"https:\/\/www.europesays.com\/fi\/26214\/"},"modified":"2025-09-05T08:05:07","modified_gmt":"2025-09-05T08:05:07","slug":"nelja-yritysta-perustanut-ja-konkurssin-kokenut-carita-peltonen-on-vuoden-uhkarohkein-yrittaja","status":"publish","type":"post","link":"https:\/\/www.europesays.com\/fi\/26214\/","title":{"rendered":"Nelj\u00e4 yrityst\u00e4 perustanut ja konkurssin kokenut Carita Peltonen on vuoden uhkarohkein yritt\u00e4j\u00e4"},"content":{"rendered":"<p class=\"gb-ingress__content\">\n\t\t\t\tYritt\u00e4j\u00e4kassa on valinnut Mets\u00e4moodin perustajan ja toimitusjohtajan Carita Peltosen vuoden 2025 uhkarohkeimmaksi yritt\u00e4j\u00e4ksi\t\t\t<\/p>\n<p>Peltonen on kokenut yritt\u00e4j\u00e4, joka on urallaan perustanut nelj\u00e4 yrityst\u00e4, kokenut sek\u00e4 menestyst\u00e4 ett\u00e4 konkurssin \u2013 ja l\u00f6yt\u00e4nyt uudelleen nousun mets\u00e4n parantavasta voimasta.<\/p>\n<p>\u2013 Caritan tarina osoittaa, ett\u00e4 yritt\u00e4jyys ei ole t\u00e4ydellisten onnistumisten sarja, vaan rohkeutta nousta uudelleen. Konkurssi ei m\u00e4\u00e4rit\u00e4 ihmist\u00e4 \u2013 todellinen yritt\u00e4j\u00e4 ottaa riskin ja uskaltaa yritt\u00e4\u00e4 taas, sanoo Yritt\u00e4j\u00e4kassan kassanjohtaja <strong>Merja Jokinen<\/strong>.<\/p>\n<p>Peltosen nykyinen yritys Mets\u00e4mood ja sen br\u00e4ndi Mets\u00e4\/Skogen tuovat luonnon hyvinvointivaikutuksia urbaaniin ymp\u00e4rist\u00f6\u00f6n hotelleista lentokenttiin. Peltonen korostaa yritt\u00e4jyyden perustuvan sinnikkyyteen, rohkeuteen ja verkostojen voimaan.<\/p>\n<p>\u2013 Usko omiin unelmiin antaa suunnan, mutta yritt\u00e4jyys vaatii my\u00f6s kovaa ty\u00f6t\u00e4 ja kyky\u00e4 nousta yl\u00f6s vaikeuksien j\u00e4lkeen.<\/p>\n<p>Yritt\u00e4j\u00e4mediat haastatteli Carita Peltosta kaksi vuotta sitten. <a href=\"https:\/\/www.yrittajat.fi\/uutiset\/kerran-viela-metsan-takia-carita-peltonen-kavi-lapi-burnoutin-ja-konkurssin-jossa-myos-oma-talous-meni-ylosalaisin\/\" rel=\"nofollow noopener\" target=\"_blank\">Haastattelun voi lukea t\u00e4st\u00e4<\/a>.<\/p>\n<p>Vuoden Uhkarohkein yritt\u00e4j\u00e4 -kilpailu j\u00e4rjestettiin nyt kymmenett\u00e4 kertaa, ja siihen saapui l\u00e4hes 70 ehdotusta.<\/p>\n<p>\t\t\tYritt\u00e4j\u00e4kassa\t\t<\/p>\n<p>Yritt\u00e4j\u00e4kassa on ty\u00f6tt\u00f6myyskassa yritt\u00e4jille.<br \/>Kassan tavoitteena on lis\u00e4t\u00e4 yritt\u00e4jien el\u00e4m\u00e4nlaatua ja turvallisuutta vapaaehtoisen ty\u00f6tt\u00f6myysvakuutuksen avulla.<br \/>Yritt\u00e4j\u00e4n t\u00e4ytyy hakeutua itse Yritt\u00e4j\u00e4kassan j\u00e4seneksi saadakseen ty\u00f6tt\u00f6m\u00e4n\u00e4 ansiosidonnaista p\u00e4iv\u00e4rahaa.<\/p>\n<p>\t\t\t\t\t\tVinkkaa meille juttuaihe!<\/p>\n<p>                            Vinkkaa meille juttuaihe!<\/p>\n","protected":false},"excerpt":{"rendered":"Yritt\u00e4j\u00e4kassa on valinnut Mets\u00e4moodin perustajan ja toimitusjohtajan Carita Peltosen vuoden 2025 uhkarohkeimmaksi yritt\u00e4j\u00e4ksi Peltonen on kokenut yritt\u00e4j\u00e4, joka&hellip;\n","protected":false},"author":2,"featured_media":26215,"comment_status":"","ping_status":"","sticky":false,"template":"","format":"standard","meta":{"footnotes":""},"categories":[76],"tags":[79,77,33,31,30,32,78,2691],"class_list":{"0":"post-26214","1":"post","2":"type-post","3":"status-publish","4":"format-standard","5":"has-post-thumbnail","7":"category-talous","8":"tag-business","9":"tag-economy","10":"tag-fi","11":"tag-finland","12":"tag-finnish","13":"tag-suomi","14":"tag-talous","15":"tag-yrittu00e4ju00e4tarina"},"share_on_mastodon":{"url":"","error":""},"_links":{"self":[{"href":"https:\/\/www.europesays.com\/fi\/wp-json\/wp\/v2\/posts\/26214","targetHints":{"allow":["GET"]}}],"collection":[{"href":"https:\/\/www.europesays.com\/fi\/wp-json\/wp\/v2\/posts"}],"about":[{"href":"https:\/\/www.europesays.com\/fi\/wp-json\/wp\/v2\/types\/post"}],"author":[{"embeddable":true,"href":"https:\/\/www.europesays.com\/fi\/wp-json\/wp\/v2\/users\/2"}],"replies":[{"embeddable":true,"href":"https:\/\/www.europesays.com\/fi\/wp-json\/wp\/v2\/comments?post=26214"}],"version-history":[{"count":0,"href":"https:\/\/www.europesays.com\/fi\/wp-json\/wp\/v2\/posts\/26214\/revisions"}],"wp:featuredmedia":[{"embeddable":true,"href":"https:\/\/www.europesays.com\/fi\/wp-json\/wp\/v2\/media\/26215"}],"wp:attachment":[{"href":"https:\/\/www.europesays.com\/fi\/wp-json\/wp\/v2\/media?parent=26214"}],"wp:term":[{"taxonomy":"category","embeddable":true,"href":"https:\/\/www.europesays.com\/fi\/wp-json\/wp\/v2\/categories?post=26214"},{"taxonomy":"post_tag","embeddable":true,"href":"https:\/\/www.europesays.com\/fi\/wp-json\/wp\/v2\/tags?post=26214"}],"curies":[{"name":"wp","href":"https:\/\/api.w.org\/{rel}","templated":true}]}}