{"id":26218,"date":"2025-09-05T08:07:08","date_gmt":"2025-09-05T08:07:08","guid":{"rendered":"https:\/\/www.europesays.com\/fi\/26218\/"},"modified":"2025-09-05T08:07:08","modified_gmt":"2025-09-05T08:07:08","slug":"ismo-leikola-selka-murtui","status":"publish","type":"post","link":"https:\/\/www.europesays.com\/fi\/26218\/","title":{"rendered":"Ismo Leikola: Selk\u00e4 murtui"},"content":{"rendered":"<p>Koomikko Ismo Leikola mursi selk\u00e4nikamansa m\u00f6nkij\u00e4onnettomuudessa. <\/p>\n<p><img decoding=\"async\" class=\"image image-show image-preview\" src=\"https:\/\/www.europesays.com\/fi\/wp-content\/uploads\/2025\/09\/197e4d183a4e33d6d34ad81d710c48536e9edd7345f8b0fda3e4b5b79796e64f.jpg\" alt=\"\"\/><img decoding=\"async\" class=\"image image-show\" src=\"https:\/\/www.europesays.com\/fi\/wp-content\/uploads\/2025\/09\/1757059628_986_197e4d183a4e33d6d34ad81d710c48536e9edd7345f8b0fda3e4b5b79796e64f.jpg\" alt=\"\"\/><\/p>\n<p>Ismo Leikola joutui viime sunnuntaina m\u00f6nkij\u00e4onnettomuuteen.  Matti Matikainen<\/p>\n<p class=\"paragraph\">Koomikko <a href=\"https:\/\/www.iltalehti.fi\/henkilot\/Ismo Leikola\" class=\"article-link-person-page\" rel=\"nofollow noopener\" target=\"_blank\">Ismo Leikola<\/a> loukkaantui m\u00f6nkij\u00e4onnettomuudessa. H\u00e4n kertoo asiasta Instagram-tilill\u00e4\u00e4n.<\/p>\n<p class=\"paragraph\">\u2013 Sunnuntaina moottoriurheilukolari. M\u00f6nkij\u00e4ll\u00e4 hypp\u00e4sin liian pitk\u00e4n hypyn. Tuli nen\u00e4lleen alas ja kolahti selk\u00e4 sen verran, ett\u00e4 nikama murtui, h\u00e4n kertoo videojulkaisulla.<\/p>\n<p class=\"paragraph\">Onnettomuuden j\u00e4lkeen Leikola vietti kolme p\u00e4iv\u00e4\u00e4 ruotsalaisessa sairaalassa.<\/p>\n<p class=\"paragraph\">Jos julkaisu ei n\u00e4y, voit katsoa sen <a href=\"https:\/\/www.instagram.com\/p\/DONh3P9jjgg\/\" rel=\"noopener nofollow\" target=\"_blank\">t\u00e4st\u00e4 linkist\u00e4<\/a>.<\/p>\n<p class=\"paragraph\">\u2013 Yll\u00e4tt\u00e4v\u00e4n hyv\u00e4ss\u00e4 hapessa olen, ei paina hermoa mik\u00e4\u00e4n ja sill\u00e4 tavalla kaikki ihan ok, Leikola sanoo.<\/p>\n<p class=\"paragraph\">\u2013 Olen onnekas ja kiitollinen siit\u00e4, ett\u00e4 toivun nopeasti, julkaisussa kirjoitetaan.<\/p>\n<p class=\"paragraph\">Onnettomuudesta toipuminen vaikuttaa my\u00f6s Leikolan keikkailuun. L\u00e4\u00e4k\u00e4rin ohjeistuksen vuoksi h\u00e4n joutuu siirt\u00e4m\u00e4\u00e4n useita keikkojaan Suomessa ja muualla Euroopassa.<\/p>\n<p class=\"paragraph\">\u2013 T\u00e4llaista t\u00e4m\u00e4 urheilu on, paikat menev\u00e4t rikki, h\u00e4n toteaa ja pahoittelee lipun ostaneille keikkojen siirtymisi\u00e4.<\/p>\n<p class=\"paragraph\">Leikola kykenee videolla seisomaan, istumaan ja jonkin verran liikkumaan, mutta toteaa pian, ett\u00e4 on parempi pysy\u00e4 istuallaan.<\/p>\n<p class=\"paragraph\">Leikola pyrkii tekem\u00e4\u00e4n Turun ja Helsingin keikat, mutta p\u00e4\u00e4osin istuma-asennossa, kerrotaan lipunmyyntipalvelun tiedotteessa. Oulun, Tampereen ja Porin keikat puolestaan siirret\u00e4\u00e4n.<\/p>\n<p class=\"paragraph\">\u2013 Oulun keikat on siirrett\u00e4v\u00e4, sill\u00e4 matkustus sinne asti ei ole hyv\u00e4 idea. Nokia-areenan megashow ei my\u00f6sk\u00e4\u00e4n onnistu ilman kokonaista selk\u00e4rankaa, joten sekin siirtyy. Porin keikat siirtyiv\u00e4tkin jo, kommentoidaan tiedotteessa.<\/p>\n<p><script async src=\"\/\/www.instagram.com\/embed.js\"><\/script><\/p>\n","protected":false},"excerpt":{"rendered":"Koomikko Ismo Leikola mursi selk\u00e4nikamansa m\u00f6nkij\u00e4onnettomuudessa. Ismo Leikola joutui viime sunnuntaina m\u00f6nkij\u00e4onnettomuuteen. Matti Matikainen Koomikko Ismo Leikola loukkaantui&hellip;\n","protected":false},"author":2,"featured_media":26219,"comment_status":"","ping_status":"","sticky":false,"template":"","format":"standard","meta":{"footnotes":""},"categories":[12],"tags":[35,22,23,26,27,33,31,30,17,2187,24,25,121,28,29,15,837,18,21,32,128,19,20,140,16],"class_list":{"0":"post-26218","1":"post","2":"type-post","3":"status-publish","4":"format-standard","5":"has-post-thumbnail","7":"category-suomi","8":"tag-24h","9":"tag-breaking-news","10":"tag-breakingnews","11":"tag-featured-news","12":"tag-featurednews","13":"tag-fi","14":"tag-finland","15":"tag-finnish","16":"tag-headlines","17":"tag-kulkuneuvot","18":"tag-latest-news","19":"tag-latestnews","20":"tag-liikenne-ja-kuljetus","21":"tag-main-news","22":"tag-mainnews","23":"tag-news","24":"tag-onnettomuudet","25":"tag-otsikot","26":"tag-paauutiset","27":"tag-suomi","28":"tag-tieliikenne","29":"tag-top-stories","30":"tag-topstories","31":"tag-tv-ja-elokuvat","32":"tag-uutiset"},"share_on_mastodon":{"url":"","error":""},"_links":{"self":[{"href":"https:\/\/www.europesays.com\/fi\/wp-json\/wp\/v2\/posts\/26218","targetHints":{"allow":["GET"]}}],"collection":[{"href":"https:\/\/www.europesays.com\/fi\/wp-json\/wp\/v2\/posts"}],"about":[{"href":"https:\/\/www.europesays.com\/fi\/wp-json\/wp\/v2\/types\/post"}],"author":[{"embeddable":true,"href":"https:\/\/www.europesays.com\/fi\/wp-json\/wp\/v2\/users\/2"}],"replies":[{"embeddable":true,"href":"https:\/\/www.europesays.com\/fi\/wp-json\/wp\/v2\/comments?post=26218"}],"version-history":[{"count":0,"href":"https:\/\/www.europesays.com\/fi\/wp-json\/wp\/v2\/posts\/26218\/revisions"}],"wp:featuredmedia":[{"embeddable":true,"href":"https:\/\/www.europesays.com\/fi\/wp-json\/wp\/v2\/media\/26219"}],"wp:attachment":[{"href":"https:\/\/www.europesays.com\/fi\/wp-json\/wp\/v2\/media?parent=26218"}],"wp:term":[{"taxonomy":"category","embeddable":true,"href":"https:\/\/www.europesays.com\/fi\/wp-json\/wp\/v2\/categories?post=26218"},{"taxonomy":"post_tag","embeddable":true,"href":"https:\/\/www.europesays.com\/fi\/wp-json\/wp\/v2\/tags?post=26218"}],"curies":[{"name":"wp","href":"https:\/\/api.w.org\/{rel}","templated":true}]}}