{"id":26222,"date":"2025-09-05T08:25:19","date_gmt":"2025-09-05T08:25:19","guid":{"rendered":"https:\/\/www.europesays.com\/fi\/26222\/"},"modified":"2025-09-05T08:25:19","modified_gmt":"2025-09-05T08:25:19","slug":"paula-vesala-kertoi-raskaudestaan-ja-huomasi-miten-maailma-on-muuttunut-kotimaa","status":"publish","type":"post","link":"https:\/\/www.europesays.com\/fi\/26222\/","title":{"rendered":"Paula Vesala kertoi raskaudestaan ja huomasi, miten maailma on muuttunut | Kotimaa"},"content":{"rendered":"<p class=\"sc-jYczwO sc-dNFkOE frIBdZ edVjwg yle__article__paragraph\">PMMP-yhtyeen keulahahmot kertovat joutuneensa ty\u00f6skentelem\u00e4\u00e4n aikanaan kovasti, ett\u00e4 heid\u00e4t otettiin tosissaan. Heist\u00e4 kertova dokumenttielokuva julkaistaan lauantaina.<\/p>\n<p><img decoding=\"async\" alt=\"PMMP-yhtyeen Paula Vesala ja Mira Luoti lukevat vanhoja sanomalehti\u00e4.\" src=\"https:\/\/www.europesays.com\/fi\/wp-content\/uploads\/2025\/09\/39-151692068b8455dde42c.jpeg\" class=\"sc-dntSTA iywpZY\"\/><\/p>\n<p>Avaa kuvien katselu<\/p>\n<p>PMMP-yhtyeen Paula Vesala ja Mira Luoti k\u00e4yv\u00e4t dokumenttielokuvassa l\u00e4pi, miten heit\u00e4 on kohdeltu mediassa. Kuva: Yle<\/p>\n<p class=\"sc-jYczwO sc-ciCoXh frIBdZ cPdSqu yle__article__paragraph\">Kun <strong class=\"sc-eEHciv kkmMDs yle__article__strong\">Paula Vesala<\/strong> <a class=\"sc-jDJeIs gotUgl yle__article__link\" href=\"https:\/\/www.hs.fi\/kulttuuri\/art-2000011468665.html\" role=\"link\" rel=\"nofollow noopener\" target=\"_blank\">kertoi tiistaina olevansa raskaana<\/a>, h\u00e4n sai huomata, miten maailma on muuttunut.<\/p>\n<p class=\"sc-jYczwO sc-ciCoXh frIBdZ cPdSqu yle__article__paragraph\">\u2013 Aikanaan kun kierrettiin ja olin n\u00e4kyv\u00e4sti raskaana, oli aika kauheaa se huutelu ja palaute, ett\u00e4 ura menee pilalle. Nyth\u00e4n on fantastista, miten ihana asia se on, ett\u00e4 \u00e4itiys kuuluu taiteilijuuteen siin\u00e4 miss\u00e4 mihin tahansa muuhunkin ammattiin.<\/p>\n<p class=\"sc-jYczwO sc-ciCoXh frIBdZ cPdSqu yle__article__paragraph\">2000-luvun alun suosikkiyhtye PMMP:n laulajat Vesala ja <strong class=\"sc-eEHciv kkmMDs yle__article__strong\">Mira Luoti<\/strong> olivat perjantaina <a class=\"sc-jDJeIs gotUgl yle__article__link\" href=\"https:\/\/areena.yle.fi\/1-72625162\" role=\"link\" rel=\"nofollow noopener\" target=\"_blank\">Ylen aamussa<\/a> keskustelemassa lauantaina ensi-iltansa saavasta PMMP keikalla: Ei en\u00e4\u00e4 ikin\u00e4 &#8211;<a class=\"sc-jDJeIs gotUgl yle__article__link\" href=\"https:\/\/areena.yle.fi\/1-74457200\" role=\"link\" rel=\"nofollow noopener\" target=\"_blank\">dokumenttielokuvasta<\/a>.<\/p>\n<p class=\"sc-jYczwO sc-ciCoXh frIBdZ cPdSqu yle__article__paragraph\">Se on noussut otsikoihin jo ennen julkaisua etenkin siksi, ett\u00e4 Luoti kertoo dokumentissa <a class=\"sc-jDJeIs gotUgl yle__article__link\" href=\"https:\/\/yle.fi\/a\/74-20175228\" role=\"link\" rel=\"nofollow noopener\" target=\"_blank\">joutuneensa seksuaalisen v\u00e4kivallan uhriksi<\/a> tv-ohjelman kuvauksissa.<\/p>\n<p class=\"sc-jYczwO sc-ciCoXh frIBdZ cPdSqu yle__article__paragraph\">Ylen aamun keskustelussa Vesala ja Luoti kertoivat, kuinka he oppivat vuosien varrella tukemaan ja puolustamaan toisiaan h\u00e4irint\u00e4\u00e4 vastaan.<\/p>\n<p class=\"sc-jYczwO sc-ciCoXh frIBdZ cPdSqu yle__article__paragraph\">\u2013 My\u00f6s teknikot ja b\u00e4ndil\u00e4iset katsoivat, kun siirryimme vaikka esiintymispaikasta majoitukseen, eli aina saateltiin. Muistelimme, ett\u00e4 vitsit sent\u00e4\u00e4n, se oli sellainen presetti, ett\u00e4 aina joku katsoo, Vesala sanoo.<\/p>\n<p>Vakavasti ottamista piti vaatia<\/p>\n<p class=\"sc-jYczwO sc-ciCoXh frIBdZ cPdSqu yle__article__paragraph\">Dokumenttielokuvassa n\u00e4hd\u00e4\u00e4n esimerkiksi kohtaus, jossa Vesala ja Luoti lukevat vanhoja lehtiartikkeleita, joissa Rusketusraidat-kappaletta kuvaillaan \u201dsopivaksi taustamusiikiksi bimbojen suurena vuotena\u201d.<\/p>\n<p class=\"sc-jYczwO sc-ciCoXh frIBdZ cPdSqu yle__article__paragraph\">He my\u00f6s kuvailevat uransa alkuvuosia \u201dl\u00e4\u00e4ppivien ja m\u00e4\u00e4r\u00e4ilevien setien\u201d ajaksi, jona tytt\u00f6jen asema oli naurettava.<\/p>\n<p class=\"sc-jYczwO sc-ciCoXh frIBdZ cPdSqu yle__article__paragraph\">Vesala kertoo seuranneensa ilahtuneena, ett\u00e4 musiikkialalla on nyky\u00e4\u00e4n enemm\u00e4n naisia.<\/p>\n<p class=\"sc-jYczwO sc-ciCoXh frIBdZ cPdSqu yle__article__paragraph\">\u2013 Naisartistien esiinmarssihan on ollut ilmi\u00f6 suorastaan, sek\u00e4 se, ett\u00e4 biisien kirjoittajina, tekstitt\u00e4jin\u00e4 ja tuottajina on enemm\u00e4n naisia.<\/p>\n<p class=\"sc-jYczwO sc-ciCoXh frIBdZ cPdSqu yle__article__paragraph\">Samalla h\u00e4n on huomannut, ett\u00e4 moni jo pidemp\u00e4\u00e4n alalla ollut on muistellut aikaa 1990- ja 2000-luvuilla.<\/p>\n<p class=\"sc-jYczwO sc-ciCoXh frIBdZ cPdSqu yle__article__paragraph\">\u2013 Se on ollut se todellisuus, miss\u00e4 olemme el\u00e4neet, kaikki muutkin yhdess\u00e4.<\/p>\n<p class=\"sc-jYczwO sc-ciCoXh frIBdZ cPdSqu yle__article__paragraph\">He kertovat sen olleen pitk\u00e4j\u00e4nteisen ty\u00f6n tulosta, ett\u00e4 PMMP alettiin ottaa esimerkiksi mediassa vakavasti.<\/p>\n<p class=\"sc-jYczwO sc-ciCoXh frIBdZ cPdSqu yle__article__paragraph\">\u2013 Ihan ensiksi pakotimme esimerkiksi toimittajan kuuntelemaan levy\u00e4, jos h\u00e4n ei ollut sit\u00e4 kuunnellut ennen haastattelua, Vesala kertoo.<\/p>\n<p class=\"sc-jYczwO sc-ciCoXh frIBdZ cPdSqu yle__article__paragraph\">Luoti t\u00e4ydent\u00e4\u00e4, ett\u00e4 he kantoivat mukanaan CD-levy\u00e4 ja kuulokkeita. Usko omaan tekemiseen oli vahvaa.<\/p>\n<p class=\"sc-jYczwO sc-ciCoXh frIBdZ cPdSqu yle__article__paragraph\">\u2013 Sanoimme, ett\u00e4 ole hyv\u00e4 ja kuuntele, palaamme tunnin kuluttua.<\/p>\n<p class=\"sc-jYczwO sc-ciCoXh frIBdZ cPdSqu yle__article__paragraph\">Ajan saatossa PMMP:st\u00e4 muodostui yksi Suomen rakastetummista yhtyeist\u00e4, joka <a class=\"sc-jDJeIs gotUgl yle__article__link\" href=\"https:\/\/yle.fi\/a\/74-20106994\" role=\"link\" rel=\"nofollow noopener\" target=\"_blank\">esiintyi paluukeikoilla viime vuonna<\/a>. Yleis\u00f6ss\u00e4 n\u00e4kyi etenkin nuoria naisia.<\/p>\n<p class=\"sc-jYczwO sc-ciCoXh frIBdZ cPdSqu yle__article__paragraph\">Vaikka Vesala ja Luoti eiv\u00e4t suoranaisesti ajattele itse\u00e4\u00e4n esikuvina, he pit\u00e4v\u00e4t liikuttavana, ett\u00e4 heid\u00e4n musiikkinsa ja esiintymisens\u00e4 puhuttelee vuosikymmenest\u00e4 toiseen.<\/p>\n<p class=\"sc-jYczwO sc-ciCoXh frIBdZ cPdSqu yle__article__paragraph\">\u2013 Tosi koskettavaa. Meid\u00e4n v\u00e4lille tuli turvallinen yhteys n\u00e4iden nuorten kanssa, Luoti summaa.<\/p>\n<p class=\"sc-jYczwO sc-ciCoXh frIBdZ cPdSqu yle__article__paragraph\"><strong class=\"sc-eEHciv kkmMDs yle__article__strong\">T\u00e4lt\u00e4 n\u00e4ytt\u00e4\u00e4 PMMP keikalla: Ei en\u00e4\u00e4 ikin\u00e4 -dokumenttielokuvan traileri:<\/strong><\/p>\n<p>Dokumenttielokuva kertoo PMMP:n paluuvuodesta sek\u00e4 siit\u00e4, millaista oli olla nuori naisartisti 2000-luvun Suomessa.<\/p>\n","protected":false},"excerpt":{"rendered":"PMMP-yhtyeen keulahahmot kertovat joutuneensa ty\u00f6skentelem\u00e4\u00e4n aikanaan kovasti, ett\u00e4 heid\u00e4t otettiin tosissaan. Heist\u00e4 kertova dokumenttielokuva julkaistaan lauantaina. Avaa kuvien&hellip;\n","protected":false},"author":2,"featured_media":26223,"comment_status":"","ping_status":"","sticky":false,"template":"","format":"standard","meta":{"footnotes":""},"categories":[136],"tags":[407,137,33,31,30,408,71,108,4800,47,4793,4803,32,109],"class_list":{"0":"post-26222","1":"post","2":"type-post","3":"status-publish","4":"format-standard","5":"has-post-thumbnail","7":"category-julkkikset","8":"tag-celebrities","9":"tag-entertainment","10":"tag-fi","11":"tag-finland","12":"tag-finnish","13":"tag-julkkikset","14":"tag-kotimaa","15":"tag-kulttuuri","16":"tag-mira-luoti","17":"tag-musiikki","18":"tag-paula-vesala","19":"tag-pmmp","20":"tag-suomi","21":"tag-viihde"},"share_on_mastodon":{"url":"","error":""},"_links":{"self":[{"href":"https:\/\/www.europesays.com\/fi\/wp-json\/wp\/v2\/posts\/26222","targetHints":{"allow":["GET"]}}],"collection":[{"href":"https:\/\/www.europesays.com\/fi\/wp-json\/wp\/v2\/posts"}],"about":[{"href":"https:\/\/www.europesays.com\/fi\/wp-json\/wp\/v2\/types\/post"}],"author":[{"embeddable":true,"href":"https:\/\/www.europesays.com\/fi\/wp-json\/wp\/v2\/users\/2"}],"replies":[{"embeddable":true,"href":"https:\/\/www.europesays.com\/fi\/wp-json\/wp\/v2\/comments?post=26222"}],"version-history":[{"count":0,"href":"https:\/\/www.europesays.com\/fi\/wp-json\/wp\/v2\/posts\/26222\/revisions"}],"wp:featuredmedia":[{"embeddable":true,"href":"https:\/\/www.europesays.com\/fi\/wp-json\/wp\/v2\/media\/26223"}],"wp:attachment":[{"href":"https:\/\/www.europesays.com\/fi\/wp-json\/wp\/v2\/media?parent=26222"}],"wp:term":[{"taxonomy":"category","embeddable":true,"href":"https:\/\/www.europesays.com\/fi\/wp-json\/wp\/v2\/categories?post=26222"},{"taxonomy":"post_tag","embeddable":true,"href":"https:\/\/www.europesays.com\/fi\/wp-json\/wp\/v2\/tags?post=26222"}],"curies":[{"name":"wp","href":"https:\/\/api.w.org\/{rel}","templated":true}]}}