{"id":262259,"date":"2026-05-30T07:07:12","date_gmt":"2026-05-30T07:07:12","guid":{"rendered":"https:\/\/www.europesays.com\/fi\/262259\/"},"modified":"2026-05-30T07:07:12","modified_gmt":"2026-05-30T07:07:12","slug":"villegalle-bongattu-kalliossa-jvg-tahden-arkityyli-paljastui","status":"publish","type":"post","link":"https:\/\/www.europesays.com\/fi\/262259\/","title":{"rendered":"VilleGalle bongattu Kalliossa: JVG-t\u00e4hden arkityyli paljastui"},"content":{"rendered":"<p>            Timo Korhonen\n        <\/p>\n<p class=\"subtitle \">Seiskan lukija bongasi rap-artistin Helsingin Kalliossa.<\/p>\n<p class=\"article-content article-content-width !bg-background\">Musiikkiduo JVG:n toinen puolisko, rap-artisti VilleGalle () bongattiin torstaina (28.5.) lounastunnelmissa Helsingin Kalliossa sijaitsevassa Onda-ravintolasta.<\/p>\n<p class=\"font-weight-bold m-font-weight-bold article-content article-content-width !bg-background\">Katso my\u00f6s! JVG:n nopeat vastaukset:<\/p>\n<p>&#8221;Oli niin rahoissaan!&#8221;<\/p>\n<p class=\"article-content article-content-width !bg-background\">Seiskan tarkkasilm\u00e4inen lukija bongasi artistin paistattelemassa aurinkoista kev\u00e4tp\u00e4iv\u00e4\u00e4 ravintolan sis\u00e4tiloissa. VilleGalle istuskeli p\u00f6yd\u00e4ss\u00e4 harmaa collegeasu yll\u00e4\u00e4n, arskat ja l\u00e4ts\u00e4 somasti p\u00f6yd\u00e4lle aseteltuina.<\/p>\n<p class=\"article-content article-content-width !bg-background\"> \u2013 H\u00e4n n\u00e4ytti oikein freesilt\u00e4, silminn\u00e4kij\u00e4 kertoo.<\/p>\n<p>        <a itemprop=\"url\" href=\"https:\/\/www.seiska.fi\/kotimaa\/tassa-on-villegallen-rakas-ensimmainen-yhteiskuva\/1679422\" rel=\"nofollow noopener\" target=\"_blank\"><\/p>\n<p>\nEnsimm\u00e4inen yhteiskuva\n<\/p>\n<p class=\"section-date\">\n        <strong class=\"article-section\" data-section=\"kotimaa\"><br \/>\n            kotimaa<br \/>\n        <\/strong><br \/>\n        21.4.2025 09:37\n    <\/p>\n<p>T\u00e4ss\u00e4 on VilleGallen rakas \u2013 ensimm\u00e4inen yhteiskuva\n    <\/p>\n<p itemprop=\"description\" class=\"subtitle \">\n    Suosikkir\u00e4pp\u00e4ri esitteli kultansa.\n<\/p>\n<p>        <\/a><\/p>\n<p>                <img decoding=\"async\" src=\"https:\/\/www.europesays.com\/fi\/wp-content\/uploads\/2026\/05\/2165666.webp\" width=\"576\" height=\"192\" alt=\"VilleGalle nappasi j\u00e4lkiruoaksi t\u00e4yden kupillisen kahvia.\" loading=\"lazy\" \/>            <\/p>\n<p>\n            VilleGalle nappasi j\u00e4lkiruoaksi t\u00e4yden kupillisen kahvia.<br \/>\n            Lukijan kuva\n        <\/p>\n<p class=\"article-content article-content-width !bg-background\">Mies ei suinkaan ruokaillut yksin, vaan vastap\u00e4\u00e4t\u00e4 istui muuan lounasseuralainen.\u00a0<\/p>\n<p class=\"article-content article-content-width !bg-background\"> \u2013 Kovasti pulisi ruokap\u00f6yd\u00e4ss\u00e4 seuralaisensa kanssa, Seiskalle kerrotaan.\u00a0<\/p>\n<p class=\"article-content article-content-width !bg-background\">Lounaan j\u00e4lkeen miehelle maistui viel\u00e4 j\u00e4lkiruokakahvit.<\/p>\n<p>        <a itemprop=\"url\" href=\"https:\/\/www.seiska.fi\/vain-seiskassa\/tata-ei-nahty-televisiossa-seiska-loysi-villegallen-kesamokin-kuvat\/1333444\" rel=\"nofollow noopener\" target=\"_blank\"><\/p>\n<p>\nVain Seiskassa!\n<\/p>\n<p class=\"section-date\">\n        <strong class=\"article-section\" data-section=\"vain seiskassa\"><br \/>\n            vain seiskassa<br \/>\n        <\/strong><br \/>\n        29.4.2024 07:00\n    <\/p>\n<p>T\u00e4t\u00e4 ei n\u00e4hty televisiossa! Seiska l\u00f6ysi VilleGallen kes\u00e4m\u00f6kin \u2013 kuvat\n    <\/p>\n<p itemprop=\"description\" class=\"subtitle \">\n    Kun kamerat sammuivat, Ville-Gallen tontille nousi pikavauhtia moderni pytinki, jota et televisiossan\u00e4hnyt.\n<\/p>\n<p>        <\/a><\/p>\n<p class=\"article-content article-content-width !bg-background\"> \u2013 Oli niin rahoissaan ja<br \/>\nkahvinhimoissaan, ett\u00e4 osti erikseen euron maksaneen j\u00e4lkk\u00e4rikahvin, joka ei<br \/>\nkuulu lounashintaan, vinkkari huomauttaa.<\/p>\n<p>                <img decoding=\"async\" src=\"https:\/\/www.europesays.com\/fi\/wp-content\/uploads\/2026\/05\/2165695.webp\" width=\"576\" height=\"720\" alt=\"Jare ja VilleGalle ovat Suomi-musiikin top-listojen vakionimi\u00e4.\" loading=\"lazy\" \/>            <\/p>\n<p>\n            Jare ja VilleGalle ovat Suomi-musiikin top-listojen vakionimi\u00e4.<br \/>\n            Timo Korhonen\n        <\/p>\n<p class=\"article-content article-content-width !bg-background\">VilleGalle eli Ville-Petteri Galle on &#8221;soittolistoja jo vuosikymmenen dominoineen&#8221; ikonisen pop-rap-duo JVG:n toinen solisti. 2010-luvulla isosti breikanneet ja VilleGalle ovat edelleen aktiivisia musiikintekij\u00f6it\u00e4 ja keikkailijoita: tulevan kes\u00e4n keikkakalenteriin mahtuu yli 20 show&#8217;ta.<\/p>\n","protected":false},"excerpt":{"rendered":"Timo Korhonen Seiskan lukija bongasi rap-artistin Helsingin Kalliossa. Musiikkiduo JVG:n toinen puolisko, rap-artisti VilleGalle () bongattiin torstaina (28.5.)&hellip;\n","protected":false},"author":2,"featured_media":262260,"comment_status":"","ping_status":"","sticky":false,"template":"","format":"standard","meta":{"footnotes":"","_share_on_mastodon":"0"},"categories":[136],"tags":[407,137,33,31,30,104,408,1766,6690,212,7136,32,109,8646],"class_list":["post-262259","post","type-post","status-publish","format-standard","has-post-thumbnail","category-julkkikset","tag-celebrities","tag-entertainment","tag-fi","tag-finland","tag-finnish","tag-helsinki","tag-julkkikset","tag-jvg","tag-kallio","tag-lifestyle","tag-rap-artisti","tag-suomi","tag-viihde","tag-villegalle"],"share_on_mastodon":{"url":"https:\/\/pubeurope.com\/@fi\/116662268851137086","error":""},"_links":{"self":[{"href":"https:\/\/www.europesays.com\/fi\/wp-json\/wp\/v2\/posts\/262259","targetHints":{"allow":["GET"]}}],"collection":[{"href":"https:\/\/www.europesays.com\/fi\/wp-json\/wp\/v2\/posts"}],"about":[{"href":"https:\/\/www.europesays.com\/fi\/wp-json\/wp\/v2\/types\/post"}],"author":[{"embeddable":true,"href":"https:\/\/www.europesays.com\/fi\/wp-json\/wp\/v2\/users\/2"}],"replies":[{"embeddable":true,"href":"https:\/\/www.europesays.com\/fi\/wp-json\/wp\/v2\/comments?post=262259"}],"version-history":[{"count":0,"href":"https:\/\/www.europesays.com\/fi\/wp-json\/wp\/v2\/posts\/262259\/revisions"}],"wp:featuredmedia":[{"embeddable":true,"href":"https:\/\/www.europesays.com\/fi\/wp-json\/wp\/v2\/media\/262260"}],"wp:attachment":[{"href":"https:\/\/www.europesays.com\/fi\/wp-json\/wp\/v2\/media?parent=262259"}],"wp:term":[{"taxonomy":"category","embeddable":true,"href":"https:\/\/www.europesays.com\/fi\/wp-json\/wp\/v2\/categories?post=262259"},{"taxonomy":"post_tag","embeddable":true,"href":"https:\/\/www.europesays.com\/fi\/wp-json\/wp\/v2\/tags?post=262259"}],"curies":[{"name":"wp","href":"https:\/\/api.w.org\/{rel}","templated":true}]}}