{"id":26226,"date":"2025-09-05T08:30:13","date_gmt":"2025-09-05T08:30:13","guid":{"rendered":"https:\/\/www.europesays.com\/fi\/26226\/"},"modified":"2025-09-05T08:30:13","modified_gmt":"2025-09-05T08:30:13","slug":"seksia-riittaa-mutta-kuolleen-kaluun-kajoavan-nunnan-margot-robbien-uuden-elokuvan-traileri-pitaa-piilossa","status":"publish","type":"post","link":"https:\/\/www.europesays.com\/fi\/26226\/","title":{"rendered":"Seksi\u00e4 riitt\u00e4\u00e4, mutta kuolleen kaluun kajoavan nunnan Margot Robbien uuden elokuvan traileri pit\u00e4\u00e4 piilossa"},"content":{"rendered":"<p>Kuva: \u00a9 Warner Bros. Pictures<\/p>\n<p><strong>Helmikuussa 2026 ensi-iltaan saapuva Wuthering Heights eli Humiseva harju on saanut vihdoinkin ensimm\u00e4isen trailerinsa.<\/strong><\/p>\n<p><a href=\"https:\/\/muropaketti.com\/avainsana\/margot-robbie\/\" rel=\"nofollow noopener\" target=\"_blank\">Margot Robbien<\/a> t\u00e4hditt\u00e4m\u00e4 Wuthering Heightsin koen\u00e4yt\u00f6ksest\u00e4 kantautui julkisuuteen ensimaistiaisia elokuvan sis\u00e4ll\u00f6st\u00e4. Saltburnista tutun ohjaaja Emeral Fennellin kerrottiin sis\u00e4llytt\u00e4neen elokuvaan esimerkiksi kohtauksen, jossa nunna koskettelee ruumiin erektiossa olevaa penist\u00e4.<\/p>\n<blockquote class=\"wp-embedded-content\" data-secret=\"dgFU9MiMof\">\n<p><a href=\"https:\/\/muropaketti.com\/elokuvat\/elokuvauutiset\/nunna-koskettelee-kuolleen-kalua-margot-robbien-uudessa-elokuvassa-eivatka-kohukohtaukset-siihen-jaa\/\" rel=\"nofollow noopener\" target=\"_blank\">Nunna koskettelee kuolleen kalua Margot Robbien uudessa elokuvassa \u2013 eiv\u00e4tk\u00e4 kohukohtaukset siihen j\u00e4\u00e4<\/a><\/p>\n<\/blockquote>\n<p>Ei-nyt-niin-kovin-yll\u00e4tt\u00e4en kyseinen kohtaus ei ole mukana Wuthering Heightsin ensimm\u00e4isess\u00e4 trailerissa, jonka voi katsoa alta. Ilman nunnakohtaustakin mainos on sangen provokatiivinen ja jopa seksuaalisesti virittynyt.<\/p>\n<p>Margot Robbien lis\u00e4ksi Emily Bront\u00ebn klassikkoromaanin filmatisointia t\u00e4hditt\u00e4v\u00e4t Jacob Elordi, Hong Chau, Shazad Latif, Alison Oliver, Martin Clunes ja Ewan Mitchell.<\/p>\n<p>Warner Bros. Pictures julkaisee Humisevan harjun 13. helmikuuta 2026. Suomen ensi-illan ajankohtaa ei ole viel\u00e4 vahvistettu.<\/p>\n","protected":false},"excerpt":{"rendered":"Kuva: \u00a9 Warner Bros. Pictures Helmikuussa 2026 ensi-iltaan saapuva Wuthering Heights eli Humiseva harju on saanut vihdoinkin ensimm\u00e4isen&hellip;\n","protected":false},"author":2,"featured_media":26227,"comment_status":"","ping_status":"","sticky":false,"template":"","format":"standard","meta":{"footnotes":""},"categories":[131],"tags":[155,2873,773,137,33,173,31,30,774,775,172,32,109,776],"class_list":{"0":"post-26226","1":"post","2":"type-post","3":"status-publish","4":"format-standard","5":"has-post-thumbnail","7":"category-elokuvat","8":"tag-elokuvat","9":"tag-elokuvatrailerit","10":"tag-emerald-fennell","11":"tag-entertainment","12":"tag-fi","13":"tag-film","14":"tag-finland","15":"tag-finnish","16":"tag-jacob-elordi","17":"tag-margot-robbie","18":"tag-movies","19":"tag-suomi","20":"tag-viihde","21":"tag-wuthering-heights"},"share_on_mastodon":{"url":"","error":""},"_links":{"self":[{"href":"https:\/\/www.europesays.com\/fi\/wp-json\/wp\/v2\/posts\/26226","targetHints":{"allow":["GET"]}}],"collection":[{"href":"https:\/\/www.europesays.com\/fi\/wp-json\/wp\/v2\/posts"}],"about":[{"href":"https:\/\/www.europesays.com\/fi\/wp-json\/wp\/v2\/types\/post"}],"author":[{"embeddable":true,"href":"https:\/\/www.europesays.com\/fi\/wp-json\/wp\/v2\/users\/2"}],"replies":[{"embeddable":true,"href":"https:\/\/www.europesays.com\/fi\/wp-json\/wp\/v2\/comments?post=26226"}],"version-history":[{"count":0,"href":"https:\/\/www.europesays.com\/fi\/wp-json\/wp\/v2\/posts\/26226\/revisions"}],"wp:featuredmedia":[{"embeddable":true,"href":"https:\/\/www.europesays.com\/fi\/wp-json\/wp\/v2\/media\/26227"}],"wp:attachment":[{"href":"https:\/\/www.europesays.com\/fi\/wp-json\/wp\/v2\/media?parent=26226"}],"wp:term":[{"taxonomy":"category","embeddable":true,"href":"https:\/\/www.europesays.com\/fi\/wp-json\/wp\/v2\/categories?post=26226"},{"taxonomy":"post_tag","embeddable":true,"href":"https:\/\/www.europesays.com\/fi\/wp-json\/wp\/v2\/tags?post=26226"}],"curies":[{"name":"wp","href":"https:\/\/api.w.org\/{rel}","templated":true}]}}