{"id":26238,"date":"2025-09-05T08:39:07","date_gmt":"2025-09-05T08:39:07","guid":{"rendered":"https:\/\/www.europesays.com\/fi\/26238\/"},"modified":"2025-09-05T08:39:07","modified_gmt":"2025-09-05T08:39:07","slug":"arkkitehti-remontoi-asuntoja-ilman-lupia-ympari-suomea-asumiskiellot-yllattivat-vuokralaiset-kotimaa","status":"publish","type":"post","link":"https:\/\/www.europesays.com\/fi\/26238\/","title":{"rendered":"Arkkitehti remontoi asuntoja ilman lupia ymp\u00e4ri Suomea \u2013 asumiskiellot yll\u00e4ttiv\u00e4t vuokralaiset | Kotimaa"},"content":{"rendered":"<p>Pedro Aib\u00e9o<\/p>\n<p class=\"sc-jYczwO sc-ciCoXh frIBdZ cPdSqu yle__article__paragraph\">Portugalilaissyntyinen arkkitehti, diplomi-insin\u00f6\u00f6ri<\/p>\n<p class=\"sc-jYczwO sc-ciCoXh frIBdZ cPdSqu yle__article__paragraph\">Gamified Cohousingin perustaja ja toimitusjohtaja<\/p>\n<p class=\"sc-jYczwO sc-ciCoXh frIBdZ cPdSqu yle__article__paragraph\">Toiminut kuntapolitiikassa Lohjalla (Meid\u00e4n Lohja)<\/p>\n<p class=\"sc-jYczwO sc-ciCoXh frIBdZ cPdSqu yle__article__paragraph\">Toimi nelj\u00e4 vuotta Lohjan kaupunkisuunnitteluosaston varaj\u00e4senen\u00e4<\/p>\n<p class=\"sc-jYczwO sc-ciCoXh frIBdZ cPdSqu yle__article__paragraph\">Suunnitellut kymmeni\u00e4 rakennuksia eri maissa<\/p>\n<p class=\"sc-jYczwO sc-ciCoXh frIBdZ cPdSqu yle__article__paragraph\">Gamified Cohousing on New European Bauhaus -palkinnon finalisti 2025<\/p>\n","protected":false},"excerpt":{"rendered":"Pedro Aib\u00e9o Portugalilaissyntyinen arkkitehti, diplomi-insin\u00f6\u00f6ri Gamified Cohousingin perustaja ja toimitusjohtaja Toiminut kuntapolitiikassa Lohjalla (Meid\u00e4n Lohja) Toimi nelj\u00e4 vuotta&hellip;\n","protected":false},"author":2,"featured_media":26239,"comment_status":"","ping_status":"","sticky":false,"template":"","format":"standard","meta":{"footnotes":""},"categories":[5],"tags":[542,22,23,1302,26,27,33,31,30,17,949,71,8320,1446,24,25,481,28,29,15,18,952,21,8322,8321,5329,32,19,20,16],"class_list":{"0":"post-26238","1":"post","2":"type-post","3":"status-publish","4":"format-standard","5":"has-post-thumbnail","7":"category-otsikot","8":"tag-asuminen","9":"tag-breaking-news","10":"tag-breakingnews","11":"tag-etela-karjala","12":"tag-featured-news","13":"tag-featurednews","14":"tag-fi","15":"tag-finland","16":"tag-finnish","17":"tag-headlines","18":"tag-kajaani","19":"tag-kotimaa","20":"tag-koulurakennukset","21":"tag-lappeenranta","22":"tag-latest-news","23":"tag-latestnews","24":"tag-lohja","25":"tag-main-news","26":"tag-mainnews","27":"tag-news","28":"tag-otsikot","29":"tag-oulu","30":"tag-paauutiset","31":"tag-rakennuslupahakemukset","32":"tag-rakennusluvat","33":"tag-rakennusvalvonta","34":"tag-suomi","35":"tag-top-stories","36":"tag-topstories","37":"tag-uutiset"},"share_on_mastodon":{"url":"","error":""},"_links":{"self":[{"href":"https:\/\/www.europesays.com\/fi\/wp-json\/wp\/v2\/posts\/26238","targetHints":{"allow":["GET"]}}],"collection":[{"href":"https:\/\/www.europesays.com\/fi\/wp-json\/wp\/v2\/posts"}],"about":[{"href":"https:\/\/www.europesays.com\/fi\/wp-json\/wp\/v2\/types\/post"}],"author":[{"embeddable":true,"href":"https:\/\/www.europesays.com\/fi\/wp-json\/wp\/v2\/users\/2"}],"replies":[{"embeddable":true,"href":"https:\/\/www.europesays.com\/fi\/wp-json\/wp\/v2\/comments?post=26238"}],"version-history":[{"count":0,"href":"https:\/\/www.europesays.com\/fi\/wp-json\/wp\/v2\/posts\/26238\/revisions"}],"wp:featuredmedia":[{"embeddable":true,"href":"https:\/\/www.europesays.com\/fi\/wp-json\/wp\/v2\/media\/26239"}],"wp:attachment":[{"href":"https:\/\/www.europesays.com\/fi\/wp-json\/wp\/v2\/media?parent=26238"}],"wp:term":[{"taxonomy":"category","embeddable":true,"href":"https:\/\/www.europesays.com\/fi\/wp-json\/wp\/v2\/categories?post=26238"},{"taxonomy":"post_tag","embeddable":true,"href":"https:\/\/www.europesays.com\/fi\/wp-json\/wp\/v2\/tags?post=26238"}],"curies":[{"name":"wp","href":"https:\/\/api.w.org\/{rel}","templated":true}]}}