{"id":2624,"date":"2025-08-12T03:51:08","date_gmt":"2025-08-12T03:51:08","guid":{"rendered":"https:\/\/www.europesays.com\/fi\/2624\/"},"modified":"2025-08-12T03:51:08","modified_gmt":"2025-08-12T03:51:08","slug":"nyt-netflixissa-nayttelijatar-joutui-suostumaan-supersankarileffaan-mutta-kritisoi-sita-rajusti-sen-jalkeen","status":"publish","type":"post","link":"https:\/\/www.europesays.com\/fi\/2624\/","title":{"rendered":"Nyt Netflixiss\u00e4: N\u00e4yttelij\u00e4t\u00e4r joutui suostumaan supersankarileffaan \u2013 mutta kritisoi sit\u00e4 rajusti sen j\u00e4lkeen"},"content":{"rendered":"<p>Netflixiss\u00e4 on nyt katsottavissa v\u00e4hemm\u00e4n onnistunut supersankarielokuva Elektra (2005).<\/p>\n<p>Tarina seuraa Elektran matkaa maailman pel\u00e4tyimm\u00e4ksi palkkamurhaajaksi. Viimeisen teht\u00e4v\u00e4ns\u00e4 my\u00f6t\u00e4 h\u00e4n joutuu tekem\u00e4\u00e4n ratkaisun, joka joko muuttaa h\u00e4nen el\u00e4m\u00e4ns\u00e4 suunnan tai tuhoaa h\u00e4net lopullisesti.<\/p>\n<p>Ohjauksesta vastaa <strong>Rob Bowman<\/strong>. N\u00e4yttelij\u00f6in\u00e4 <strong>Jennifer Garner<\/strong>, <strong>Goran Visnjic<\/strong>, <strong>Will Yun Lee<\/strong>, <strong>Cary-Hiroyuki Tagawa<\/strong> sek\u00e4 <strong>Terence Stamp<\/strong>.<\/p>\n<p>Garner ei alun perin halunnut osallistua elokuvan tekoon, mutta se kuului h\u00e4nen tekem\u00e4\u00e4ns\u00e4 Daredevil-sopimukseen. Garner jopa kertoi toimittajille, ett\u00e4 Elektra oli kamala elokuva.<\/p>\n<p>Kuvauksetkaan eiv\u00e4t olleet kovin herkkua ainakaan paikoin. Miekkataistelua kuvatessaan <strong>Will Yun Lee <\/strong>haavoitti Garneria vahingossa rystysiin. Kyn rystyset saatiin paikattua, Lee haavoitti h\u00e4nt\u00e4 uudelleen t\u00e4sm\u00e4lleen samaan paikkaan.<\/p>\n<p>Elokuvan kriitikkomittari Rotten Tomatoesissa on surkeassa luvussa 11. Alla traileri.<\/p>\n<p>Lue my\u00f6s: <a href=\"https:\/\/www.episodi.fi\/uutiset\/nyt-netflixissa-paluu-tulevaisuuteen-ohjaajan-jannitysta-tihkuva-leffa-keskeisena-elementtina-tuhoutuneet-wtc-tornit\/\" title=\"Nyt Netflixiss\u00e4: Paluu tulevaisuuteen -ohjaajan j\u00e4nnityst\u00e4 tihkuva leffa \u2013 keskeisen\u00e4 elementtin\u00e4 tuhoutuneet WTC-tornit\" class=\"underline-custom !font-montserrat !font-bold !underline-offset-4 !decoration-4 !decoration-episodi-blue !text-md\" rel=\"nofollow noopener\" target=\"_blank\">Nyt Netflixiss\u00e4: Paluu tulevaisuuteen -ohjaajan j\u00e4nnityst\u00e4 tihkuva leffa \u2013 keskeisen\u00e4 elementtin\u00e4 tuhoutuneet WTC-tornit<\/a><\/p>\n<p>Lue my\u00f6s: <a href=\"https:\/\/www.episodi.fi\/uutiset\/nyt-netflixissa-tassa-on-vahan-tavallista-hauskempi-komedia-paul-rudd-ei-pystynyt-pidattelemaan-naurua-ja-housut-kastuivat\/\" title=\"Nyt Netflixiss\u00e4: T\u00e4ss\u00e4 on v\u00e4h\u00e4n tavallista hauskempi komedia \u2013 Paul Rudd ei pystynyt pid\u00e4ttelem\u00e4\u00e4n naurua ja housut kastuivat\" class=\"underline-custom !font-montserrat !font-bold !underline-offset-4 !decoration-4 !decoration-episodi-blue !text-md\" rel=\"nofollow noopener\" target=\"_blank\">Nyt Netflixiss\u00e4: T\u00e4ss\u00e4 on v\u00e4h\u00e4n tavallista hauskempi komedia \u2013 Paul Rudd ei pystynyt pid\u00e4ttelem\u00e4\u00e4n naurua ja housut kastuivat<\/a><\/p>\n<p>Lue my\u00f6s: <a href=\"https:\/\/www.episodi.fi\/uutiset\/nyt-netflixissa-dokumentti-kertoo-antwerpenin-timanttikeskuksen-ryostosta-oli-yksi-historian-suurimpia\/\" title=\"Nyt Netflixiss\u00e4: Dokumentti kertoo Antwerpenin timanttikeskuksen ry\u00f6st\u00f6st\u00e4 \u2013 oli yksi historian suurimpia\" class=\"underline-custom !font-montserrat !font-bold !underline-offset-4 !decoration-4 !decoration-episodi-blue !text-md\" rel=\"nofollow noopener\" target=\"_blank\">Nyt Netflixiss\u00e4: Dokumentti kertoo Antwerpenin timanttikeskuksen ry\u00f6st\u00f6st\u00e4 \u2013 oli yksi historian suurimpia<\/a><\/p>\n<p>Lue my\u00f6s: <a href=\"https:\/\/www.episodi.fi\/uutiset\/charlize-theron-on-nyt-50-vuotias-talta-upea-tahti-nayttaa-nykyaan\/\" title=\"Charlize Theron on nyt 50-vuotias! T\u00e4lt\u00e4 upea t\u00e4hti n\u00e4ytt\u00e4\u00e4 nyky\u00e4\u00e4n\" class=\"underline-custom !font-montserrat !font-bold !underline-offset-4 !decoration-4 !decoration-episodi-blue !text-md\" rel=\"nofollow noopener\" target=\"_blank\">Charlize Theron on nyt 50-vuotias! T\u00e4lt\u00e4 upea t\u00e4hti n\u00e4ytt\u00e4\u00e4 nyky\u00e4\u00e4n<\/a><\/p>\n<p><img loading=\"lazy\" decoding=\"async\" alt=\"YouTube video\" width=\"480\" height=\"360\" data-pin-nopin=\"true\" nopin=\"nopin\" class=\"perfmatters-lazy\" src=\"https:\/\/www.europesays.com\/fi\/wp-content\/uploads\/2025\/08\/1754970668_941_hqdefault.jpg\"\/><\/p>\n<p>L\u00e4hde: <a href=\"https:\/\/www.imdb.com\/title\/tt0357277\/trivia\/?ref_=tt_trv_trv\" target=\"_blank\" rel=\"noreferrer noopener nofollow\">IMDb<\/a><\/p>\n<p>Lue my\u00f6s: <a href=\"https:\/\/www.episodi.fi\/uutiskirje\" title=\"Tilaa Episodin uutiskirje ja tied\u00e4t mit\u00e4 katsoa! Nappaa tv-vinkit suoraan s\u00e4hk\u00f6postiin t\u00e4st\u00e4.\" class=\"underline-custom !font-montserrat !font-bold !underline-offset-4 !decoration-4 !decoration-episodi-blue !text-md\" rel=\"nofollow noopener\" target=\"_blank\">Tilaa Episodin uutiskirje ja tied\u00e4t mit\u00e4 katsoa! Nappaa katseluvinkit suoraan s\u00e4hk\u00f6postiin t\u00e4st\u00e4.<\/a><\/p>\n","protected":false},"excerpt":{"rendered":"Netflixiss\u00e4 on nyt katsottavissa v\u00e4hemm\u00e4n onnistunut supersankarielokuva Elektra (2005). Tarina seuraa Elektran matkaa maailman pel\u00e4tyimm\u00e4ksi palkkamurhaajaksi. Viimeisen teht\u00e4v\u00e4ns\u00e4&hellip;\n","protected":false},"author":2,"featured_media":2625,"comment_status":"","ping_status":"","sticky":false,"template":"","format":"standard","meta":{"footnotes":""},"categories":[130],"tags":[137,33,31,30,217,32,109],"class_list":{"0":"post-2624","1":"post","2":"type-post","3":"status-publish","4":"format-standard","5":"has-post-thumbnail","7":"category-viihde","8":"tag-entertainment","9":"tag-fi","10":"tag-finland","11":"tag-finnish","12":"tag-netflix","13":"tag-suomi","14":"tag-viihde"},"share_on_mastodon":{"url":"","error":""},"_links":{"self":[{"href":"https:\/\/www.europesays.com\/fi\/wp-json\/wp\/v2\/posts\/2624","targetHints":{"allow":["GET"]}}],"collection":[{"href":"https:\/\/www.europesays.com\/fi\/wp-json\/wp\/v2\/posts"}],"about":[{"href":"https:\/\/www.europesays.com\/fi\/wp-json\/wp\/v2\/types\/post"}],"author":[{"embeddable":true,"href":"https:\/\/www.europesays.com\/fi\/wp-json\/wp\/v2\/users\/2"}],"replies":[{"embeddable":true,"href":"https:\/\/www.europesays.com\/fi\/wp-json\/wp\/v2\/comments?post=2624"}],"version-history":[{"count":0,"href":"https:\/\/www.europesays.com\/fi\/wp-json\/wp\/v2\/posts\/2624\/revisions"}],"wp:featuredmedia":[{"embeddable":true,"href":"https:\/\/www.europesays.com\/fi\/wp-json\/wp\/v2\/media\/2625"}],"wp:attachment":[{"href":"https:\/\/www.europesays.com\/fi\/wp-json\/wp\/v2\/media?parent=2624"}],"wp:term":[{"taxonomy":"category","embeddable":true,"href":"https:\/\/www.europesays.com\/fi\/wp-json\/wp\/v2\/categories?post=2624"},{"taxonomy":"post_tag","embeddable":true,"href":"https:\/\/www.europesays.com\/fi\/wp-json\/wp\/v2\/tags?post=2624"}],"curies":[{"name":"wp","href":"https:\/\/api.w.org\/{rel}","templated":true}]}}