{"id":26242,"date":"2025-09-05T08:51:09","date_gmt":"2025-09-05T08:51:09","guid":{"rendered":"https:\/\/www.europesays.com\/fi\/26242\/"},"modified":"2025-09-05T08:51:09","modified_gmt":"2025-09-05T08:51:09","slug":"kape-aihinen-pamauttaa-suorat-sanat-nyt-on-pakko","status":"publish","type":"post","link":"https:\/\/www.europesays.com\/fi\/26242\/","title":{"rendered":"Kape Aihinen pamauttaa suorat sanat: \u201dNyt on pakko\u201d"},"content":{"rendered":"<p>            Timo Korhonen\n        <\/p>\n<p class=\"subtitle \">Julkkiskokki lataa h\u00e4peilem\u00e4tt\u00f6m\u00e4n mielipiteens\u00e4 Seiskan haastattelussa.<\/p>\n<p class=\"article-content article-content-width !bg-background\">Suomen Turussa syntyi kev\u00e4\u00e4ll\u00e4 1972 poikalapsi, josta kansa tulisi viel\u00e4 my\u00f6hemmin kuulemaan.<\/p>\n<p class=\"font-weight-bold m-font-weight-bold article-content article-content-width !bg-background\">Videolla Kape &amp; pelip\u00e4iv\u00e4n pasta:<\/p>\n<p class=\"article-content article-content-width !bg-background\">Tuolloin elettiin l\u00e4hi\u00f6rakentamisen kulta-aikaa. Ajanjaksoa, jolloin betonielementtitaloja kohosi keskustojen kupeeseen kuin sieni\u00e4 sateella.<\/p>\n<p class=\"article-content article-content-width !bg-background\">N\u00e4in k\u00e4vi my\u00f6s Turussa. Vanhan p\u00e4\u00e4kaupungin pohjoispuolelle pystytettiin 1960- ja -70-lukujen vaihteessa my\u00f6s muuan Hepokullan l\u00e4hi\u00f6.<\/p>\n<p>        <a itemprop=\"url\" href=\"https:\/\/www.seiska.fi\/kotimaa\/kozeen-shiwan-jattikohun-keskella-julkkiskokeilta-suorat-sanat-aika-helvetin\/1914347\" rel=\"nofollow noopener\" target=\"_blank\"><\/p>\n<p>\nKozeen Shiwanin j\u00e4ttikohu\n<\/p>\n<p class=\"section-date\">\n        <strong class=\"article-section\" data-section=\"kotimaa\"><br \/>\n            kotimaa<br \/>\n        <\/strong><br \/>\n        29.8. 09:32\n    <\/p>\n<p>    Kozeen Shiwan j\u00e4ttikohun keskell\u00e4 \u2013 julkkiskokeilta suorat sanat: \u201dAika helvetin\u2026\u201d<\/p>\n<p itemprop=\"description\" class=\"subtitle \">\n    Kape Aihinen, Akseli Herlevi ja Sirly Yll\u00e4sj\u00e4rvi sivaltavat mielipiteens\u00e4 Seiskalle.\n<\/p>\n<p>        <\/a><\/p>\n<p class=\"article-content article-content-width !bg-background\">\u2013 Pit\u00e4\u00e4 paikkansa, toukokuussa 1972 syntynyt ravintoloitsija  \u201d\u201d , 53, sanoo Seiskalle.<\/p>\n<p class=\"article-content article-content-width !bg-background\">\u2013 Vaiks m\u00e4 olen asunut jo pidemp\u00e4\u00e4n p\u00e4\u00e4kaupunkiseudulla, niin kyll\u00e4 m\u00e4 olen ikuisesti Hepokullan poikia!<\/p>\n<p>\n            Vaiks mun pojat pelaa Hifkiss\u00e4 ja Kiekko-Espoossa, niin&#8230;\n            <\/p>\n<p>                <img decoding=\"async\" src=\"https:\/\/www.europesays.com\/fi\/wp-content\/uploads\/2025\/09\/1917344.webp\" width=\"576\" height=\"615\" alt=\"Turkulaisl\u00e4ht\u00f6inen keitti\u00f6velho Kari 'Kape' Aihinen on kivenkova TPS-fani.\" loading=\"lazy\" \/>            <\/p>\n<p>\n            Turkulaisl\u00e4ht\u00f6inen keitti\u00f6velho Kari &#8221;Kape&#8221; Aihinen on kivenkova TPS-fani.<br \/>\n            Timo Korhonen\n        <\/p>\n<p>Henkeen ja vereen<\/p>\n<p class=\"article-content article-content-width !bg-background\">Mies voi l\u00e4hte\u00e4 Turusta, muttei Turku miehest\u00e4. T\u00e4m\u00e4 p\u00e4tee my\u00f6s julkkiskokki Kapeen, joka ei ole koskaan l\u00e4htenyt vaihtamaan lempijoukkuettaan.<\/p>\n<p>        <a itemprop=\"url\" href=\"https:\/\/www.seiska.fi\/kotimaa\/jestas-sentaan-kuvankaunis-suomalaiskokki-paljastaa-huimia-suunnitelmia\/1913868\" rel=\"nofollow noopener\" target=\"_blank\"><\/p>\n<p>\nKuvankaunis suomalaiskokki:\n<\/p>\n<p class=\"section-date\">\n        <strong class=\"article-section\" data-section=\"kotimaa\"><br \/>\n            kotimaa<br \/>\n        <\/strong><br \/>\n        30.8. 16:00\n    <\/p>\n<p>    Jestas sent\u00e4\u00e4n! Kuvankaunis suomalaiskokki paljastaa: huimia suunnitelmia<\/p>\n<p itemprop=\"description\" class=\"subtitle \">\n    Lapin lentokentill\u00e4 sattuu ja tapahtuu. Seuraavaksi pukkaa saunamaailmaa.\n<\/p>\n<p>        <\/a><\/p>\n<p class=\"article-content article-content-width !bg-background\">Kovana kiekkomiehen\u00e4 tunnettu ravintoloitsija on aina ja ikuisesti Turun Palloseuran miehi\u00e4.<\/p>\n<p>\n            Ei se uskonto siit\u00e4 mihink\u00e4\u00e4n muutu.\n            <\/p>\n<p class=\"article-content article-content-width !bg-background\">\u2013 Se on just n\u00e4in. Vaiks mun pojat pelaa Hifkiss\u00e4 ja Kiekko-Espoossa, niin olen tepsil\u00e4inen henkeen ja vereen. Ei se uskonto siit\u00e4 mihink\u00e4\u00e4n muutu.<\/p>\n<p>\u201dPakko sanoa\u2026\u201d<\/p>\n<p class=\"article-content article-content-width !bg-background\">TPS on maamme perinteikk\u00e4impi\u00e4 ja menestyneimpi\u00e4 kiekkoseuroja. Siihen n\u00e4hden sen viime vuosien suoritukset ovat l\u00e4hes h\u00e4pe\u00e4llisi\u00e4.<\/p>\n<p class=\"article-content article-content-width !bg-background\">Suuri ja mahtava Tepsi on alisuorittanut rajusti resursseihinsa n\u00e4hden. Nyt ny\u00f6ri\u00e4 on jouduttu kirist\u00e4m\u00e4\u00e4n Artukaisen pellollakin, jossa seura pit\u00e4\u00e4 majaansa.<\/p>\n<p>\n            Hyvin mielenkiintoista n\u00e4hd\u00e4, mihin suuntaan laiva l\u00e4htee seilaamaan.\n            <\/p>\n<p class=\"article-content article-content-width !bg-background\">Silti tunnelmat Turussa ovat varovaisen odottavat uuden liigakauden kynnyksell\u00e4.<\/p>\n<p class=\"article-content article-content-width !bg-background\">\u2013 Nyt on pakko sanoa, ett\u00e4 on kutkuttava olo. Hyvin mielenkiintoista n\u00e4hd\u00e4, mihin suuntaan laiva l\u00e4htee seilaamaan herra S\u00f6derholmin per\u00e4simess\u00e4, Kape tuumii.<\/p>\n<p>                <img decoding=\"async\" src=\"https:\/\/www.europesays.com\/fi\/wp-content\/uploads\/2025\/09\/1917352.webp\" width=\"576\" height=\"322\" alt=\"TPS:n uusi p\u00e4\u00e4valmentaja Toni S\u00f6derholm on koutsannut aiemmin Saksan l\u00e4tk\u00e4maajoukkuetta.\" loading=\"lazy\" \/>            <\/p>\n<p>\n            TPS:n uusi p\u00e4\u00e4valmentaja Toni S\u00f6derholm on koutsannut aiemmin Saksan l\u00e4tk\u00e4maajoukkuetta.<br \/>\n            Kimmo Brandt \/ AOP\n        <\/p>\n<p>Maalivahdin isk\u00e4<\/p>\n<p class=\"article-content article-content-width !bg-background\">TPS:n uusi p\u00e4\u00e4valmentaja  on kovassa nosteessa. Saksan maajoukkuettakin koutsannut \u201dS\u00f6de\u201d vaatii pelaajiltaan paljon.<\/p>\n<p>        <a itemprop=\"url\" href=\"https:\/\/www.seiska.fi\/urheilu\/suomalainen-nhl-miljonaari-avoimena-rahasta-hylkasi-hyvasta-syysta-lamborghinin\/1912860\" rel=\"nofollow noopener\" target=\"_blank\"><\/p>\n<p>\nSuomalaismiljon\u00e4\u00e4ri Seiskalle:\n<\/p>\n<p class=\"section-date\">\n        <strong class=\"article-section\" data-section=\"urheilu\"><br \/>\n            urheilu<br \/>\n        <\/strong><br \/>\n        1.9. 07:30\n    <\/p>\n<p>    Suomalainen NHL-miljon\u00e4\u00e4ri avoimena rahasta \u2013 hylk\u00e4si hyv\u00e4st\u00e4 syyst\u00e4 Lamborghinin<\/p>\n<p itemprop=\"description\" class=\"subtitle \">\n    Erik Haula on tienannut t\u00e4h\u00e4nastisella NHL-urallaan l\u00e4hes 30 miljoonaa Yhdysvaltain dollaria.\n<\/p>\n<p>        <\/a><\/p>\n<p class=\"article-content article-content-width !bg-background\">\u2013 Mestaruudet voitetaan hyv\u00e4ll\u00e4 valmennuksella ja maalivahtipelill\u00e4. Veskarin is\u00e4n\u00e4 tied\u00e4n, miten iso merkitys etenkin hyv\u00e4ll\u00e4 veskaripelill\u00e4 on, Kape sanoo j\u00e4lkipolveensa viitaten.<\/p>\n<p class=\"article-content article-content-width !bg-background\">H\u00e4nen 16-vuotias -poikansa koppailee kiekkoja Kiekko-Espoon juniorijoukkueessa.<\/p>\n<p>                <img decoding=\"async\" src=\"https:\/\/www.europesays.com\/fi\/wp-content\/uploads\/2025\/09\/1917365.webp\" width=\"576\" height=\"322\" alt=\"Tarmo Reunanen edusti kev\u00e4\u00e4ll\u00e4 2021 New York Rangersia. Nyt h\u00e4n on Tepsin kapteeni.\" loading=\"lazy\" \/>            <\/p>\n<p>\n            Tarmo Reunanen edusti kev\u00e4\u00e4ll\u00e4 2021 New York Rangersia. Nyt h\u00e4n on Tepsin kapteeni.<br \/>\n            AOP\n        <\/p>\n<p>Kovia hankintoja<\/p>\n<p class=\"article-content article-content-width !bg-background\">Supercell-monimiljon\u00e4\u00e4rit a  istuvat edelleen TPS:n hallituksessa.<\/p>\n<p class=\"article-content article-content-width !bg-background\">Siirtomarkkinoilla riehuneen Tepsin haaviin on j\u00e4lleen tarttunut joukko nimekk\u00e4it\u00e4 pelimiehi\u00e4.<\/p>\n<p>        <a itemprop=\"url\" href=\"https:\/\/www.seiska.fi\/urheilu\/suomalaisen-nhl-tahden-kauhunhetket-laakari-lausui-pysayttavat-sanat\/1911811\" rel=\"nofollow noopener\" target=\"_blank\"><\/p>\n<p>\nSuomalaisen NHL-t\u00e4hden kauhunhetket\n<\/p>\n<p class=\"section-date\">\n        <strong class=\"article-section\" data-section=\"urheilu\"><br \/>\n            urheilu<br \/>\n        <\/strong><br \/>\n        31.8. 08:30\n    <\/p>\n<p>    Suomalaisen NHL-t\u00e4hden kauhunhetket: l\u00e4\u00e4k\u00e4ri lausui pys\u00e4ytt\u00e4v\u00e4t sanat<\/p>\n<p itemprop=\"description\" class=\"subtitle \">\n    Erik Haula muistelee Seiskalle t\u00e4h\u00e4nastisen NHL-uransa kovinta paikkaa.\n<\/p>\n<p>        <\/a><\/p>\n<p class=\"article-content article-content-width !bg-background\">\u2013 Kyll\u00e4 m\u00e4 tykk\u00e4\u00e4n  ja  hankinnoista. Mun mielest\u00e4 Tepsi vaikuttaa ihan hyv\u00e4lt\u00e4, julkkiskokki analysoi.<\/p>\n<p class=\"article-content article-content-width !bg-background\">\u2013 Aina sit\u00e4 uskoo ja toivoo, ett\u00e4 Tepsi keikkuisi sarjataulukon k\u00e4rkip\u00e4\u00e4ss\u00e4. Viimeisin mestaruus onkin  vuodelta 2010.<\/p>\n<p class=\"italic m-italic article-content article-content-width !bg-background\">Uusi liigakausi k\u00e4ynnistyy tiistaina 9. syyskuuta. TPS kohtaa tuolloin HPK:n H\u00e4meenlinnassa.<\/p>\n<p>                <img decoding=\"async\" src=\"https:\/\/www.europesays.com\/fi\/wp-content\/uploads\/2025\/09\/1917374.webp\" width=\"576\" height=\"586\" alt=\"Aleksi Saarela on kova profiilihankinta TPS:lt\u00e4.\" loading=\"lazy\" \/>            <\/p>\n<p>\n            Aleksi Saarela on kova profiilihankinta TPS:lt\u00e4.<br \/>\n            AOP\n        <\/p>\n","protected":false},"excerpt":{"rendered":"Timo Korhonen Julkkiskokki lataa h\u00e4peilem\u00e4tt\u00f6m\u00e4n mielipiteens\u00e4 Seiskan haastattelussa. Suomen Turussa syntyi kev\u00e4\u00e4ll\u00e4 1972 poikalapsi, josta kansa tulisi viel\u00e4&hellip;\n","protected":false},"author":2,"featured_media":26243,"comment_status":"","ping_status":"","sticky":false,"template":"","format":"standard","meta":{"footnotes":""},"categories":[136],"tags":[8328,407,137,33,31,30,8327,8326,1143,408,8324,6937,8336,8325,8329,7681,8330,8323,3451,2973,32,8332,8333,8334,662,8335,160,1700,8331,109],"class_list":{"0":"post-26242","1":"post","2":"type-post","3":"status-publish","4":"format-standard","5":"has-post-thumbnail","7":"category-julkkikset","8":"tag-aleksi-saarela","9":"tag-celebrities","10":"tag-entertainment","11":"tag-fi","12":"tag-finland","13":"tag-finnish","14":"tag-hepokulta","15":"tag-ilkka-paananen","16":"tag-jaakiekko","17":"tag-julkkikset","18":"tag-kai-suikkanen","19":"tag-kape-aihinen","20":"tag-kari-aihinen","21":"tag-kasper-aihinen","22":"tag-lahio","23":"tag-liiga","24":"tag-maalivahti","25":"tag-mikko-kodisoja","26":"tag-paavalmentaja","27":"tag-sm-liiga","28":"tag-suomi","29":"tag-tarmo-reunanen","30":"tag-toni-soderholm","31":"tag-tps","32":"tag-turku","33":"tag-turun-palloseura","34":"tag-urheilu","35":"tag-urheilulaji","36":"tag-valmentaja","37":"tag-viihde"},"share_on_mastodon":{"url":"","error":""},"_links":{"self":[{"href":"https:\/\/www.europesays.com\/fi\/wp-json\/wp\/v2\/posts\/26242","targetHints":{"allow":["GET"]}}],"collection":[{"href":"https:\/\/www.europesays.com\/fi\/wp-json\/wp\/v2\/posts"}],"about":[{"href":"https:\/\/www.europesays.com\/fi\/wp-json\/wp\/v2\/types\/post"}],"author":[{"embeddable":true,"href":"https:\/\/www.europesays.com\/fi\/wp-json\/wp\/v2\/users\/2"}],"replies":[{"embeddable":true,"href":"https:\/\/www.europesays.com\/fi\/wp-json\/wp\/v2\/comments?post=26242"}],"version-history":[{"count":0,"href":"https:\/\/www.europesays.com\/fi\/wp-json\/wp\/v2\/posts\/26242\/revisions"}],"wp:featuredmedia":[{"embeddable":true,"href":"https:\/\/www.europesays.com\/fi\/wp-json\/wp\/v2\/media\/26243"}],"wp:attachment":[{"href":"https:\/\/www.europesays.com\/fi\/wp-json\/wp\/v2\/media?parent=26242"}],"wp:term":[{"taxonomy":"category","embeddable":true,"href":"https:\/\/www.europesays.com\/fi\/wp-json\/wp\/v2\/categories?post=26242"},{"taxonomy":"post_tag","embeddable":true,"href":"https:\/\/www.europesays.com\/fi\/wp-json\/wp\/v2\/tags?post=26242"}],"curies":[{"name":"wp","href":"https:\/\/api.w.org\/{rel}","templated":true}]}}