{"id":26250,"date":"2025-09-05T08:55:07","date_gmt":"2025-09-05T08:55:07","guid":{"rendered":"https:\/\/www.europesays.com\/fi\/26250\/"},"modified":"2025-09-05T08:55:07","modified_gmt":"2025-09-05T08:55:07","slug":"levyarvio-lyyti-rakentaa-uudella-levyllaan-taikamaailman-jonka-voi-melkein-nahda-ja-tuntea","status":"publish","type":"post","link":"https:\/\/www.europesays.com\/fi\/26250\/","title":{"rendered":"Levyarvio: Lyyti rakentaa uudella levyll\u00e4\u00e4n taikamaailman, jonka voi melkein n\u00e4hd\u00e4 ja tuntea"},"content":{"rendered":"<p>Levyarvio|Laulaja ja lauluntekij\u00e4 Lyyti kutsuu kuuntelijan mukaan kahdentoista kappaleen pituiseen satuun.<\/p>\n<p class=\"article-body margin-bottom-24 padding-x-16\">Pop \/ albumi<\/p>\n<p class=\"article-body margin-bottom-24 padding-x-16\">\u2605\u2605\u2605\u2605<\/p>\n<p class=\"article-body margin-bottom-24 padding-x-16\">Lyyti: Pid\u00e4n sulle paikkaa. Johanna Kustannus.<\/p>\n<p class=\"article-body margin-bottom-24 padding-x-16\">Kuin avaisi satukirjan, jossa on hohtavaa usvaa ja sieniin rakennettuja pienten el\u00e4inten koteja.<\/p>\n<p class=\"article-body margin-bottom-24 padding-x-16\">Kissankellot hyr\u00e4ilev\u00e4t Lyytin eli <a class=\"article-personlink\" href=\"https:\/\/www.hs.fi\/haku\/?query=Lydia%20Lehtolan\" rel=\"nofollow noopener\" target=\"_blank\">Lydia Lehtolan<\/a> nelj\u00e4nnen levyn ensimm\u00e4isell\u00e4 raidalla Jos et kerro kellek\u00e4\u00e4n. Laulajan hempe\u00e4 \u00e4\u00e4ni ja kieppuvat efektit muodostavat esipuheen.<\/p>\n","protected":false},"excerpt":{"rendered":"Levyarvio|Laulaja ja lauluntekij\u00e4 Lyyti kutsuu kuuntelijan mukaan kahdentoista kappaleen pituiseen satuun. Pop \/ albumi \u2605\u2605\u2605\u2605 Lyyti: Pid\u00e4n sulle&hellip;\n","protected":false},"author":2,"featured_media":26251,"comment_status":"","ping_status":"","sticky":false,"template":"","format":"standard","meta":{"footnotes":""},"categories":[132],"tags":[137,33,31,30,46,195,47,32,109],"class_list":{"0":"post-26250","1":"post","2":"type-post","3":"status-publish","4":"format-standard","5":"has-post-thumbnail","7":"category-musiikki","8":"tag-entertainment","9":"tag-fi","10":"tag-finland","11":"tag-finnish","12":"tag-helsingin-sanomat","13":"tag-music","14":"tag-musiikki","15":"tag-suomi","16":"tag-viihde"},"share_on_mastodon":{"url":"","error":""},"_links":{"self":[{"href":"https:\/\/www.europesays.com\/fi\/wp-json\/wp\/v2\/posts\/26250","targetHints":{"allow":["GET"]}}],"collection":[{"href":"https:\/\/www.europesays.com\/fi\/wp-json\/wp\/v2\/posts"}],"about":[{"href":"https:\/\/www.europesays.com\/fi\/wp-json\/wp\/v2\/types\/post"}],"author":[{"embeddable":true,"href":"https:\/\/www.europesays.com\/fi\/wp-json\/wp\/v2\/users\/2"}],"replies":[{"embeddable":true,"href":"https:\/\/www.europesays.com\/fi\/wp-json\/wp\/v2\/comments?post=26250"}],"version-history":[{"count":0,"href":"https:\/\/www.europesays.com\/fi\/wp-json\/wp\/v2\/posts\/26250\/revisions"}],"wp:featuredmedia":[{"embeddable":true,"href":"https:\/\/www.europesays.com\/fi\/wp-json\/wp\/v2\/media\/26251"}],"wp:attachment":[{"href":"https:\/\/www.europesays.com\/fi\/wp-json\/wp\/v2\/media?parent=26250"}],"wp:term":[{"taxonomy":"category","embeddable":true,"href":"https:\/\/www.europesays.com\/fi\/wp-json\/wp\/v2\/categories?post=26250"},{"taxonomy":"post_tag","embeddable":true,"href":"https:\/\/www.europesays.com\/fi\/wp-json\/wp\/v2\/tags?post=26250"}],"curies":[{"name":"wp","href":"https:\/\/api.w.org\/{rel}","templated":true}]}}