{"id":262563,"date":"2026-05-30T15:21:12","date_gmt":"2026-05-30T15:21:12","guid":{"rendered":"https:\/\/www.europesays.com\/fi\/262563\/"},"modified":"2026-05-30T15:21:12","modified_gmt":"2026-05-30T15:21:12","slug":"esko-koverolta-paljastus-laulu-urastaan-nain-perhe-suhtautuu","status":"publish","type":"post","link":"https:\/\/www.europesays.com\/fi\/262563\/","title":{"rendered":"Esko Koverolta paljastus laulu-urastaan &#8211; n\u00e4in perhe suhtautuu"},"content":{"rendered":"<p>            ATTE KAJOVA\n        <\/p>\n<p class=\"subtitle \">Salkkarit-t\u00e4hti muistelee Seiskalle el\u00e4m\u00e4ns\u00e4 merkityksellisimpi\u00e4 esityksi\u00e4.<\/p>\n<p class=\"article-content article-content-width !bg-background\">Salatut el\u00e4m\u00e4t -t\u00e4hti , 68, on tehnyt pitk\u00e4n uran n\u00e4yttelij\u00e4n\u00e4, mutta harva saattaa muistaa, ett\u00e4 Kovero on my\u00f6s lahjakas laulaja.<\/p>\n<p class=\"font-weight-bold m-font-weight-bold article-content article-content-width !bg-background\">Salkkarit-t\u00e4hdet paljastavat paheensa:<\/p>\n<p class=\"article-content article-content-width !bg-background\">Esko oli nuoruudessaan mukana lauluryhm\u00e4ss\u00e4, joka esitti ty\u00f6v\u00e4enlauluja Agit Prop -yhtyeen tapaan.<\/p>\n<p class=\"article-content article-content-width !bg-background\">Viime vuosina n\u00e4yttelij\u00e4 on esitellyt laulutaitojaan muun muassa Masked Singer -ohjelmassa. Televisioestradi ei ole kuitenkaan vet\u00e4nyt vertoja esitykselle Helsingin Kulttuuritalossa.<\/p>\n<p>        <a itemprop=\"url\" href=\"https:\/\/www.seiska.fi\/kotimaa\/esko-kovero-paasi-teatterikorkeakouluun-isani-ei-tajunnut\/2083318\" rel=\"nofollow noopener\" target=\"_blank\"><\/p>\n<p>\nEsko Kovero Huomenta Suomessa\n<\/p>\n<p class=\"section-date\">\n        <strong class=\"article-section\" data-section=\"kotimaa\"><br \/>\n            kotimaa<br \/>\n        <\/strong><br \/>\n        22.2. 12:30\n    <\/p>\n<p>Esko Kovero paljastaa Huomenta Suomessa: &#8221;Is\u00e4ni ei tajunnut&#8221;\n    <\/p>\n<p itemprop=\"description\" class=\"subtitle \">\n    Esko kertoi koulutiest\u00e4\u00e4n Huomenta Suomessa. Iloon Teatterikorkeakouluun sis\u00e4\u00e4np\u00e4\u00e4syst\u00e4 sekoittui surua.\n<\/p>\n<p>        <\/a><\/p>\n<p class=\"article-content article-content-width !bg-background\">\u2013 Masked Singeri\u00e4h\u00e4n katsoivat sadat tuhannet ihmiset, mutta live-lavoista Kulttuuritalo on ollut varmaankin suurin, jolla olen esiintynyt, Esko muistelee.<\/p>\n<p class=\"article-content article-content-width !bg-background\">\u2013 Esiinnyimme siell\u00e4 ohjelmaryhm\u00e4mme kanssa muistaakseni vuonna 1979.<\/p>\n<p>                <img decoding=\"async\" src=\"https:\/\/www.europesays.com\/fi\/wp-content\/uploads\/2026\/05\/2164317.webp\" width=\"576\" height=\"509\" alt=\"Esko on ollut nuoresta miehest\u00e4 asti kova laulamaan.\" loading=\"lazy\" \/>            <\/p>\n<p>\n            Esko on ollut nuoresta miehest\u00e4 asti kova laulamaan.<br \/>\n            Esko Koveron kotialbumi\n        <\/p>\n<p>Merkityksellinen esitys pakolaisille<\/p>\n<p class=\"article-content article-content-width !bg-background\">70-80-luvun vaihteessa Eskon el\u00e4m\u00e4ss\u00e4 tapahtui my\u00f6s toinen h\u00e4nen uraansa m\u00e4\u00e4ritt\u00e4v\u00e4 saavutus.<\/p>\n<p class=\"article-content article-content-width !bg-background\">\u2013 Ainahan se lavalle nouseminen hieman j\u00e4nnitt\u00e4\u00e4 ja tuolloin viel\u00e4 erityisesti, kun olin saanut samana vuonna tiet\u00e4\u00e4 p\u00e4\u00e4sev\u00e4ni Teatterikorkeakouluun opiskelemaan.<\/p>\n<p>        <a itemprop=\"url\" href=\"https:\/\/www.seiska.fi\/katso\/muistatko-ikonisen-videon-esko-kovero-saa-yha-palautetta\/2005399\" rel=\"nofollow noopener\" target=\"_blank\"><\/p>\n<p>\nEsko Kovero\n<\/p>\n<p class=\"section-date\">\n        <strong class=\"article-section\" data-section=\"katso\"><br \/>\n            katso<br \/>\n        <\/strong><br \/>\n        28.11.2025 06:15\n    <\/p>\n<p>Muistatko ikonisen videon? Esko Kovero saa yh\u00e4 palautetta\n    <\/p>\n<p itemprop=\"description\" class=\"subtitle \">\n    Ismo Laitela ja kootut fraasit ovat el\u00e4neet jo 26 vuotta. Yksi video naurattaa hahmon faneja viel\u00e4 vuosien j\u00e4lkeenkin, ja siit\u00e4 n\u00e4yttelij\u00e4 Esko Kovero saa eniten palautetta.\n<\/p>\n<p>        <\/a><\/p>\n<p class=\"article-content article-content-width !bg-background\">Kulttuuritalon lavalla esiintyminen on ollut Eskolle yksi h\u00e4nen el\u00e4m\u00e4ns\u00e4 merkityksellisimmist\u00e4 lauluesityksist\u00e4. Koveron mukaan hyv\u00e4n\u00e4 kakkosena tulee kuitenkin Outokummussa 70-luvun alkupuolella j\u00e4rjestetty tukikonsertti chilel\u00e4isille pakolaisille.\u00a0<\/p>\n<p class=\"article-content article-content-width !bg-background\">Chilen vallankumouksen seurauksena Suomeen saapui vuosien 1973-1977 v\u00e4lill\u00e4 noin 180 pakolaista, joista osa asettui Outokumpuun, Eskon synnyinkaupunkiin.<\/p>\n<p class=\"article-content article-content-width !bg-background\">\u2013 Se oli menestyksek\u00e4s konsertti ja ihmiset olivat\u00a0 solidaarisuudestaan mukana sankoin joukoin. Laulu yhdist\u00e4\u00e4 ja siin\u00e4 on voimaa. Se oli merkityksellist\u00e4.<\/p>\n<p>Perhekin tykk\u00e4\u00e4<\/p>\n<p class=\"article-content article-content-width !bg-background\">Laulu raikaa edelleen my\u00f6s Eskon kotona, jossa h\u00e4n asustaa pitk\u00e4aikaisen avovaimonsa kanssa.<\/p>\n<p class=\"article-content article-content-width !bg-background\">\u2013 Perhe on antanut ihan hyv\u00e4\u00e4 palautetta, sill\u00e4 laulan melkein nuotilleen, Esko h\u00f6r\u00e4ht\u00e4\u00e4.<\/p>\n<p class=\"article-content article-content-width !bg-background\">Taiteilijan lurittelut soivat kotona Eskon mukaan l\u00e4hes &#8221;non-stoppina&#8221;.<\/p>\n<p>        <a itemprop=\"url\" href=\"https:\/\/www.seiska.fi\/kotimaa\/oho-esko-kovero-lataa-suorat-sanatolen-heittanyt-pyyhkeen-kehaan\/1948617\" rel=\"nofollow noopener\" target=\"_blank\"><\/p>\n<p>\nPoikkeuksellinen ulostulo\n<\/p>\n<p class=\"section-date\">\n        <strong class=\"article-section\" data-section=\"kotimaa\"><br \/>\n            kotimaa<br \/>\n        <\/strong><br \/>\n        4.10.2025 17:00\n    <\/p>\n<p>Oho! Esko Kovero lataa suorat sanat:&#8221;Olen heitt\u00e4nyt pyyhkeen keh\u00e4\u00e4n&#8221;\n    <\/p>\n<p itemprop=\"description\" class=\"subtitle \">\n    Esko paljastaa Seiskalle, ettei omista edes \u00e4lypuhelinta.\n<\/p>\n<p>        <\/a><\/p>\n<p class=\"article-content article-content-width !bg-background\">Eskon omat suosikkikappaleet vaihtuvat vuosikymmenten mukaan, mutta listalla ovat pitk\u00e4\u00e4n pysyneet esimerkiksi Kari Tapion ja Junnu Vainion kappaleet.<\/p>\n<p class=\"article-content article-content-width !bg-background\">\u2013 Olen moniruokainen. Autoradiosta kuuntelen my\u00f6s aktiivisesti musiikkia ajellessani. Silloin tulee my\u00f6s laulettua paljon biisien mukana.<\/p>\n<p>                <img decoding=\"async\" src=\"https:\/\/www.europesays.com\/fi\/wp-content\/uploads\/2026\/05\/2164362.webp\" width=\"576\" height=\"322\" alt=\"Esko osallistui viime vuonna Seiskan 33-vuotissyntym\u00e4p\u00e4iville yhdess\u00e4 n\u00e4yttelij\u00e4kollega Pete Latun kanssa.\" loading=\"lazy\" \/>            <\/p>\n<p>\n            Esko osallistui viime vuonna Seiskan 33-vuotissyntym\u00e4p\u00e4iville yhdess\u00e4 n\u00e4yttelij\u00e4kollega Pete Latun kanssa.<br \/>\n            ATTE KAJOVA\n        <\/p>\n","protected":false},"excerpt":{"rendered":"ATTE KAJOVA Salkkarit-t\u00e4hti muistelee Seiskalle el\u00e4m\u00e4ns\u00e4 merkityksellisimpi\u00e4 esityksi\u00e4. Salatut el\u00e4m\u00e4t -t\u00e4hti , 68, on tehnyt pitk\u00e4n uran n\u00e4yttelij\u00e4n\u00e4,&hellip;\n","protected":false},"author":2,"featured_media":262564,"comment_status":"","ping_status":"","sticky":false,"template":"","format":"standard","meta":{"footnotes":"","_share_on_mastodon":"0"},"categories":[136],"tags":[407,13348,137,12763,33,31,30,408,15615,18185,29287,5159,3146,8617,13792,11587,7760,209,32,109],"class_list":["post-262563","post","type-post","status-publish","format-standard","has-post-thumbnail","category-julkkikset","tag-celebrities","tag-chile","tag-entertainment","tag-esko-kovero","tag-fi","tag-finland","tag-finnish","tag-julkkikset","tag-junnu-vainio","tag-kari-tapio","tag-kulttuuritalo","tag-laulaja","tag-laulaminen","tag-laulu","tag-masked-singer","tag-outokumpu","tag-pakolaiset","tag-salatut-elamat","tag-suomi","tag-viihde"],"share_on_mastodon":{"url":"https:\/\/pubeurope.com\/@fi\/116664211246688162","error":""},"_links":{"self":[{"href":"https:\/\/www.europesays.com\/fi\/wp-json\/wp\/v2\/posts\/262563","targetHints":{"allow":["GET"]}}],"collection":[{"href":"https:\/\/www.europesays.com\/fi\/wp-json\/wp\/v2\/posts"}],"about":[{"href":"https:\/\/www.europesays.com\/fi\/wp-json\/wp\/v2\/types\/post"}],"author":[{"embeddable":true,"href":"https:\/\/www.europesays.com\/fi\/wp-json\/wp\/v2\/users\/2"}],"replies":[{"embeddable":true,"href":"https:\/\/www.europesays.com\/fi\/wp-json\/wp\/v2\/comments?post=262563"}],"version-history":[{"count":0,"href":"https:\/\/www.europesays.com\/fi\/wp-json\/wp\/v2\/posts\/262563\/revisions"}],"wp:featuredmedia":[{"embeddable":true,"href":"https:\/\/www.europesays.com\/fi\/wp-json\/wp\/v2\/media\/262564"}],"wp:attachment":[{"href":"https:\/\/www.europesays.com\/fi\/wp-json\/wp\/v2\/media?parent=262563"}],"wp:term":[{"taxonomy":"category","embeddable":true,"href":"https:\/\/www.europesays.com\/fi\/wp-json\/wp\/v2\/categories?post=262563"},{"taxonomy":"post_tag","embeddable":true,"href":"https:\/\/www.europesays.com\/fi\/wp-json\/wp\/v2\/tags?post=262563"}],"curies":[{"name":"wp","href":"https:\/\/api.w.org\/{rel}","templated":true}]}}