{"id":26266,"date":"2025-09-05T09:20:08","date_gmt":"2025-09-05T09:20:08","guid":{"rendered":"https:\/\/www.europesays.com\/fi\/26266\/"},"modified":"2025-09-05T09:20:08","modified_gmt":"2025-09-05T09:20:08","slug":"kuvankauniin-uutisankkurin-siviilielamasta-yllatyspaljastus-han-on-ihan-mieleton","status":"publish","type":"post","link":"https:\/\/www.europesays.com\/fi\/26266\/","title":{"rendered":"Kuvankauniin uutisankkurin siviiliel\u00e4m\u00e4st\u00e4 yll\u00e4tyspaljastus: \u201dH\u00e4n on ihan mielet\u00f6n\u201d"},"content":{"rendered":"<p>            Timo Korhonen\n        <\/p>\n<p class=\"subtitle \">Maikkarin suosikkiankkuri avaa Seiskalle siviiliel\u00e4m\u00e4ns\u00e4 saloja.<\/p>\n<p class=\"article-content article-content-width !bg-background\">, 41, lukeutuu Maikkarin suosituimpiin tv-kasvoihin.<\/p>\n<p class=\"article-content article-content-width !bg-background\">Jyv\u00e4skyl\u00e4l\u00e4isen aurinkoinen olemus ja raudanluja ammattitaito vakuuttavat uutisl\u00e4hetys toisensa j\u00e4lkeen.<\/p>\n<p class=\"article-content article-content-width !bg-background\">Suosioon n\u00e4hden Shahinin siviiliel\u00e4m\u00e4st\u00e4 tiedet\u00e4\u00e4n varsin v\u00e4h\u00e4n. Niin on tosin tarkoituskin, sill\u00e4 uutisankkuri haluaa keskitty\u00e4 vain ty\u00f6h\u00f6ns\u00e4.<\/p>\n<p class=\"article-content article-content-width !bg-background\">\u2013 En ole hirve\u00e4sti hiiskunut yksityisasioistani, vaikka minulla onkin julkinen ammatti, Shahin sanoo Seiskalle Maikkarin mediap\u00e4iv\u00e4n\u00e4.<\/p>\n<p>                <img decoding=\"async\" src=\"https:\/\/www.europesays.com\/fi\/wp-content\/uploads\/2025\/09\/1917558.webp\" width=\"576\" height=\"720\" alt=\"Shahin ei juuri hiisku siviiliel\u00e4m\u00e4ns\u00e4 saloista.\" loading=\"lazy\" \/>            <\/p>\n<p>\n            Shahin ei juuri hiisku siviiliel\u00e4m\u00e4ns\u00e4 saloista.<br \/>\n            Timo Korhonen\n        <\/p>\n<p>Uusi harrastus<\/p>\n<p class=\"article-content article-content-width !bg-background\">Shahin paljastaa viett\u00e4neens\u00e4 poikkeuksellisen pitk\u00e4n kes\u00e4loman. H\u00e4n lomaili ensi kertaa MTV-aikanaan kuukauden putkeen.<\/p>\n<p class=\"article-content article-content-width !bg-background\">Seiskan lukijat muistavat Shahinin innokkaana py\u00f6r\u00e4ilij\u00e4n\u00e4. Uutisankkuri yll\u00e4tt\u00e4\u00e4 kertomalla, ettei edes polkenut paljon lomallaan.<\/p>\n<p>\n            Olen muutamankin kerran poistunut tenniskent\u00e4lt\u00e4 pikku kiukku p\u00e4\u00e4ll\u00e4!\n            <\/p>\n<p class=\"article-content article-content-width !bg-background\">\u2013 Olen aloittanut uuden harrastuksen: tenniksen. Se on minulle nyt oikea henkinen koetinkivi, Shahin nauraa.<\/p>\n<p>        <a itemprop=\"url\" href=\"https:\/\/www.seiska.fi\/kotimaa\/suomen-kuumin-uutisankkuri-maikkarin-shahin-doagu-saa-treffikutsuja-nain-han-niihin-reagoi\/1465244\" rel=\"nofollow noopener\" target=\"_blank\"><\/p>\n<p class=\"section-date\">\n        <strong class=\"article-section\" data-section=\"kotimaa\"><br \/>\n            kotimaa<br \/>\n        <\/strong><br \/>\n        21.9.2024 18:30\n    <\/p>\n<p>    Suomen kuumin uutisankkuri? Maikkarin Shahin Doagu saa treffikutsuja \u2013 n\u00e4in h\u00e4n niihin reagoi<\/p>\n<p itemprop=\"description\" class=\"subtitle \">\n    Suomalais-kurdilainen Shahin saa monien sukat py\u00f6rim\u00e4\u00e4n jaloissa.\n<\/p>\n<p>        <\/a><\/p>\n<p class=\"article-content article-content-width !bg-background\">\u2013 Kyseess\u00e4h\u00e4n on teknisesti \u00e4\u00e4rimm\u00e4isen haastava laji. Olen kes\u00e4ll\u00e4 muutamankin kerran poistunut tenniskent\u00e4lt\u00e4 pikku kiukku p\u00e4\u00e4ll\u00e4!<\/p>\n<p>Tuttu tenniskoutsi<\/p>\n<p class=\"article-content article-content-width !bg-background\">Maailman suosituimpiin mailapeleihin lukeutuva tennis ei ole helppo laji. Sen on saanut tuta my\u00f6s Shahin.<\/p>\n<p class=\"article-content article-content-width !bg-background\">\u2013 Tennis vaatii k\u00e4rsiv\u00e4llisyytt\u00e4 ja pitk\u00e4j\u00e4nteist\u00e4 suhtautumista. Olen asennoitunut niin, ett\u00e4 hiljaa hyv\u00e4 tulee.<\/p>\n<p>\n            Olen asennoitunut niin, ett\u00e4 hiljaa hyv\u00e4 tulee.\n            <\/p>\n<p class=\"article-content article-content-width !bg-background\">Onnekseen mediaty\u00f6l\u00e4isell\u00e4 on tuttu tennisopettaja.<\/p>\n<p class=\"article-content article-content-width !bg-background\">\u2013 H\u00e4n on ihan mielet\u00f6n. My\u00f6s yst\u00e4vien kanssa tuli k\u00e4yty\u00e4 pari kertaa viikossa l\u00e4tkim\u00e4ss\u00e4 kes\u00e4ll\u00e4.<\/p>\n<p>\u201dSuuri hurahdus\u201d<\/p>\n<p class=\"article-content article-content-width !bg-background\">Shahin sanoo olevansa tosissaan tenniksen suhteen. Kieliih\u00e4n siit\u00e4 jo sekin, ett\u00e4 h\u00e4n on satsannut omaan tennisopettajaan.<\/p>\n<p class=\"article-content article-content-width !bg-background\">\u2013 Laji on suuri hurahdukseni! Olen asettanut tennismailan kodissani tv-tason alle niin, ett\u00e4 n\u00e4en sen helposti. Se on joka p\u00e4iv\u00e4 muistuttamassa olemassaolostaan.<\/p>\n<p>\n            Jos joskus p\u00e4\u00e4sisi pelaamaan Mika Saukkosta vastaan.\n            <\/p>\n<p class=\"article-content article-content-width !bg-background\">Mit\u00e4\u00e4n sen kummempia tavoitteita t\u00e4htiankkurilla ei tenniksen suhteen ole.<\/p>\n<p>        <a itemprop=\"url\" href=\"https:\/\/www.seiska.fi\/urheilu\/jestas-maikkarin-uutisankkuri-loksautti-leuat-ylsi-melkoiseen-suoritukseen\/1465452\" rel=\"nofollow noopener\" target=\"_blank\"><\/p>\n<p class=\"section-date\">\n        <strong class=\"article-section\" data-section=\"urheilu\"><br \/>\n            urheilu<br \/>\n        <\/strong><br \/>\n        23.9.2024 06:30\n    <\/p>\n<p>    Jestas! Maikkarin uutisankkuri loksautti leuat \u2013 ylsi melkoiseen suoritukseen<\/p>\n<p itemprop=\"description\" class=\"subtitle \">\n    MTV3:n suosikkitoimittaja Shahin Doagulla on monipuolinen urheilutausta.\n<\/p>\n<p>        <\/a><\/p>\n<p class=\"article-content article-content-width !bg-background\">\u2013 Jos joskus p\u00e4\u00e4sisi pelaamaan  vastaan, Shahin naurahtaa.<\/p>\n<p class=\"article-content article-content-width !bg-background\">\u2013 Ja Wimbledonin tennisturnaukseen olisi hienoa p\u00e4\u00e4st\u00e4 katsomaan. Se kiinnostaisi ehdottomasti.<\/p>\n<p>                <img decoding=\"async\" src=\"https:\/\/www.europesays.com\/fi\/wp-content\/uploads\/2025\/09\/1917565.webp\" width=\"576\" height=\"720\" alt=\"Shahin saa tv-katsojien sukat py\u00f6rim\u00e4\u00e4n jaloissa.\" loading=\"lazy\" \/>            <\/p>\n<p>\n            Shahin saa tv-katsojien sukat py\u00f6rim\u00e4\u00e4n jaloissa.<br \/>\n            Timo Korhonen\n        <\/p>\n","protected":false},"excerpt":{"rendered":"Timo Korhonen Maikkarin suosikkiankkuri avaa Seiskalle siviiliel\u00e4m\u00e4ns\u00e4 saloja. , 41, lukeutuu Maikkarin suosituimpiin tv-kasvoihin. Jyv\u00e4skyl\u00e4l\u00e4isen aurinkoinen olemus ja&hellip;\n","protected":false},"author":2,"featured_media":26267,"comment_status":"","ping_status":"","sticky":false,"template":"","format":"standard","meta":{"footnotes":""},"categories":[133],"tags":[137,33,31,30,8227,4451,7852,2376,905,5355,7757,7853,32,206,5350,156,1700,7266,109,8337],"class_list":{"0":"post-26266","1":"post","2":"type-post","3":"status-publish","4":"format-standard","5":"has-post-thumbnail","7":"category-televisiot","8":"tag-entertainment","9":"tag-fi","10":"tag-finland","11":"tag-finnish","12":"tag-harrastus","13":"tag-kesaloma","14":"tag-maikkari","15":"tag-mtv","16":"tag-mtv3","17":"tag-paljastus","18":"tag-pollolaakso","19":"tag-shahin-doagu","20":"tag-suomi","21":"tag-televisiot","22":"tag-tennis","23":"tag-tv","24":"tag-urheilulaji","25":"tag-uutisankkuri","26":"tag-viihde","27":"tag-yllatyspaljastus"},"share_on_mastodon":{"url":"","error":""},"_links":{"self":[{"href":"https:\/\/www.europesays.com\/fi\/wp-json\/wp\/v2\/posts\/26266","targetHints":{"allow":["GET"]}}],"collection":[{"href":"https:\/\/www.europesays.com\/fi\/wp-json\/wp\/v2\/posts"}],"about":[{"href":"https:\/\/www.europesays.com\/fi\/wp-json\/wp\/v2\/types\/post"}],"author":[{"embeddable":true,"href":"https:\/\/www.europesays.com\/fi\/wp-json\/wp\/v2\/users\/2"}],"replies":[{"embeddable":true,"href":"https:\/\/www.europesays.com\/fi\/wp-json\/wp\/v2\/comments?post=26266"}],"version-history":[{"count":0,"href":"https:\/\/www.europesays.com\/fi\/wp-json\/wp\/v2\/posts\/26266\/revisions"}],"wp:featuredmedia":[{"embeddable":true,"href":"https:\/\/www.europesays.com\/fi\/wp-json\/wp\/v2\/media\/26267"}],"wp:attachment":[{"href":"https:\/\/www.europesays.com\/fi\/wp-json\/wp\/v2\/media?parent=26266"}],"wp:term":[{"taxonomy":"category","embeddable":true,"href":"https:\/\/www.europesays.com\/fi\/wp-json\/wp\/v2\/categories?post=26266"},{"taxonomy":"post_tag","embeddable":true,"href":"https:\/\/www.europesays.com\/fi\/wp-json\/wp\/v2\/tags?post=26266"}],"curies":[{"name":"wp","href":"https:\/\/api.w.org\/{rel}","templated":true}]}}