{"id":262669,"date":"2026-05-30T18:23:12","date_gmt":"2026-05-30T18:23:12","guid":{"rendered":"https:\/\/www.europesays.com\/fi\/262669\/"},"modified":"2026-05-30T18:23:12","modified_gmt":"2026-05-30T18:23:12","slug":"aku-hirviniemen-kellobisnes-laajenee-tampereelle-uudet-liikkeet-avautuvat-pian","status":"publish","type":"post","link":"https:\/\/www.europesays.com\/fi\/262669\/","title":{"rendered":"Aku Hirviniemen kellobisnes laajenee Tampereelle \u2013 Uudet liikkeet avautuvat pian"},"content":{"rendered":"<p>            Kai Joronen\n        <\/p>\n<p class=\"subtitle \">Akulla on ilouutisia ty\u00f6rintamalta.<\/p>\n<p class=\"article-content article-content-width !bg-background\">Aiemmin n\u00e4yttelij\u00e4n\u00e4 tunnettu, nykyinen kultakauppias , 42, kertoo <a href=\"https:\/\/www.aamulehti.fi\/talous\/art-2000012042197.html\" target=\"_blank\" rel=\"nofollow noopener\">Aamulehdelle<\/a> yll\u00e4tt\u00e4v\u00e4n ilouutisen: kellobisnes laajenee Helsingist\u00e4 Tampereelle.<\/p>\n<p class=\"font-weight-bold m-font-weight-bold article-content article-content-width !bg-background\">Katso my\u00f6s! Seiskan Bisneshaukka: Aku Hirviniemi:<\/p>\n<p>Kaksi uutta liikett\u00e4!<\/p>\n<p class=\"article-content article-content-width !bg-background\">Aku kertoo Aamulehden tuoreessa haastattelussa Tampereelle pian avautuvasta Tampereen Kulta ja Kello -nimisest\u00e4 liikkeest\u00e4. Kivijalkamyym\u00e4l\u00e4 on jatkoa h\u00e4nen Helsingin Kulta ja Kello -bisnekselle.<\/p>\n<p>        <a itemprop=\"url\" href=\"https:\/\/www.seiska.fi\/kotimaa\/aku-hirviniemi-myi-omaisuuttaan-huikea-hintalappu\/1288676\" rel=\"nofollow noopener\" target=\"_blank\"><\/p>\n<p class=\"section-date\">\n        <strong class=\"article-section\" data-section=\"kotimaa\"><br \/>\n            kotimaa<br \/>\n        <\/strong><br \/>\n        6.3.2024 14:41\n    <\/p>\n<p>Aku Hirviniemi myi omaisuuttaan \u2013 huikea hintalappu\n    <\/p>\n<p itemprop=\"description\" class=\"subtitle \">\n    Aku pisti \u00f6kykellonsa myyntiin Facebookissa.\n<\/p>\n<p>        <\/a><\/p>\n<p class=\"article-content article-content-width !bg-background\">Uusi Tampereen toimipiste avataan lehden mukaan 1. kes\u00e4kuuta. P\u00e4iv\u00e4 on Akulle suuri, sill\u00e4 samaan aikaan ovensa avaa my\u00f6s Helsingin uusi toimipiste ydinkeskustan Kauppakadulla. Liikkeit\u00e4 on Helsingiss\u00e4 entuudestaan jo kaksi, eli pian toimipisteit\u00e4 on siis kaikkinensa nelj\u00e4.<\/p>\n<p>Alati kasvava bisnes<\/p>\n<p class=\"article-content article-content-width !bg-background\">Aku vaihtoi n\u00e4yttelij\u00e4nty\u00f6n kellobisnekseen vuonna 2024, kun h\u00e4n py\u00f6r\u00e4ytti k\u00e4yntiin Helsingin Kello ja Kulta Oy:n. Kyseess\u00e4\u00a0on arvokelloihin ja kulta- ja hopeaesineisiin keskittynyt yritys. Toimintaan kuuluu lis\u00e4ksi kullan ostaminen ja myyminen. Aku on yksi osakeyhti\u00f6n omistajista, ja toimii my\u00f6s sen toimitusjohtajana.<\/p>\n<p>                <img decoding=\"async\" src=\"https:\/\/www.europesays.com\/fi\/wp-content\/uploads\/2026\/05\/2167957.webp\" width=\"576\" height=\"720\" alt=\"Akun n\u00e4yttelij\u00e4nura j\u00e4\u00e4tyi vuonna 2023 niin kutsutun t\u00f6rkyviestikohun seurauksena.\" loading=\"lazy\" \/>            <\/p>\n<p>            Akun n\u00e4yttelij\u00e4nura j\u00e4\u00e4tyi vuonna 2023 niin kutsutun <a href=\"https:\/\/www.seiska.fi\/vain-seiskassa\/aku-hirviniemea-kiinnostaa-seksi-ja-kokaiini-nayttelijan-torkyviesteissa-toistuu-erikoinen-teema\/1184618\" target=\"_blank\" rel=\"nofollow noopener\">t\u00f6rkyviestikohun <\/a>seurauksena.<br \/>\n            Kai Joronen<\/p>\n<p class=\"article-content article-content-width !bg-background\">Seiska uutisoi aiemmin kev\u00e4\u00e4ll\u00e4, kuinka Akun bisnes oli takonut sen ensimm\u00e4isen\u00e4 kokonaisena tilikautena menestyksekk\u00e4\u00e4n tuloksen.\u00a0Helsingin Kello ja Kulta Oy teki vuonna 2025 nimitt\u00e4in yhteens\u00e4 liki 3,5 miljoonaa euroa liikevaihtoa. Voittoa syntyi maltillisesti 46 000 euroa, mutta bisnes on yht\u00e4 kaikki valtavaa. <\/p>\n<p>        <a itemprop=\"url\" href=\"https:\/\/www.seiska.fi\/vain-seiskassa\/julkisuudesta-kadonnut-aku-hirviniemi-nayttaytyi-tutussa-paikassa-vaivaantunut-tunnelma\/1283122\" rel=\"nofollow noopener\" target=\"_blank\"><\/p>\n<p>\nVain Seiskassa!\n<\/p>\n<p class=\"section-date\">\n        <strong class=\"article-section\" data-section=\"vain seiskassa\"><br \/>\n            vain seiskassa<br \/>\n        <\/strong><br \/>\n        2.3.2024 06:00\n    <\/p>\n<p>Julkisuudesta kadonnut Aku Hirviniemi n\u00e4ytt\u00e4ytyi tutussa paikassa \u2013 vaivaantunut tunnelma\n    <\/p>\n<p itemprop=\"description\" class=\"subtitle \">\n    Silminn\u00e4kij\u00e4n mukaan Aku vaikutti hieman vaivaantuneelta, sill\u00e4 h\u00e4n vilkuili jatkuvasti ymp\u00e4rilleen.\n<\/p>\n<p>        <\/a><\/p>\n<p class=\"article-content article-content-width !bg-background\">Aku Hirviniemi opiskeli itselleen uuden ammatin gemmolokina, kun h\u00e4nen ty\u00f6ns\u00e4 n\u00e4yttelij\u00e4n\u00e4 loppuivat h\u00e4irint\u00e4syyt\u00f6sten my\u00f6t\u00e4 loppuvuodesta 2023.<\/p>\n<p class=\"article-content article-content-width !bg-background\">Aku oli pitk\u00e4\u00e4n poissa julkisuudesta, mutta viime aikoina h\u00e4n n\u00e4ytt\u00e4\u00e4 aktivoituneen my\u00f6s esiintymisrintamalla.<\/p>\n<p class=\"article-content article-content-width !bg-background\">H\u00e4n mainostaa Instagramissa esimerkiksi tunnettuja\u00a0Putous-hahmojaan. Sivuilla on my\u00f6s linkki h\u00e4nen keikkamyyntiins\u00e4, josta voi hankkia Akun esitt\u00e4m\u00e4\u00e4n esimerkiksi Putouksesta tuttua Marja Tyrni\u00e4 tai Usko Eevertti Luttista.<\/p>\n","protected":false},"excerpt":{"rendered":"Kai Joronen Akulla on ilouutisia ty\u00f6rintamalta. Aiemmin n\u00e4yttelij\u00e4n\u00e4 tunnettu, nykyinen kultakauppias , 42, kertoo Aamulehdelle yll\u00e4tt\u00e4v\u00e4n ilouutisen: kellobisnes&hellip;\n","protected":false},"author":2,"featured_media":262670,"comment_status":"","ping_status":"","sticky":false,"template":"","format":"standard","meta":{"footnotes":"","_share_on_mastodon":"0"},"categories":[136],"tags":[4887,407,137,33,31,30,28010,104,408,25826,212,32,551,109],"class_list":["post-262669","post","type-post","status-publish","format-standard","has-post-thumbnail","category-julkkikset","tag-aku-hirviniemi","tag-celebrities","tag-entertainment","tag-fi","tag-finland","tag-finnish","tag-helsingin-kello-ja-kulta-oy","tag-helsinki","tag-julkkikset","tag-kellobisnes","tag-lifestyle","tag-suomi","tag-tampere","tag-viihde"],"share_on_mastodon":{"url":"https:\/\/pubeurope.com\/@fi\/116664926666271317","error":""},"_links":{"self":[{"href":"https:\/\/www.europesays.com\/fi\/wp-json\/wp\/v2\/posts\/262669","targetHints":{"allow":["GET"]}}],"collection":[{"href":"https:\/\/www.europesays.com\/fi\/wp-json\/wp\/v2\/posts"}],"about":[{"href":"https:\/\/www.europesays.com\/fi\/wp-json\/wp\/v2\/types\/post"}],"author":[{"embeddable":true,"href":"https:\/\/www.europesays.com\/fi\/wp-json\/wp\/v2\/users\/2"}],"replies":[{"embeddable":true,"href":"https:\/\/www.europesays.com\/fi\/wp-json\/wp\/v2\/comments?post=262669"}],"version-history":[{"count":0,"href":"https:\/\/www.europesays.com\/fi\/wp-json\/wp\/v2\/posts\/262669\/revisions"}],"wp:featuredmedia":[{"embeddable":true,"href":"https:\/\/www.europesays.com\/fi\/wp-json\/wp\/v2\/media\/262670"}],"wp:attachment":[{"href":"https:\/\/www.europesays.com\/fi\/wp-json\/wp\/v2\/media?parent=262669"}],"wp:term":[{"taxonomy":"category","embeddable":true,"href":"https:\/\/www.europesays.com\/fi\/wp-json\/wp\/v2\/categories?post=262669"},{"taxonomy":"post_tag","embeddable":true,"href":"https:\/\/www.europesays.com\/fi\/wp-json\/wp\/v2\/tags?post=262669"}],"curies":[{"name":"wp","href":"https:\/\/api.w.org\/{rel}","templated":true}]}}