{"id":26268,"date":"2025-09-05T09:21:09","date_gmt":"2025-09-05T09:21:09","guid":{"rendered":"https:\/\/www.europesays.com\/fi\/26268\/"},"modified":"2025-09-05T09:21:09","modified_gmt":"2025-09-05T09:21:09","slug":"arvio-pmmp-keikalla-ei-enaa-ikina-dokumentti-on-raju-viiltava-ja-rohkea","status":"publish","type":"post","link":"https:\/\/www.europesays.com\/fi\/26268\/","title":{"rendered":"Arvio: PMMP keikalla: Ei en\u00e4\u00e4 ikin\u00e4 -dokumentti on raju, viilt\u00e4v\u00e4 ja rohkea"},"content":{"rendered":"<p>PMMP keikalla: Ei en\u00e4\u00e4 ikin\u00e4 -dokumentti on kuin Paula Vesalan ja Mira Luodin kappaleet: h\u00e4tk\u00e4hdytt\u00e4v\u00e4 ja kuristavan koskettava.<\/p>\n<p>Lue tiivistelm\u00e4<\/p>\n<p>Tiivistelm\u00e4 on teko\u00e4lyn tekem\u00e4 ja ihmisen tarkistama.<\/p>\n<p class=\"article-body margin-bottom-24 padding-x-16 sndp-summary-bullet-point-font\">PMMP keikalla: Ei en\u00e4\u00e4 ikin\u00e4 -dokumentti on koskettava ja h\u00e4tk\u00e4hdytt\u00e4v\u00e4, kirjoittaa kriitikko Taneli Topelius.<\/p>\n<p class=\"article-body margin-bottom-24 padding-x-16 sndp-summary-bullet-point-font\">Paula Vesala ja Mira Luoti kertovat avoimesti vaikeista kokemuksistaan, kuten seksuaalisesta ahdistelusta ja mielenterveysongelmista.<\/p>\n<p class=\"article-body margin-bottom-24 padding-x-16 sndp-summary-bullet-point-font\">Dokumentti tarjoaa arvokasta vertaistukea ja rohkaisee puhumaan vaikeista asioista.<\/p>\n<p class=\"article-body margin-bottom-24 padding-x-16 sndp-summary-bullet-point-font\">Vaikeista asioista puhuminen on t\u00e4rke\u00e4\u00e4 selviytymisen kannalta, Topelius kirjoittaa.<\/p>\n<p class=\"article-body margin-bottom-24 padding-x-16\">Tv-lehti arvioi: R\u00e4v\u00e4kk\u00e4\u00e4 kritiikki\u00e4 ja kipeit\u00e4 muistoja. Riemunkiljahduksia ja itkuisia silmi\u00e4. Uusi dokumentti PMMP keikalla: Ei en\u00e4\u00e4 ikin\u00e4 on v\u00e4h\u00e4n kuin PMMP:n biisi.<\/p>\n<p class=\"article-body margin-bottom-24 padding-x-16\">Parhaimmilla hetkill\u00e4\u00e4n se on kuristavan koskettava.<\/p>\n<p class=\"article-body margin-bottom-24 padding-x-16\">Vaikeiden asioiden sanominen \u00e4\u00e4neen on taito, joka teki <a class=\"article-personlink\" href=\"https:\/\/www.is.fi\/haku\/?query=Paula%20Vesalan\" rel=\"nofollow noopener\" target=\"_blank\">Paula Vesalan<\/a> ja <a class=\"article-personlink\" href=\"https:\/\/www.is.fi\/haku\/?query=Mira%20Luodin\" rel=\"nofollow noopener\" target=\"_blank\">Mira Luodin<\/a> PMMP-yhtyeen monista kappaleista vuosina 2003\u20132013 sek\u00e4 tunnistettavia ett\u00e4 viilt\u00e4vi\u00e4.<\/p>\n<p class=\"article-body margin-bottom-24 padding-x-16\">Yhtyeen alkua, railakasta menestyst\u00e4, rajuja v\u00e4h\u00e4lt\u00e4 piti -tilanteita, riitaisaa loppua sek\u00e4 viime vuoden paluukiertuetta muisteleva liki kaksituntinen dokumentti osoittaa, ettei tuo taito ole kadonnut mihink\u00e4\u00e4n.<\/p>\n<p class=\"article-body margin-bottom-24 padding-x-16\">Nyt nelikymppiset Vesala ja Luoti pystyv\u00e4t puhumaan julkisesti \u00e4\u00e4neen niist\u00e4kin asioista, jotka viel\u00e4 PMMP-aikana olivat heit\u00e4 liian l\u00e4hell\u00e4: <a class=\"article-genericlink\" href=\"https:\/\/www.is.fi\/tv-ja-elokuvat\/art-2000011436906.html\" rel=\"nofollow noopener\" target=\"_blank\">seksuaalisesta ahdistelusta<\/a>, julkisesta v\u00e4h\u00e4ttelyst\u00e4 ja nolaamisesta, <a class=\"article-genericlink\" href=\"https:\/\/www.is.fi\/viihde\/art-2000011439843.html\" rel=\"nofollow noopener\" target=\"_blank\">lasten saamisen vaikeudesta<\/a>. L\u00e4\u00e4kkeiden yliannostuksesta, ahdistuksesta ja itsetuhoisuudesta, kiivaan <a class=\"article-genericlink\" href=\"https:\/\/www.is.fi\/tv-ja-elokuvat\/art-2000011461016.html\" rel=\"nofollow noopener\" target=\"_blank\">keikkatahdin ja keskenmenon<\/a> mahdottomasta yht\u00e4l\u00f6st\u00e4.<\/p>\n<p class=\"article-body margin-bottom-24 padding-x-16\"><a class=\"article-personlink\" href=\"https:\/\/www.is.fi\/haku\/?query=Kati%20Laukkasen\" rel=\"nofollow noopener\" target=\"_blank\">Kati Laukkasen<\/a> Ylelle ohjaama dokumentti avaa h\u00e4tk\u00e4hdytt\u00e4v\u00e4n avoimen ikkunan Vesalan ja Luodin el\u00e4m\u00e4n k\u00e4\u00e4nnekohtiin sek\u00e4 kummankin yh\u00e4 kantamiin tuskaisiin kipupisteisiin.<\/p>\n<p><img decoding=\"async\" src=\"https:\/\/www.europesays.com\/fi\/wp-content\/uploads\/2025\/09\/1757052668_99_468.jpg\" alt=\"Paula Vesala ja Mira Luoti toivat PMMP-yhtyeen vuonna 2024 Helsingin Olympiastadionille.\" class=\"_Img_tdqg8_1\" style=\"aspect-ratio:1.7777777777777777\" loading=\"eager\"\/><\/p>\n<p class=\"article-picture-caption\">Paula Vesala ja Mira Luoti toivat PMMP-yhtyeen vuonna 2024 Helsingin Olympiastadionille. Kuva:\u00a0Yle<\/p>\n<p class=\"article-body margin-bottom-24 padding-x-16\">Kumpikin paljastaa itsest\u00e4\u00e4n enemm\u00e4n kuin koskaan aiemmin.<\/p>\n<p class=\"article-body margin-bottom-24 padding-x-16\">Haastattelijana Laukkanen kulkee taitavasti Vesalan ja Luodin, PMMP:n basistin <a class=\"article-personlink\" href=\"https:\/\/www.is.fi\/haku\/?query=Juho%20Vehmasen\" rel=\"nofollow noopener\" target=\"_blank\">Juho Vehmasen<\/a>, rumpali <a class=\"article-personlink\" href=\"https:\/\/www.is.fi\/haku\/?query=Heikki%20Kyt%C3%B6l%C3%A4n\" rel=\"nofollow noopener\" target=\"_blank\">Heikki Kyt\u00f6l\u00e4n<\/a>, kitaristi <a class=\"article-personlink\" href=\"https:\/\/www.is.fi\/haku\/?query=Mikko%20Virran\" rel=\"nofollow noopener\" target=\"_blank\">Mikko Virran<\/a>, miksaaja <a class=\"article-personlink\" href=\"https:\/\/www.is.fi\/haku\/?query=Janne%20R%C3%B6nningin\" rel=\"nofollow noopener\" target=\"_blank\">Janne R\u00f6nningin<\/a> sek\u00e4 s\u00e4velt\u00e4j\u00e4 <a class=\"article-personlink\" href=\"https:\/\/www.is.fi\/haku\/?query=Jori%20Sj%C3%B6roosin\" rel=\"nofollow noopener\" target=\"_blank\">Jori Sj\u00f6roosin<\/a> rinnalla. Heid\u00e4n jakamistaan rajuista muistoista kasvaa vahvasti empaattinen kuva 2000-luvun alkupuolen musiikki\u00adbisneksest\u00e4 sek\u00e4 sit\u00e4 ymp\u00e4r\u00f6ineest\u00e4 julkisuudesta.<\/p>\n<p><img decoding=\"async\" src=\"https:\/\/www.europesays.com\/fi\/wp-content\/uploads\/2025\/09\/1757064069_359_468.jpg\" alt=\"PMMP syntyi 2000-luvun alussa s\u00e4velt\u00e4j\u00e4 Jori Sj\u00f6roosin kanssa. Kaikki kolme sanovat sen olleen aikaa, jolloin mukana kulki my\u00f6s ajoittainen masennus.\" class=\"_Img_tdqg8_1\" style=\"aspect-ratio:1.7777777777777777\" loading=\"eager\"\/><\/p>\n<p class=\"article-picture-caption\">PMMP syntyi 2000-luvun alussa s\u00e4velt\u00e4j\u00e4 Jori Sj\u00f6roosin kanssa. Kaikki kolme sanovat sen olleen aikaa, jolloin mukana kulki my\u00f6s ajoittainen masennus. Kuva:\u00a0Yle<\/p>\n<p class=\"article-body margin-bottom-24 padding-x-16\">Seksist\u00e4 ja rusketusraidoista laulaneille parikymppisille nuorille naisille 20 vuoden takainen maailma ei ollut helppo ymp\u00e4rist\u00f6. Se n\u00e4kyy, kun Vesala ja Luoti ruotivat heit\u00e4 itse\u00e4\u00e4n k\u00e4sittelevi\u00e4 lehtileikkeit\u00e4 ja tv-haastatteluja. Bimbon leima istui lujassa, vaikka b\u00e4ndin kappaleet olivat heid\u00e4n ja Sj\u00f6roosin omaa tekoa.<\/p>\n<p class=\"article-body margin-bottom-24 padding-x-16\">Tv:n keskusteluohjelmassa <a class=\"article-personlink\" href=\"https:\/\/www.is.fi\/haku\/?query=Henkka%20Hypp%C3%B6nen\" rel=\"nofollow noopener\" target=\"_blank\">Henkka Hypp\u00f6nen<\/a> ja <a class=\"article-personlink\" href=\"https:\/\/www.is.fi\/haku\/?query=Tuomas%20Enbuske\" rel=\"nofollow noopener\" target=\"_blank\">Tuomas Enbuske<\/a> tivasivat levyn kansitaiteen \u201dpornoestetiikasta\u201d ja yrittiv\u00e4t saada nuorta Paulaa ja Miraa suutelemaan kesken\u00e4\u00e4n.<\/p>\n<p class=\"article-body margin-bottom-24 padding-x-16\">\u2013 N\u00e4en itsest\u00e4ni, ett\u00e4 olen ihan paniikissa, Vesala katsoo 2003 tehty\u00e4 haastattelua nyt silm\u00e4t ymmyrk\u00e4isin\u00e4.<\/p>\n<p class=\"article-body margin-bottom-24 padding-x-16\">\u2013 Tuossa pit\u00e4isi osata sanoa kaikkea, ja sitten on shokkitilassa, kun on heitetty kiimaisten setien eteen, h\u00e4n ihmettelee.<\/p>\n<p><img decoding=\"async\" src=\"https:\/\/www.europesays.com\/fi\/wp-content\/uploads\/2025\/09\/1757064069_165_468.jpg\" alt=\"Parikymppiset Paula Vesala ja Mira Luoti PMMP:n keikkabussissa 2000-luvun alussa.\" class=\"_Img_tdqg8_1\" style=\"aspect-ratio:1.7777777777777777\" loading=\"eager\"\/><\/p>\n<p class=\"article-picture-caption\">Parikymppiset Paula Vesala ja Mira Luoti PMMP:n keikkabussissa 2000-luvun alussa. Kuva:\u00a0Yle<\/p>\n<p class=\"article-body margin-bottom-24 padding-x-16\">Julmuudessa pisimm\u00e4lle meni julkkistoimittaja <a class=\"article-personlink\" href=\"https:\/\/www.is.fi\/haku\/?query=Mattiesko%20Hyt%C3%B6nen\" rel=\"nofollow noopener\" target=\"_blank\">Mattiesko Hyt\u00f6nen<\/a>, joka tekstiss\u00e4\u00e4n kehotti parikymppist\u00e4 Paula Vesalaa hypp\u00e4\u00e4m\u00e4\u00e4n sementtiin \u2013 Vesalan tulkinnan mukaan tappamaan itsens\u00e4.<\/p>\n<p class=\"article-body margin-bottom-24 padding-x-16\">Se tuntui ep\u00e4ilem\u00e4tt\u00e4 kohtuuttomalta, varsinkin kun taustalla oli jo valmiiksi kamppailua mielenterveyden kanssa.<\/p>\n<p class=\"article-body margin-bottom-24 padding-x-16\">\u2013 Olin ollut tosi masentunutkin, ja meill\u00e4 on ehk\u00e4 ollut eriaikaisesti itsetuhoisuutta. Olin l\u00e4\u00e4kityksell\u00e4 viel\u00e4 b\u00e4ndiaikana pariin kertaan, Vesala kertoo.<\/p>\n<p><img decoding=\"async\" src=\"https:\/\/www.europesays.com\/fi\/wp-content\/uploads\/2025\/09\/1757064069_269_468.jpg\" alt=\"Paula Vesala ja Mira Luoti katsovat dokumentissa my\u00f6s klippi\u00e4 tosi-tv-ohjelmasta Popstars, joka tutustutti heid\u00e4t toisiinsa.\" class=\"_Img_tdqg8_1\" style=\"aspect-ratio:1.7777777777777777\" loading=\"eager\"\/><\/p>\n<p class=\"article-picture-caption\">Paula Vesala ja Mira Luoti katsovat dokumentissa my\u00f6s klippi\u00e4 tosi-tv-ohjelmasta Popstars, joka tutustutti heid\u00e4t toisiinsa. Kuva:\u00a0Yle<\/p>\n<p class=\"article-body margin-bottom-24 padding-x-16\">Tunnelma ohjelmassa on vahvasti kaksijakoinen. Ilo on mukana Olympiastadionille vieneell\u00e4 tuoreella paluukiertueella, samoin vanhoissa videoklipeiss\u00e4 keikkabussista ja takahuoneista. Kaiken p\u00e4\u00e4ll\u00e4 v\u00e4reilee silti suru.<\/p>\n<p class=\"article-body margin-bottom-24 padding-x-16\">Sek\u00e4 Paula ja Mira osasivat esiinty\u00e4 ja laulaa jo aivan pikkutyt\u00f6st\u00e4 asti, mutta hauskoissa lapsuusmuistoissakin on l\u00e4sn\u00e4 tuska. Luodin musiikkiluokan luokanvalvoja juotti seiskaluokkalaisille tyt\u00f6ille esiintymismatkoilla olutta ja k\u00e4hmi.<\/p>\n<p><img decoding=\"async\" src=\"https:\/\/www.europesays.com\/fi\/wp-content\/uploads\/2025\/09\/1757064069_729_468.jpg\" alt=\"Dokumentissa on mukana runsaasti katkelmia vanhoista kotivideoista. Paula Vesalasta tuli laulaja jo pikkytytt\u00f6n\u00e4.\" class=\"_Img_tdqg8_1\" style=\"aspect-ratio:1.7777777777777777\" loading=\"eager\"\/><\/p>\n<p class=\"article-picture-caption\">Dokumentissa on mukana runsaasti katkelmia vanhoista kotivideoista. Paula Vesalasta tuli laulaja jo pikkytytt\u00f6n\u00e4. Kuva:\u00a0Yle<\/p>\n<p class=\"article-body margin-bottom-24 padding-x-16\">Luodin oma is\u00e4 oli ollut alkoholisti, joka kuoli, kun Mira-vauva oli kuukauden ik\u00e4inen. Vesalan is\u00e4 oli k\u00e4rsinyt masennuksesta ja kuollut jo ennen h\u00e4nen syntym\u00e4\u00e4ns\u00e4. Is\u00e4puoli oli v\u00e4kivaltainen, ja h\u00e4nell\u00e4 oli alkoholiongelma.<\/p>\n<p class=\"article-body margin-bottom-24 padding-x-16\">Molemmat kertovat vaikeista muistoistaan dokumentissa niin syd\u00e4nverell\u00e4 ja silm\u00e4t kostuneina, ett\u00e4 se koskettaa katsoessakin syv\u00e4lt\u00e4. Kuolemasta kertova PMMP:n Lautturi ja parisuhdev\u00e4kivallasta kertova Joku raja soivat juuri oikeilla hetkill\u00e4.<\/p>\n<p><img decoding=\"async\" src=\"https:\/\/www.europesays.com\/fi\/wp-content\/uploads\/2025\/09\/1757064069_737_468.jpg\" alt=\"PMMP:n keikkakokoonpano: kitaristi Mikko Virta, Mira Luoti, basisti Juho Vehmanen, rumpali Heikki Kyt\u00f6l\u00e4 ja Paula Vesala.\" class=\"_Img_tdqg8_1\" style=\"aspect-ratio:1.7777777777777777\" loading=\"eager\"\/><\/p>\n<p class=\"article-picture-caption\">PMMP:n keikkakokoonpano: kitaristi Mikko Virta, Mira Luoti, basisti Juho Vehmanen, rumpali Heikki Kyt\u00f6l\u00e4 ja Paula Vesala. Kuva:\u00a0Yle<\/p>\n<p class=\"article-body margin-bottom-24 padding-x-16\">PMMP:n lopettaessa Vesala ja Luoti eiv\u00e4t n\u00e4ytt\u00e4neet ulosp\u00e4in keskin\u00e4isi\u00e4 ristiriitojaan. Nyt Luoti kertoo, ett\u00e4 kyse ei varsinaisesti ollut riidoista \u2013 oli vain puhumattomuutta, jota keinojen puuttuessa yritettiin pakoilla.<\/p>\n<p class=\"article-body margin-bottom-24 padding-x-16\">Rohkeaa Vesalan ja Luodin puheissa on nyt avoin herkkyys, jolla kumpikin avaa haavojaan ja tekee n\u00e4kyviksi niiden syyt. Luodin ei takuulla ollut helppoa kertoa tv-ohjelman kuvauksissa kokemastaan seksuaalisesta v\u00e4kivallasta eik\u00e4 Vesalan kokemastaan l\u00e4hisuhdev\u00e4kivallasta, mutta silti he kertovat.<\/p>\n<p class=\"article-body margin-bottom-24 padding-x-16\">L\u00e4himenneisyyden ajan hengen kitker\u00e4nkriittinen ruotiminen on itsess\u00e4\u00e4n yhteiskunnallisesti arvokasta. Viel\u00e4 isompaa vertaistukea he tarjoavat avaamalla omia kipukohtiaan. Se todistaa, ett\u00e4 vaikeistakin asioista voi \u2013 ja selviyty\u00e4kseen my\u00f6s pit\u00e4\u00e4 \u2013 puhua.<\/p>\n<p class=\"article-body margin-bottom-24 padding-x-16\">PMMP keikalla: Ei en\u00e4\u00e4 ikin\u00e4, Teema &amp; Fem klo 21.00 lauantaina 6.9. &amp; Yle Areena<\/p>\n","protected":false},"excerpt":{"rendered":"PMMP keikalla: Ei en\u00e4\u00e4 ikin\u00e4 -dokumentti on kuin Paula Vesalan ja Mira Luodin kappaleet: h\u00e4tk\u00e4hdytt\u00e4v\u00e4 ja kuristavan koskettava.&hellip;\n","protected":false},"author":2,"featured_media":26269,"comment_status":"","ping_status":"","sticky":false,"template":"","format":"standard","meta":{"footnotes":""},"categories":[132],"tags":[137,33,31,30,34,195,47,32,109],"class_list":{"0":"post-26268","1":"post","2":"type-post","3":"status-publish","4":"format-standard","5":"has-post-thumbnail","7":"category-musiikki","8":"tag-entertainment","9":"tag-fi","10":"tag-finland","11":"tag-finnish","12":"tag-ilta-sanomat","13":"tag-music","14":"tag-musiikki","15":"tag-suomi","16":"tag-viihde"},"share_on_mastodon":{"url":"","error":""},"_links":{"self":[{"href":"https:\/\/www.europesays.com\/fi\/wp-json\/wp\/v2\/posts\/26268","targetHints":{"allow":["GET"]}}],"collection":[{"href":"https:\/\/www.europesays.com\/fi\/wp-json\/wp\/v2\/posts"}],"about":[{"href":"https:\/\/www.europesays.com\/fi\/wp-json\/wp\/v2\/types\/post"}],"author":[{"embeddable":true,"href":"https:\/\/www.europesays.com\/fi\/wp-json\/wp\/v2\/users\/2"}],"replies":[{"embeddable":true,"href":"https:\/\/www.europesays.com\/fi\/wp-json\/wp\/v2\/comments?post=26268"}],"version-history":[{"count":0,"href":"https:\/\/www.europesays.com\/fi\/wp-json\/wp\/v2\/posts\/26268\/revisions"}],"wp:featuredmedia":[{"embeddable":true,"href":"https:\/\/www.europesays.com\/fi\/wp-json\/wp\/v2\/media\/26269"}],"wp:attachment":[{"href":"https:\/\/www.europesays.com\/fi\/wp-json\/wp\/v2\/media?parent=26268"}],"wp:term":[{"taxonomy":"category","embeddable":true,"href":"https:\/\/www.europesays.com\/fi\/wp-json\/wp\/v2\/categories?post=26268"},{"taxonomy":"post_tag","embeddable":true,"href":"https:\/\/www.europesays.com\/fi\/wp-json\/wp\/v2\/tags?post=26268"}],"curies":[{"name":"wp","href":"https:\/\/api.w.org\/{rel}","templated":true}]}}