{"id":26279,"date":"2025-09-05T09:29:07","date_gmt":"2025-09-05T09:29:07","guid":{"rendered":"https:\/\/www.europesays.com\/fi\/26279\/"},"modified":"2025-09-05T09:29:07","modified_gmt":"2025-09-05T09:29:07","slug":"naton-rutte-olen-huolissani","status":"publish","type":"post","link":"https:\/\/www.europesays.com\/fi\/26279\/","title":{"rendered":"Naton Rutte: \u201dOlen huolissani\u201d"},"content":{"rendered":"<p>Naton p\u00e4\u00e4sihteeri puhui torstaina T\u0161ekin p\u00e4\u00e4kaupungissa.<\/p>\n<p><img decoding=\"async\" class=\"image image-show image-preview\" src=\"https:\/\/www.europesays.com\/fi\/wp-content\/uploads\/2025\/09\/5cc638e5f38dcd5eb77d9216a4038d3602f8cec178f6465a198f4d68ee17bd7a.jpg\" alt=\"\"\/><img decoding=\"async\" class=\"image image-show\" src=\"https:\/\/www.europesays.com\/fi\/wp-content\/uploads\/2025\/09\/1757064547_751_5cc638e5f38dcd5eb77d9216a4038d3602f8cec178f6465a198f4d68ee17bd7a.jpg\" alt=\"\"\/><\/p>\n<p>Naton p\u00e4\u00e4sihteeri Mark Rutte esitti Prahassa tiukan varoituksen. ZumaWire \/ MVPHOTOS<\/p>\n<p class=\"paragraph\">Naton p\u00e4\u00e4sihteeri <strong>Mark Rutte<\/strong> varoittaa, ett\u00e4 Kiina on laivastonsa rakentamisessa huomattavasti Yhdysvaltoja ja sen l\u00e4nsiliittolaisia edell\u00e4.<\/p>\n<p class=\"paragraph\">\u2013 Mit\u00e4 tulee laivanrakennukseen ja laivastoomme \u2013 erityisesti Yhdysvaltain laivastoon \u2013 olen todella huolissani, Rutte sanoi amerikkalaismedia <a href=\"https:\/\/www.newsweek.com\/nato-china-us-navy-ships-rutte-2124306\" target=\"_blank\" rel=\"noopener nofollow\">Newsweekin<\/a> mukaan torstaina T\u0161ekin p\u00e4\u00e4kaupunki Prahassa.<\/p>\n<p class=\"paragraph\">Naton p\u00e4\u00e4sihteeri huomautti Kiinalla olevan nyt enemm\u00e4n aluksia toiminnassa kuin Yhdysvalloilla, eik\u00e4 USA:n tuotanto ole sellaisella tasolla, ett\u00e4 eron kurominen umpeen olisi nykyhetkess\u00e4 mahdollista. Euroopan osalta Rutte totesi laivanrakennusmarkkinoiden kehittyv\u00e4n.<\/p>\n<p class=\"paragraph\">\u2013 Mutta tarvitsemme paljon enemm\u00e4n, jos haluamme yhdess\u00e4 t\u00e4ytt\u00e4\u00e4 t\u00e4m\u00e4n aukon.<\/p>\n<p class=\"paragraph\">Pentagon my\u00f6nsi viime joulukuussa, ett\u00e4 Kiinan laivasto on numeraalisesti maailman suurin ja sen taistelujoukot koostuvat yli 370 aluksesta ja sukellusveneest\u00e4, mukaan lukien yli 140 merkitt\u00e4v\u00e4\u00e4 pinta-alusta.<\/p>\n<p class=\"paragraph\">On arvioitu, ett\u00e4 suurin osa Kiinan laivastosta koostuu nykyaikaisista aluksista. Maan odotetaan saavan kolmannen lentotukialuksen toimintakuntoon viel\u00e4 t\u00e4m\u00e4n vuoden aikana. Merenkulkualan asiantuntija <strong>Nick Childs<\/strong> avasi hiljattain Britannian yleisradioyhti\u00f6 <a href=\"https:\/\/www.bbc.com\/news\/articles\/c4gmnpg31xlo\" target=\"_blank\" rel=\"noopener nofollow\">BBC:lle<\/a> Kiinan massiivista tuotantokyky\u00e4.<\/p>\n<p class=\"paragraph\">\u2013 Kiinan kapasiteetti rakentaa aluksia on noin 200 kertaa suurempi kuin Yhdysvaltojen, Childs sanoi.<\/p>\n","protected":false},"excerpt":{"rendered":"Naton p\u00e4\u00e4sihteeri puhui torstaina T\u0161ekin p\u00e4\u00e4kaupungissa. Naton p\u00e4\u00e4sihteeri Mark Rutte esitti Prahassa tiukan varoituksen. ZumaWire \/ MVPHOTOS Naton&hellip;\n","protected":false},"author":2,"featured_media":26280,"comment_status":"","ping_status":"","sticky":false,"template":"","format":"standard","meta":{"footnotes":""},"categories":[14],"tags":[35,722,1204,22,23,26,27,33,31,30,17,24,25,121,28,29,15,18,21,637,144,32,19,20,56,16,59,60,61],"class_list":{"0":"post-26279","1":"post","2":"type-post","3":"status-publish","4":"format-standard","5":"has-post-thumbnail","7":"category-ulkomaat","8":"tag-24h","9":"tag-amerikka","10":"tag-avaruusteknologia-ja-puolustusteollisuus","11":"tag-breaking-news","12":"tag-breakingnews","13":"tag-featured-news","14":"tag-featurednews","15":"tag-fi","16":"tag-finland","17":"tag-finnish","18":"tag-headlines","19":"tag-latest-news","20":"tag-latestnews","21":"tag-liikenne-ja-kuljetus","22":"tag-main-news","23":"tag-mainnews","24":"tag-news","25":"tag-otsikot","26":"tag-paauutiset","27":"tag-politiikka","28":"tag-presidentti","29":"tag-suomi","30":"tag-top-stories","31":"tag-topstories","32":"tag-ulkomaat","33":"tag-uutiset","34":"tag-world","35":"tag-world-news","36":"tag-worldnews"},"share_on_mastodon":{"url":"","error":""},"_links":{"self":[{"href":"https:\/\/www.europesays.com\/fi\/wp-json\/wp\/v2\/posts\/26279","targetHints":{"allow":["GET"]}}],"collection":[{"href":"https:\/\/www.europesays.com\/fi\/wp-json\/wp\/v2\/posts"}],"about":[{"href":"https:\/\/www.europesays.com\/fi\/wp-json\/wp\/v2\/types\/post"}],"author":[{"embeddable":true,"href":"https:\/\/www.europesays.com\/fi\/wp-json\/wp\/v2\/users\/2"}],"replies":[{"embeddable":true,"href":"https:\/\/www.europesays.com\/fi\/wp-json\/wp\/v2\/comments?post=26279"}],"version-history":[{"count":0,"href":"https:\/\/www.europesays.com\/fi\/wp-json\/wp\/v2\/posts\/26279\/revisions"}],"wp:featuredmedia":[{"embeddable":true,"href":"https:\/\/www.europesays.com\/fi\/wp-json\/wp\/v2\/media\/26280"}],"wp:attachment":[{"href":"https:\/\/www.europesays.com\/fi\/wp-json\/wp\/v2\/media?parent=26279"}],"wp:term":[{"taxonomy":"category","embeddable":true,"href":"https:\/\/www.europesays.com\/fi\/wp-json\/wp\/v2\/categories?post=26279"},{"taxonomy":"post_tag","embeddable":true,"href":"https:\/\/www.europesays.com\/fi\/wp-json\/wp\/v2\/tags?post=26279"}],"curies":[{"name":"wp","href":"https:\/\/api.w.org\/{rel}","templated":true}]}}