{"id":26287,"date":"2025-09-05T09:49:13","date_gmt":"2025-09-05T09:49:13","guid":{"rendered":"https:\/\/www.europesays.com\/fi\/26287\/"},"modified":"2025-09-05T09:49:13","modified_gmt":"2025-09-05T09:49:13","slug":"motorola-edge-60-neo-moto-g06-ja-g06-power-paljastuivat-virallisista-vuotokuvista","status":"publish","type":"post","link":"https:\/\/www.europesays.com\/fi\/26287\/","title":{"rendered":"Motorola Edge 60 Neo, Moto G06 ja G06 Power paljastuivat virallisista vuotokuvista"},"content":{"rendered":"<p><img loading=\"lazy\" decoding=\"async\" aria-describedby=\"caption-attachment-145566\" class=\"size-full wp-image-145566\" src=\"https:\/\/www.europesays.com\/fi\/wp-content\/uploads\/2025\/09\/motorola-edge-60-neo-3.jpg\" alt=\"\" width=\"720\" height=\"500\"\/><\/p>\n<p id=\"caption-attachment-145566\" class=\"wp-caption-text\">Motorola Edge 60 Neo<\/p>\n<p>Motorolan tulevasta puhelinmallistosta on saatu j\u00e4lleen lis\u00e4tietoja, sill\u00e4 verkkoon on vuotanut virallisilta n\u00e4ytt\u00e4vi\u00e4 lehdist\u00f6kuvia kolmesta uutuudesta. Vuodot paljastavat Motorola Edge 60 Neosta ensimm\u00e4iset kuvat sek\u00e4 samalla my\u00f6s Moto G06- ja G06 Power -mallit.<\/p>\n<p>Edge 60 -sarja on jo saanut useita j\u00e4seni\u00e4, mutta Neo-versio on t\u00e4h\u00e4n menness\u00e4 puuttunut. Nyt julkaistut kuvat vahvistavat sen olevan tulossa, vaikka tarkemmat tekniset tiedot pysyv\u00e4t toistaiseksi piilossa.<\/p>\n<p>\n\t\t\tArtikkeli jatkuu mainoksen j\u00e4lkeen\n\t\t<\/p>\n<p>\t\t]]><\/p>\n<dl class=\"gallery-item\">\n<dt class=\"gallery-icon landscape\">\n\t\t\t\t<a href=\"https:\/\/www.europesays.com\/fi\/wp-content\/uploads\/2025\/09\/motorola-edge-60-neo-2.jpg\"><img loading=\"lazy\" decoding=\"async\" width=\"720\" height=\"500\" src=\"https:\/\/www.europesays.com\/fi\/wp-content\/uploads\/2025\/09\/motorola-edge-60-neo-2.jpg\" class=\"attachment-large size-large\" alt=\"\" aria-describedby=\"gallery-4-145567\"\/><\/a>\n\t\t\t<\/dt>\n<dd class=\"wp-caption-text gallery-caption\" id=\"gallery-4-145567\">\n\t\t\t\tMotorola Edge 60 Neo\n\t\t\t\t<\/dd>\n<\/dl>\n<dl class=\"gallery-item\">\n<dt class=\"gallery-icon landscape\">\n\t\t\t\t<a href=\"https:\/\/www.europesays.com\/fi\/wp-content\/uploads\/2025\/09\/motorola-edge-60-neo-1.jpg\"><img loading=\"lazy\" decoding=\"async\" width=\"720\" height=\"500\" src=\"https:\/\/www.europesays.com\/fi\/wp-content\/uploads\/2025\/09\/motorola-edge-60-neo-1.jpg\" class=\"attachment-large size-large\" alt=\"\" aria-describedby=\"gallery-4-145568\"\/><\/a>\n\t\t\t<\/dt>\n<dd class=\"wp-caption-text gallery-caption\" id=\"gallery-4-145568\">\n\t\t\t\tMotorola Edge 60 Neo\n\t\t\t\t<\/dd>\n<\/dl>\n<p><br style=\"clear: both\"\/><\/p>\n<p>Ulkoisesti Edge 60 Neo noudattaa sarjan tuttua muotokielt\u00e4, ja oikestaan ulkoisia muutoksia ei juurikaan ole verrattuna Edge 50 Neo -malliin. Lis\u00e4tietoja puhelimesta odotetaan l\u00e4hiaikoina.<\/p>\n<p>My\u00f6s pitk\u00e4\u00e4n huhuissa py\u00f6rinyt Moto G06 on noussut julkisuuteen virallisilta n\u00e4ytt\u00e4viss\u00e4 vuotokuvissa. Lis\u00e4ksi Motorola n\u00e4ytt\u00e4\u00e4 valmistautuvan esittelem\u00e4\u00e4n rinnalla G06 Power -version, jonka nimest\u00e4 p\u00e4\u00e4tellen se tarjoaa suuremman akun perusmalliin verrattuna.<\/p>\n<p>\n\t\t\tArtikkeli jatkuu mainoksen j\u00e4lkeen\n\t\t<\/p>\n<p>\t\t]]><\/p>\n<dl class=\"gallery-item\">\n<dt class=\"gallery-icon landscape\">\n\t\t\t\t<a href=\"https:\/\/www.europesays.com\/fi\/wp-content\/uploads\/2025\/09\/moto-g06-EB-2.png\"><img loading=\"lazy\" decoding=\"async\" width=\"720\" height=\"500\" src=\"https:\/\/www.europesays.com\/fi\/wp-content\/uploads\/2025\/09\/moto-g06-EB-2.png\" class=\"attachment-large size-large\" alt=\"\" aria-describedby=\"gallery-5-145561\"\/><\/a>\n\t\t\t<\/dt>\n<dd class=\"wp-caption-text gallery-caption\" id=\"gallery-5-145561\">\n\t\t\t\tMotorola Moto G06\n\t\t\t\t<\/dd>\n<\/dl>\n<dl class=\"gallery-item\">\n<dt class=\"gallery-icon landscape\">\n\t\t\t\t<a href=\"https:\/\/www.europesays.com\/fi\/wp-content\/uploads\/2025\/09\/moto-g06-EB-3.png\"><img loading=\"lazy\" decoding=\"async\" width=\"720\" height=\"500\" src=\"https:\/\/www.europesays.com\/fi\/wp-content\/uploads\/2025\/09\/moto-g06-EB-3.png\" class=\"attachment-large size-large\" alt=\"\" aria-describedby=\"gallery-5-145560\"\/><\/a>\n\t\t\t<\/dt>\n<dd class=\"wp-caption-text gallery-caption\" id=\"gallery-5-145560\">\n\t\t\t\tMotorola Moto G06\n\t\t\t\t<\/dd>\n<\/dl>\n<dl class=\"gallery-item\">\n<dt class=\"gallery-icon landscape\">\n\t\t\t\t<a href=\"https:\/\/www.europesays.com\/fi\/wp-content\/uploads\/2025\/09\/moto-g06-EB-1.png\"><img loading=\"lazy\" decoding=\"async\" width=\"720\" height=\"500\" src=\"https:\/\/www.europesays.com\/fi\/wp-content\/uploads\/2025\/09\/moto-g06-EB-1.png\" class=\"attachment-large size-large\" alt=\"\" aria-describedby=\"gallery-5-145562\"\/><\/a>\n\t\t\t<\/dt>\n<dd class=\"wp-caption-text gallery-caption\" id=\"gallery-5-145562\">\n\t\t\t\tMotorola Moto G06\n\t\t\t\t<\/dd>\n<\/dl>\n<p><br style=\"clear: both\"\/><\/p>\n<p>Aiemmat vuodot kertovat, ett\u00e4 Moto G06 sis\u00e4lt\u00e4isi MediaTek Helio G81 Extreme -j\u00e4rjestelm\u00e4piirin ja v\u00e4hint\u00e4\u00e4n 4 gigatavua RAM-muistia, mutta muita muistiversioita on mahdollisesti luvassa. Akuksi on odotettu 5100 milliampeerituntia, ja se tukisi 10 watin langallista latausta. K\u00e4ytt\u00f6j\u00e4rjestelm\u00e4n\u00e4 toimisi Android 15. V\u00e4rivaihtoehtoja olisivat Pantone Tapestry, Arabesque sek\u00e4 Tendril.<\/p>\n<p>Tarkempia tietoja Motorolan uutuusmalleista odotetaan viel\u00e4 ennen virallista julkaisua, mutta vuodot antavat jo hyv\u00e4n kuvan siit\u00e4, mit\u00e4 tuleman pit\u00e4\u00e4. Julkaisu voisi tapahtua ensi viikolla IFA-messuilla.<\/p>\n<p>\t\t]]><\/p>\n<dl class=\"gallery-item\">\n<dt class=\"gallery-icon landscape\">\n\t\t\t\t<a href=\"https:\/\/www.europesays.com\/fi\/wp-content\/uploads\/2025\/09\/moto-g06-power-eb-1.png\"><img loading=\"lazy\" decoding=\"async\" width=\"720\" height=\"500\" src=\"https:\/\/www.europesays.com\/fi\/wp-content\/uploads\/2025\/09\/moto-g06-power-eb-1.png\" class=\"attachment-large size-large\" alt=\"\" aria-describedby=\"gallery-6-145565\"\/><\/a>\n\t\t\t<\/dt>\n<dd class=\"wp-caption-text gallery-caption\" id=\"gallery-6-145565\">\n\t\t\t\tMotorola Moto G06 Power\n\t\t\t\t<\/dd>\n<\/dl>\n<dl class=\"gallery-item\">\n<dt class=\"gallery-icon landscape\">\n\t\t\t\t<a href=\"https:\/\/www.europesays.com\/fi\/wp-content\/uploads\/2025\/09\/moto-g06-power-eb-2.png\"><img loading=\"lazy\" decoding=\"async\" width=\"720\" height=\"500\" src=\"https:\/\/www.europesays.com\/fi\/wp-content\/uploads\/2025\/09\/moto-g06-power-eb-2.png\" class=\"attachment-large size-large\" alt=\"\" aria-describedby=\"gallery-6-145564\"\/><\/a>\n\t\t\t<\/dt>\n<dd class=\"wp-caption-text gallery-caption\" id=\"gallery-6-145564\">\n\t\t\t\tMotorola Moto G06 Power\n\t\t\t\t<\/dd>\n<\/dl>\n<dl class=\"gallery-item\">\n<dt class=\"gallery-icon landscape\">\n\t\t\t\t<a href=\"https:\/\/www.europesays.com\/fi\/wp-content\/uploads\/2025\/09\/moto-g06-power-eb-3.png\"><img loading=\"lazy\" decoding=\"async\" width=\"720\" height=\"500\" src=\"https:\/\/www.europesays.com\/fi\/wp-content\/uploads\/2025\/09\/moto-g06-power-eb-3.png\" class=\"attachment-large size-large\" alt=\"\" aria-describedby=\"gallery-6-145563\"\/><\/a>\n\t\t\t<\/dt>\n<dd class=\"wp-caption-text gallery-caption\" id=\"gallery-6-145563\">\n\t\t\t\tMotorola Moto G06 Power\n\t\t\t\t<\/dd>\n<\/dl>\n<p><br style=\"clear: both\"\/><\/p>\n<p><strong>L\u00e4hde<\/strong>: <a href=\"https:\/\/x.com\/evleaks\/status\/1961238814409810283\" target=\"_blank\" rel=\"noopener nofollow\">X (Evan Blass)\u00a0<\/a><\/p>\n","protected":false},"excerpt":{"rendered":"Motorola Edge 60 Neo Motorolan tulevasta puhelinmallistosta on saatu j\u00e4lleen lis\u00e4tietoja, sill\u00e4 verkkoon on vuotanut virallisilta n\u00e4ytt\u00e4vi\u00e4 lehdist\u00f6kuvia&hellip;\n","protected":false},"author":2,"featured_media":26288,"comment_status":"","ping_status":"","sticky":false,"template":"","format":"standard","meta":{"footnotes":""},"categories":[85],"tags":[33,31,30,419,418,2431,8338,8339,8340,32,91,92,800],"class_list":{"0":"post-26287","1":"post","2":"type-post","3":"status-publish","4":"format-standard","5":"has-post-thumbnail","7":"category-mobiili","8":"tag-fi","9":"tag-finland","10":"tag-finnish","11":"tag-mobiili","12":"tag-mobile","13":"tag-motorola","14":"tag-motorola-edge-60-neo","15":"tag-motorola-moto-g06","16":"tag-motorola-moto-g06-power","17":"tag-suomi","18":"tag-technology","19":"tag-teknologia","20":"tag-vuoto"},"share_on_mastodon":{"url":"","error":""},"_links":{"self":[{"href":"https:\/\/www.europesays.com\/fi\/wp-json\/wp\/v2\/posts\/26287","targetHints":{"allow":["GET"]}}],"collection":[{"href":"https:\/\/www.europesays.com\/fi\/wp-json\/wp\/v2\/posts"}],"about":[{"href":"https:\/\/www.europesays.com\/fi\/wp-json\/wp\/v2\/types\/post"}],"author":[{"embeddable":true,"href":"https:\/\/www.europesays.com\/fi\/wp-json\/wp\/v2\/users\/2"}],"replies":[{"embeddable":true,"href":"https:\/\/www.europesays.com\/fi\/wp-json\/wp\/v2\/comments?post=26287"}],"version-history":[{"count":0,"href":"https:\/\/www.europesays.com\/fi\/wp-json\/wp\/v2\/posts\/26287\/revisions"}],"wp:featuredmedia":[{"embeddable":true,"href":"https:\/\/www.europesays.com\/fi\/wp-json\/wp\/v2\/media\/26288"}],"wp:attachment":[{"href":"https:\/\/www.europesays.com\/fi\/wp-json\/wp\/v2\/media?parent=26287"}],"wp:term":[{"taxonomy":"category","embeddable":true,"href":"https:\/\/www.europesays.com\/fi\/wp-json\/wp\/v2\/categories?post=26287"},{"taxonomy":"post_tag","embeddable":true,"href":"https:\/\/www.europesays.com\/fi\/wp-json\/wp\/v2\/tags?post=26287"}],"curies":[{"name":"wp","href":"https:\/\/api.w.org\/{rel}","templated":true}]}}