{"id":26290,"date":"2025-09-05T09:53:14","date_gmt":"2025-09-05T09:53:14","guid":{"rendered":"https:\/\/www.europesays.com\/fi\/26290\/"},"modified":"2025-09-05T09:53:14","modified_gmt":"2025-09-05T09:53:14","slug":"steve-n-seagulls-otti-iron-maiden-klassikon-kasittelyynsa-esittelee-samalla-uuden-jasenen","status":"publish","type":"post","link":"https:\/\/www.europesays.com\/fi\/26290\/","title":{"rendered":"Steve &#8217;n&#8217; Seagulls otti Iron Maiden -klassikon k\u00e4sittelyyns\u00e4 &#8211; Esittelee samalla uuden j\u00e4senen"},"content":{"rendered":"<p>Steve \u2019n\u2019 Seagulls on julkaissut kolmannen singlen lokakuussa ilmestyv\u00e4lt\u00e4 The Dark Side of the Moo -albumiltaan. Yhtye otti k\u00e4sittelyyns\u00e4 j\u00e4lleen yhden Iron Maiden -ikivihre\u00e4n The Trooperin, Aces High\u2019n ja Run to the Hillsin jatkoksi.<\/p>\n<p>\u201dThe Number of the Beast on todellinen klassikko ja siihen kajoaminen yht\u00e4aikaa innosti ja v\u00e4h\u00e4n my\u00f6s hirvitti. Biisi on niin hyv\u00e4, ett\u00e4 sen voi esitt\u00e4\u00e4 melkein mill\u00e4 tahansa tavalla ja soitinnuksella, silti se toimii. Metalligenreen sopivasti ujutimme biisiin my\u00f6s varsin isossa roolissa olevan tiluttelu- ja soolo-osuuden. Siin\u00e4 taas on liven\u00e4 hiki otsalla ja kaljat syliss\u00e4\u201d, yhtye kommentoi.<\/p>\n<p>Biisin sek\u00e4 kappaleen kylkeen tehdyn, Youtubessa t\u00e4n\u00e4\u00e4n kello 19 katsottavaksi tulevan videon l\u00f6yd\u00e4t tuosta alempaa.<\/p>\n<p>Singlejulkistuksen yhteydess\u00e4 orkesteri tiedottaa my\u00f6s kokoonpanomuutoksesta. Basisti Jamppa j\u00e4tt\u00e4\u00e4 yhtyeen 19 palvelusvuoden j\u00e4lkeen ja tyhj\u00e4ksi j\u00e4\u00e4neelle tontille hypp\u00e4\u00e4 multi-instrumentalisti Luigi, jolta taittuu basson lis\u00e4ksi my\u00f6s muun muassa haitari.<\/p>\n<p>\u201dOlemme menneet Jampan kanssa pitk\u00e4n p\u00e4tk\u00e4n keikkoja, levyj\u00e4 ja tehneet yhdess\u00e4 paljon. Mutta joskus asiat menev\u00e4t n\u00e4in, eik\u00e4 se kai koskaan ole ihan helppoa, kun tiiviin ryhm\u00e4n koostumus vaihtuu. Tilanteeseen ei liity dramatiikka tai muutakaan kaaosta, vaan voimme hyvill\u00e4 fiiliksill\u00e4 jatkaa matkaa omiin suuntiimme. Kiit\u00e4mme Jamppaa n\u00e4ist\u00e4 vuosista eritt\u00e4in paljon\u201d, yhtye toteaa.<\/p>\n<p>\u201dOlen astumassa edelt\u00e4jieni suuriin saappaisiin, joilla on tallattu niin monet kunnian kent\u00e4t kuin my\u00f6s turvesuot. Sittenkin lantapaakkuja pelk\u00e4\u00e4m\u00e4tt\u00e4 tulen ottamaan rohkeasti h\u00e4rk\u00e4\u00e4 sarvista! Sen taltutettuani karautan riemulla t\u00e4m\u00e4n hienon yhtyeen matkaan ja annan ilolla kaikkeni\u201d, kommentoi vuorostaan Luigi, joka p\u00e4\u00e4seekin lokakuussa sukeltamaan suoraan syv\u00e4\u00e4n p\u00e4\u00e4tyyn neitsytmatkallaan ymp\u00e4ri Brittien saaria ja Manner-Eurooppaa.<\/p>\n<p><img loading=\"lazy\" decoding=\"async\" alt=\"YouTube video\" width=\"480\" height=\"360\" data-pin-nopin=\"true\" nopin=\"nopin\" class=\"perfmatters-lazy\" src=\"https:\/\/www.europesays.com\/fi\/wp-content\/uploads\/2025\/09\/1757065994_643_hqdefault.jpg\"\/><\/p>\n<p><img loading=\"lazy\" decoding=\"async\" alt=\"YouTube video\" width=\"480\" height=\"360\" data-pin-nopin=\"true\" nopin=\"nopin\" class=\"perfmatters-lazy\" src=\"https:\/\/www.europesays.com\/fi\/wp-content\/uploads\/2025\/09\/1757065994_493_hqdefault.jpg\"\/><\/p>\n<p>Lue my\u00f6s: <a href=\"https:\/\/www.soundi.fi\/uutiset\/taas-banjot-soivat-ja-lato-tuoksuu-stevenseagulls-tarttui-todelliseen-suomalaiseen-ikivihreaan\/\" title=\"Taas banjot soivat ja lato tuoksuu: Steve\u2019n\u2019Seagulls tarttui todelliseen suomalaiseen ikivihre\u00e4\u00e4n\" class=\"underline-custom !font-montserrat !font-bold !underline-offset-4 !decoration-4 !decoration-tilt-light\" rel=\"nofollow noopener\" target=\"_blank\">Taas banjot soivat ja lato tuoksuu: Steve\u2019n\u2019Seagulls tarttui todelliseen suomalaiseen ikivihre\u00e4\u00e4n<\/a><\/p>\n","protected":false},"excerpt":{"rendered":"Steve \u2019n\u2019 Seagulls on julkaissut kolmannen singlen lokakuussa ilmestyv\u00e4lt\u00e4 The Dark Side of the Moo -albumiltaan. Yhtye otti&hellip;\n","protected":false},"author":2,"featured_media":26291,"comment_status":"","ping_status":"","sticky":false,"template":"","format":"standard","meta":{"footnotes":""},"categories":[132],"tags":[137,33,31,30,195,47,32,109],"class_list":{"0":"post-26290","1":"post","2":"type-post","3":"status-publish","4":"format-standard","5":"has-post-thumbnail","7":"category-musiikki","8":"tag-entertainment","9":"tag-fi","10":"tag-finland","11":"tag-finnish","12":"tag-music","13":"tag-musiikki","14":"tag-suomi","15":"tag-viihde"},"share_on_mastodon":{"url":"","error":""},"_links":{"self":[{"href":"https:\/\/www.europesays.com\/fi\/wp-json\/wp\/v2\/posts\/26290","targetHints":{"allow":["GET"]}}],"collection":[{"href":"https:\/\/www.europesays.com\/fi\/wp-json\/wp\/v2\/posts"}],"about":[{"href":"https:\/\/www.europesays.com\/fi\/wp-json\/wp\/v2\/types\/post"}],"author":[{"embeddable":true,"href":"https:\/\/www.europesays.com\/fi\/wp-json\/wp\/v2\/users\/2"}],"replies":[{"embeddable":true,"href":"https:\/\/www.europesays.com\/fi\/wp-json\/wp\/v2\/comments?post=26290"}],"version-history":[{"count":0,"href":"https:\/\/www.europesays.com\/fi\/wp-json\/wp\/v2\/posts\/26290\/revisions"}],"wp:featuredmedia":[{"embeddable":true,"href":"https:\/\/www.europesays.com\/fi\/wp-json\/wp\/v2\/media\/26291"}],"wp:attachment":[{"href":"https:\/\/www.europesays.com\/fi\/wp-json\/wp\/v2\/media?parent=26290"}],"wp:term":[{"taxonomy":"category","embeddable":true,"href":"https:\/\/www.europesays.com\/fi\/wp-json\/wp\/v2\/categories?post=26290"},{"taxonomy":"post_tag","embeddable":true,"href":"https:\/\/www.europesays.com\/fi\/wp-json\/wp\/v2\/tags?post=26290"}],"curies":[{"name":"wp","href":"https:\/\/api.w.org\/{rel}","templated":true}]}}