{"id":26292,"date":"2025-09-05T09:56:10","date_gmt":"2025-09-05T09:56:10","guid":{"rendered":"https:\/\/www.europesays.com\/fi\/26292\/"},"modified":"2025-09-05T09:56:10","modified_gmt":"2025-09-05T09:56:10","slug":"formuloissa-jysahti-superyllatys-isack-hadjar-voi-olla-ratkaisu-f1-sarjan-ikuisuusongelmaan-urheilu","status":"publish","type":"post","link":"https:\/\/www.europesays.com\/fi\/26292\/","title":{"rendered":"Formuloissa jys\u00e4hti superyll\u00e4tys \u2013 Isack Hadjar voi olla ratkaisu F1-sarjan ikuisuusongelmaan | Urheilu"},"content":{"rendered":"<p class=\"sc-jYczwO sc-dNFkOE frIBdZ edVjwg yle__article__paragraph\">Hollannissa sensaatiomaisesti kolmanneksi ajanut Ranskan Isack Hadjar on F1-kauden suurin yll\u00e4tt\u00e4j\u00e4. H\u00e4n saattaa olla oikea mies Max Verstappenin rinnalle.<\/p>\n<p><img decoding=\"async\" alt=\"Isack Hadjar yll\u00e4tti kolmossijallaan.\" src=\"https:\/\/www.europesays.com\/fi\/wp-content\/uploads\/2025\/09\/39-151735068b96283e5024.jpeg\" class=\"sc-dntSTA iywpZY\"\/><\/p>\n<p>Avaa kuvien katselu<\/p>\n<p>Isack Hadjar (kesk.) juhli uransa ensimm\u00e4ist\u00e4 palkintokorokesijaa Oscar Piastrin voittamassa osakilpailussa. Kuva: XPB Images<\/p>\n<ul aria-label=\"Tekij\u00e4t\" class=\"sc-cCVJLD hgYMQq\">\n<li class=\"sc-pYNGo dfIAWA\">Joel Sippola, <\/li>\n<li class=\"sc-pYNGo dfIAWA\">Mika Halonen<\/li>\n<\/ul>\n<p>Juttu tiivistettyn\u00e4<\/p>\n<ul class=\"sc-dMmcxd iwejNa yle__article__list yle__article__list--ul\">\n<li class=\"sc-fGqoZs fsBJlY\">Ranskalaisen <strong class=\"sc-eEHciv kkmMDs yle__article__strong\">Isack Hadjar<\/strong> on ollut F1-kauden positiivisin yll\u00e4tt\u00e4j\u00e4 ja paras kuudesta tulokkaasta.<\/li>\n<li class=\"sc-fGqoZs fsBJlY\">20-vuotias Racing Bulls -kuljettaja s\u00e4v\u00e4ytti Hollannissa ajetussa edelliskisassa pamauttamalla kolmanneksi. Palkintokorokesija oli tallille ensimm\u00e4inen yli nelj\u00e4\u00e4n vuoteen.<\/li>\n<li class=\"sc-fGqoZs fsBJlY\">Hadjar ajaa huipputalli Red Bullin kakkostiimiss\u00e4. <strong class=\"sc-eEHciv kkmMDs yle__article__strong\">Jukka Mildhin<\/strong> mielest\u00e4 kyseess\u00e4 on hyvin potentiaalinen nimi tulevaisuutta ajatellen.<\/li>\n<\/ul>\n<p class=\"sc-jYczwO sc-ciCoXh frIBdZ cPdSqu yle__article__paragraph\">T\u00e4m\u00e4 on teko\u00e4lyn avulla tuotettu, toimittajan tarkistama tiivistelm\u00e4.<\/p>\n<p class=\"sc-jYczwO sc-ciCoXh frIBdZ cPdSqu yle__article__paragraph\">F1-kuski <strong class=\"sc-eEHciv kkmMDs yle__article__strong\">Isack Hadjarin<\/strong> tulokaskausi on kuin parhaasta mahdollisesta k\u00e4sikirjoituksesta.<\/p>\n<p class=\"sc-jYczwO sc-ciCoXh frIBdZ cPdSqu yle__article__paragraph\">20-vuotiaan ranskalaiskuskin avauskisa formula ykk\u00f6siss\u00e4 p\u00e4\u00e4ttyi karmealla mahdollisella tavalla keskeytykseen Melbournen sateisen kilpailun l\u00e4mmittelykierroksella. Itkev\u00e4\u00e4 ja musertunutta kuljettajaa lohdutti <strong class=\"sc-eEHciv kkmMDs yle__article__strong\">Lewis Hamiltonin<\/strong> is\u00e4 <strong class=\"sc-eEHciv kkmMDs yle__article__strong\">Anthony Hamilton<\/strong>.<\/p>\n<p class=\"sc-jYczwO sc-ciCoXh frIBdZ cPdSqu yle__article__paragraph\">Viime viikonloppuna ajetussa Hollannin osakilpailussa tunnelma Hadjarin leiriss\u00e4 oli t\u00e4ysin toisenlainen. Aika-ajoissa ranskalaiskuski vastasi uransa parhaasta tuloksesta singauttamalla kahden McLaren-kuljettajan ja Red Bullin <strong class=\"sc-eEHciv kkmMDs yle__article__strong\">Max Verstappenin<\/strong> per\u00e4\u00e4n nelj\u00e4nneksi.<\/p>\n<p class=\"sc-jYczwO sc-ciCoXh frIBdZ cPdSqu yle__article__paragraph\">Itse kisassa tiukasti nelossijasta kiinni pit\u00e4neelle Hadjarille avautui aivan loppuvaiheilla huippupaikka, kun toisena olleen <strong class=\"sc-eEHciv kkmMDs yle__article__strong\">Lando Norrisin<\/strong> McLaren-autosta paukahti moottori noin seitsem\u00e4n kierrosta ennen maalia. Hadjar oli kolmas ja saavutti t\u00e4ten uransa ensimm\u00e4isen palkintokorokesijan F1-tasolla.<\/p>\n<p><img decoding=\"async\" alt=\"Isack Hadjar.\" src=\"https:\/\/www.europesays.com\/fi\/wp-content\/uploads\/2025\/09\/39-143714467d90dac77302.jpeg\" loading=\"lazy\" class=\"sc-dntSTA iywpZY\"\/><\/p>\n<p>Avaa kuvien katselu<\/p>\n<p>Isack Hadjarin avauskisa p\u00e4\u00e4ttyi jo ennen kuin l\u00e4ht\u00f6valot ehtiv\u00e4t sytty\u00e4. Kuva: Getty Images<img decoding=\"async\" alt=\"Isack Hadjar yll\u00e4tti kolmossijallaan.\" src=\"https:\/\/www.europesays.com\/fi\/wp-content\/uploads\/2025\/09\/39-151734868b962639c5b4.jpeg\" loading=\"lazy\" class=\"sc-dntSTA iywpZY\"\/><\/p>\n<p>Avaa kuvien katselu<\/p>\n<p>Hollannissa Hadjar jys\u00e4ytti kauden yhden suurimmista yll\u00e4tyksist\u00e4. Kuva: Jay Hirano\/Shutterstock\/All Over Press<\/p>\n<p class=\"sc-jYczwO sc-ciCoXh frIBdZ cPdSqu yle__article__paragraph\">Racing Bulls on Red Bullin niin sanottu kakkostalli, jossa koulitaan menestystallin nuoria kuljettajia organisaation tavoille. Talli tunnettiin aiemmin AlphaTaurina ja erityisesti Toro Rossona, jonka kuljettaja <strong class=\"sc-eEHciv kkmMDs yle__article__strong\">Sebastian Vettel<\/strong> saavutti tallille kaudella 2008 sen historian ensimm\u00e4isen palkintokorokesijan sek\u00e4 sensaatiomaisen voiton.<\/p>\n<p class=\"sc-jYczwO sc-ciCoXh frIBdZ cPdSqu yle__article__paragraph\">Kyseess\u00e4 on keskitason talli, joten kolmossija oli Hadjarilta eritt\u00e4in kova n\u00e4ytt\u00f6. Viime vuosina ahkerasti nime\u00e4\u00e4n vaihtaneelle tallille top3-sija oli ensimm\u00e4inen sitten <strong class=\"sc-eEHciv kkmMDs yle__article__strong\">Pierre Gaslyn<\/strong> kolmossijan vuonna 2021 Bakussa.<\/p>\n<p><img decoding=\"async\" alt=\"Sebastian Vettel juhlii avausvoittoaan Toro Rossolla 2008.\" src=\"https:\/\/www.europesays.com\/fi\/wp-content\/uploads\/2025\/09\/39-98792162e2fc6fb1235.jpeg\" loading=\"lazy\" class=\"sc-dntSTA iywpZY\"\/><\/p>\n<p>Avaa kuvien katselu<\/p>\n<p>Sebastian Vettelin voitto Toro Rossolla on lajin yksi kaikkien aikojen suurimmista yll\u00e4tyksist\u00e4. Junioritalli onnistui ykk\u00f6ssijassa ennen Red Bullia. Kuva: Darren Heath\/Getty Images<\/p>\n<p class=\"sc-jYczwO sc-ciCoXh frIBdZ cPdSqu yle__article__paragraph\">Yle Urheilun asiantuntija <strong class=\"sc-eEHciv kkmMDs yle__article__strong\">Jukka Mildh<\/strong> oli vaikuttunut nuoren ranskalaisen esityksest\u00e4.<\/p>\n<p class=\"sc-jYczwO sc-ciCoXh frIBdZ cPdSqu yle__article__paragraph\">\u2013 Hadjarin podium oli todella virkist\u00e4v\u00e4\u00e4. Mielest\u00e4ni h\u00e4n ansaitsi sen. H\u00e4n oli oikeassa paikassa oikeaan aikaan.<\/p>\n<p class=\"sc-jYczwO sc-ciCoXh frIBdZ cPdSqu yle__article__paragraph\">Hadjar itse totesi, ett\u00e4 auto oli erinomainen. H\u00e4nen kierrosaikansa olivat vertailukelpoisia Red Bulliin, Ferrariin ja Mercedekseen n\u00e4hden.<\/p>\n<p class=\"sc-jYczwO sc-ciCoXh frIBdZ cPdSqu yle__article__paragraph\">\u2013 Racing Bulls on menossa tallina hyvin eteenp\u00e4in. Red Bullilla on ollut t\u00e4ll\u00e4 kaudella paljon vaikeuksia, mutta Racing Bulls pystyy suorittamaan todella hyvin. En ihmettelisi, jos n\u00e4m\u00e4 tallit tekev\u00e4t yhteisty\u00f6t\u00e4 menness\u00e4\u00e4n eteenp\u00e4in, Mildh toteaa.<\/p>\n<p><img decoding=\"async\" alt=\"Isack Hadjar.\" src=\"https:\/\/www.europesays.com\/fi\/wp-content\/uploads\/2025\/09\/39-136711667177f05763b1.jpeg\" loading=\"lazy\" class=\"sc-dntSTA iywpZY\"\/><\/p>\n<p>Avaa kuvien katselu<\/p>\n<p>Hadjar ja Gabriel Bortoleto k\u00e4vitv\u00e4t viime kaudella tiukkaa kamppailua F2-sarjan mestaruudesta. Kuva: Formula Motorsport Limited \/ GettyParas tulokkaista<\/p>\n<p class=\"sc-jYczwO sc-ciCoXh frIBdZ cPdSqu yle__article__paragraph\">Hadjar on kasannut itsens\u00e4 loistavasti avauskisan ep\u00e4onnistumisen j\u00e4lkeen. Onnistumiset eiv\u00e4t rajoitu vain Hollannin viikonloppuun.<\/p>\n<p class=\"sc-jYczwO sc-ciCoXh frIBdZ cPdSqu yle__article__paragraph\">Hadjar on ajanut kovemmalla tasolla kuin pari vuotta vanhempi tallikaveri <strong class=\"sc-eEHciv kkmMDs yle__article__strong\">Liam Lawson<\/strong>, jolla on aiempaa F1-kokemusta. Aika-ajoissa Hadjar on ollut parempi 10\u20133-lukemin ja on pistetaulukossa kymmenenten\u00e4 37 pisteell\u00e4\u00e4n. Lawson on sijalla 15 haalittuaan 20 pistett\u00e4.<\/p>\n<p class=\"sc-jYczwO sc-ciCoXh frIBdZ cPdSqu yle__article__paragraph\">T\u00e4ll\u00e4 F1-kaudella ajaa per\u00e4ti kuusi sellaista kuskia, joille kyseess\u00e4 on ensimm\u00e4inen t\u00e4ysi kausi F1:ss\u00e4. Lawson, Alpinen <strong class=\"sc-eEHciv kkmMDs yle__article__strong\">Franco Colapinto<\/strong> ja Haasin <strong class=\"sc-eEHciv kkmMDs yle__article__strong\">Ollie Bearman<\/strong> ajoivat viime kaudella yksitt\u00e4isi\u00e4 kisoja.<\/p>\n<p class=\"sc-jYczwO sc-ciCoXh frIBdZ cPdSqu yle__article__paragraph\">Hadjar, Mercedeksen <strong class=\"sc-eEHciv kkmMDs yle__article__strong\">Kimi Antonelli<\/strong> sek\u00e4 Sauberin <strong class=\"sc-eEHciv kkmMDs yle__article__strong\">Gabriel Bortoleto<\/strong> ovat t\u00e4ysin uusia kavereita formula ykk\u00f6siss\u00e4. Ennen kautta parhaaksi tulokkaaksi ennakoitiin Antonellia, Bortoletoa ja Bearmania, mutta Hadjar on ollut ensikertalaisista yll\u00e4tt\u00e4en paras.<\/p>\n<p class=\"sc-jYczwO sc-ciCoXh frIBdZ cPdSqu yle__article__paragraph\">Hadjar kamppaili viime vuonna F2-sarjan mestaruudesta, mutta h\u00e4visi sen lopulta ik\u00e4toverilleen Bortoletolle. Pikkuformuloissa Hadjar k\u00e4vi usein kuumana, mutta F1:ss\u00e4 h\u00e4nell\u00e4 on ollut malttia.<\/p>\n<p class=\"sc-jYczwO sc-ciCoXh frIBdZ cPdSqu yle__article__paragraph\">Mildh on pist\u00e4nyt merkille nuoren kuljettajan sympaattisuuden.<\/p>\n<p class=\"sc-jYczwO sc-ciCoXh frIBdZ cPdSqu yle__article__paragraph\">\u2013 H\u00e4n on jotenkin luonnonlapsi, mik\u00e4 on hyv\u00e4 merkki kilpakuljettajalle. Red Bull -tallin mankeli nuorille kuljettajille ei ole todellakaan helppo.<\/p>\n<p><img decoding=\"async\" alt=\"Sebastian Vettel, Sergio Perez ja Pierre Gasly yhdess\u00e4 podiumilla.\" src=\"https:\/\/www.europesays.com\/fi\/wp-content\/uploads\/2025\/09\/39-151734668b96208a3e98.jpeg\" loading=\"lazy\" class=\"sc-dntSTA iywpZY\"\/><\/p>\n<p>Avaa kuvien katselu<\/p>\n<p>Top3-sijat eiv\u00e4t ole Red Bullin kakkostallille arkip\u00e4iv\u00e4\u00e4. Ennen Hadjaria Pierre Gasly (oik.) vastasi tiimin edellisest\u00e4 palkintokorokesijasta 2021 Bakussa. Kuva: imago images\/PanoramiC\/ All Over PressOnko Hadjar vastaus Red Bullin ongelmiin?<\/p>\n<p class=\"sc-jYczwO sc-ciCoXh frIBdZ cPdSqu yle__article__paragraph\">Red Bullin pitk\u00e4aikainen ongelma on ollut l\u00f6yt\u00e4\u00e4 kovatasoinen tallikaveri nelj\u00e4 maailmanmestaruutta voittaneen Verstappenin rinnalle.<\/p>\n<p class=\"sc-jYczwO sc-ciCoXh frIBdZ cPdSqu yle__article__paragraph\">Liam Lawson ehti ajaa alkukaudesta vain kaksi kisaa, kunnes h\u00e4net alennettiin organisaation sisartalliin. H\u00e4nen j\u00e4lkeens\u00e4 Red Bullin toista autoa on ajanut japanilainen <strong class=\"sc-eEHciv kkmMDs yle__article__strong\">Yuki Tsunoda<\/strong>, jonka ajanjakso huipputallissa on ollut eritt\u00e4in murheellinen.<\/p>\n<p class=\"sc-jYczwO sc-ciCoXh frIBdZ cPdSqu yle__article__paragraph\">Red Bullin toisen kuljettajan paikka on ollut sen verran ep\u00e4kiitollinen, ett\u00e4 julkisuudessa on veistelty, ettei nuorten kuljettajien kannata nousta Red Bullin ykk\u00f6stalliin.<\/p>\n<p class=\"sc-jYczwO sc-ciCoXh frIBdZ cPdSqu yle__article__paragraph\">Red Bullilla ajaneiden aiempien nuorten kuljettajien heikko kohta on ollut se, ett\u00e4 heit\u00e4 on heitetty liian nopeasti koviin paikkoihin. Hadjar saa kypsy\u00e4 rauhassa, sill\u00e4 h\u00e4nelle kertyy t\u00e4ll\u00e4 kaudella per\u00e4ti 24 kisaviikonloppua.<\/p>\n<p class=\"sc-jYczwO sc-ciCoXh frIBdZ cPdSqu yle__article__paragraph\">\u2013 Povaan h\u00e4nelle hyv\u00e4\u00e4 tulevaisuutta, jos h\u00e4n vain jatkaa samalla tavalla. Kun h\u00e4n k\u00e4sittelee palkintokorokesijan henkisesti hyvin, h\u00e4n saa siit\u00e4 varmasti paljon irti.<\/p>\n<p class=\"sc-jYczwO sc-ciCoXh frIBdZ cPdSqu yle__article__paragraph\">\u2013 Vaikuttaa silt\u00e4, ettei h\u00e4n l\u00e4hde leijumaan, sill\u00e4 h\u00e4n ymm\u00e4rt\u00e4\u00e4 F1-maailman kovuuden. H\u00e4n hy\u00f6tyy hyvin paljon siit\u00e4, ett\u00e4 Racing Bullsilla on tallina hyv\u00e4 suorittamisen meininki, Mildh lis\u00e4\u00e4.<\/p>\n<p><strong class=\"sc-boKDdR jtqSng\">Isack Hadjar on F1-kauden suurin yll\u00e4tt\u00e4j\u00e4<\/strong><\/p>\n<p>Yle Urheilun asiantuntija Jukka Mildh kertoo, millainen persoona 20-vuotias tulokaskuski on.<\/p>\n","protected":false},"excerpt":{"rendered":"Hollannissa sensaatiomaisesti kolmanneksi ajanut Ranskan Isack Hadjar on F1-kauden suurin yll\u00e4tt\u00e4j\u00e4. H\u00e4n saattaa olla oikea mies Max Verstappenin&hellip;\n","protected":false},"author":2,"featured_media":26293,"comment_status":"","ping_status":"","sticky":false,"template":"","format":"standard","meta":{"footnotes":""},"categories":[158],"tags":[33,31,30,3437,7280,159,32,160],"class_list":{"0":"post-26292","1":"post","2":"type-post","3":"status-publish","4":"format-standard","5":"has-post-thumbnail","7":"category-urheilu","8":"tag-fi","9":"tag-finland","10":"tag-finnish","11":"tag-formula-1","12":"tag-isack-hadjar","13":"tag-sports","14":"tag-suomi","15":"tag-urheilu"},"share_on_mastodon":{"url":"","error":""},"_links":{"self":[{"href":"https:\/\/www.europesays.com\/fi\/wp-json\/wp\/v2\/posts\/26292","targetHints":{"allow":["GET"]}}],"collection":[{"href":"https:\/\/www.europesays.com\/fi\/wp-json\/wp\/v2\/posts"}],"about":[{"href":"https:\/\/www.europesays.com\/fi\/wp-json\/wp\/v2\/types\/post"}],"author":[{"embeddable":true,"href":"https:\/\/www.europesays.com\/fi\/wp-json\/wp\/v2\/users\/2"}],"replies":[{"embeddable":true,"href":"https:\/\/www.europesays.com\/fi\/wp-json\/wp\/v2\/comments?post=26292"}],"version-history":[{"count":0,"href":"https:\/\/www.europesays.com\/fi\/wp-json\/wp\/v2\/posts\/26292\/revisions"}],"wp:featuredmedia":[{"embeddable":true,"href":"https:\/\/www.europesays.com\/fi\/wp-json\/wp\/v2\/media\/26293"}],"wp:attachment":[{"href":"https:\/\/www.europesays.com\/fi\/wp-json\/wp\/v2\/media?parent=26292"}],"wp:term":[{"taxonomy":"category","embeddable":true,"href":"https:\/\/www.europesays.com\/fi\/wp-json\/wp\/v2\/categories?post=26292"},{"taxonomy":"post_tag","embeddable":true,"href":"https:\/\/www.europesays.com\/fi\/wp-json\/wp\/v2\/tags?post=26292"}],"curies":[{"name":"wp","href":"https:\/\/api.w.org\/{rel}","templated":true}]}}