{"id":26312,"date":"2025-09-05T10:18:09","date_gmt":"2025-09-05T10:18:09","guid":{"rendered":"https:\/\/www.europesays.com\/fi\/26312\/"},"modified":"2025-09-05T10:18:09","modified_gmt":"2025-09-05T10:18:09","slug":"sonja-aiello-avautuu-pahoinpitelytuomiostaan-murtuu-kyyneliin","status":"publish","type":"post","link":"https:\/\/www.europesays.com\/fi\/26312\/","title":{"rendered":"Sonja Aiello avautuu pahoinpitelytuomiostaan \u2013 murtuu kyyneliin"},"content":{"rendered":"<p>\n            20250820 HELSINKI. Erikoisjoukot-pressi. SONJA AIELLO. KUVA: ATTE KAJOVA<br \/>\n            ATTE KAJOVA\n        <\/p>\n<p class=\"subtitle \">Sonja Aiello joutuu tunnekuohun valtaan Erikoisjoukkojen teht\u00e4v\u00e4ss\u00e4, johon liittyy v\u00e4kivaltaa.<\/p>\n<p class=\"article-content article-content-width !bg-background\">Erikoisjoukot-kokelaat laitetaan kauden toisessa jaksossa 11.9. kovan paikan eteen. He joutuvat nyrkkeilem\u00e4\u00e4n toisiaan vastaan. Teht\u00e4v\u00e4 aiheuttaa ep\u00e4mukavia tunteita monissa. Jakso on jo katsottavissa Ruutu+-tilauksella.<\/p>\n<p class=\"article-content article-content-width !bg-background\"> vastaan nyrkkeilev\u00e4  puhkeaa kyyneliin pukiessaan suojavarustusta ylleen ennen keh\u00e4\u00e4n astumista.<\/p>\n<p class=\"article-content article-content-width !bg-background\">My\u00f6hemmin kouluttajat vet\u00e4v\u00e4t Sonjan kuulusteluihin ja ottavat tilanteen puheeksi.<\/p>\n<p class=\"article-content article-content-width !bg-background\">\u2013 Miksi s\u00e4 itkit t\u00e4n\u00e4\u00e4n? p\u00e4\u00e4kouluttaja  kysyy.<\/p>\n<p class=\"article-content article-content-width !bg-background\">Sonja perustelee reaktiotaan sill\u00e4, ett\u00e4 h\u00e4n on herkk\u00e4 ihminen.<\/p>\n<p class=\"article-content article-content-width !bg-background\">\u2013 Tuntuiko pahalta satuttaa toista vai mist\u00e4 se johtui? Janne jatkaa edelleen.<\/p>\n<p class=\"article-content article-content-width !bg-background\">Sonja vastaa my\u00f6nt\u00e4v\u00e4sti ja murtuu itkuun.<\/p>\n<p class=\"article-content article-content-width !bg-background\">\u2013 Minut on tuomittu pahoinpitelyst\u00e4, ja se on maksanut tosi kovan hinnan mulle, h\u00e4n sanoo Jannelle.<\/p>\n<p>        <a itemprop=\"url\" href=\"https:\/\/www.seiska.fi\/katso\/katsojilta-yksimielinen-tuomio-erikoisjoukot-luovuttajista-ei-edes-yrittanyt\/1921269\" rel=\"nofollow noopener\" target=\"_blank\"><\/p>\n<p>\nErikoisjoukot\n<\/p>\n<p class=\"section-date\">\n        <strong class=\"article-section\" data-section=\"katso\"><br \/>\n            katso<br \/>\n        <\/strong><br \/>\n        08:59\n    <\/p>\n<p>    Katsojilta yksimielinen tuomio Erikoisjoukot-luovuttajista: &#8221;Ei edes yritt\u00e4nyt&#8221;<\/p>\n<p itemprop=\"description\" class=\"subtitle \">\n    Katsojat kummastelevat muun muassa sit\u00e4, miten kuvauksiin on valmistauduttu.\n<\/p>\n<p>        <\/a><\/p>\n<p>                <img decoding=\"async\" src=\"https:\/\/www.europesays.com\/fi\/wp-content\/uploads\/2025\/09\/1921810.webp\" width=\"576\" height=\"274\" alt=\"Sonja ja Elina nyrkkeilykeh\u00e4ss\u00e4.\" loading=\"lazy\" \/>            <\/p>\n<p>\n            Sonja ja Elina nyrkkeilykeh\u00e4ss\u00e4.<br \/>\n            Sanoma\n        <\/p>\n<p>        <a itemprop=\"url\" href=\"https:\/\/www.seiska.fi\/katso\/podcast-briteissa-huolestuttiin-suomalaisesta-erikoisjoukot-ohjelmasta\/1919404\" rel=\"nofollow noopener\" target=\"_blank\"><\/p>\n<p>\nPodcast:\n<\/p>\n<p class=\"section-date\">\n        <strong class=\"article-section\" data-section=\"katso\"><br \/>\n            katso<br \/>\n        <\/strong><br \/>\n        4.9. 07:15\n    <\/p>\n<p>    Podcast: Briteiss\u00e4 huolestuttiin suomalaisesta Erikoisjoukot-ohjelmasta<\/p>\n<p itemprop=\"description\" class=\"subtitle \">\n    Tv:st\u00e4 tutut Erikoisjoukot-kouluttajat halusivat tehd\u00e4 ohjelman jo 10 vuotta sitten, mutta kanavat eiv\u00e4t olleet kiinnostuneita.\n<\/p>\n<p>        <\/a><\/p>\n<p>Yll\u00e4ttyi reaktiostaan<\/p>\n<p class=\"article-content article-content-width !bg-background\">Sonja kokee, ett\u00e4 tuomio on seurannut mukana ja vaikuttanut siihen, miten muut h\u00e4net n\u00e4kev\u00e4t.<\/p>\n<p class=\"article-content article-content-width !bg-background\">\u2013 Mua on pidetty tosi aggressiivisena, ja m\u00e4 en todellakaan siis ole, h\u00e4n kertoo.<\/p>\n<p class=\"article-content article-content-width !bg-background\">\u2013 N\u00e4iss\u00e4 hommissa pit\u00e4\u00e4 olla v\u00e4lill\u00e4 aggressiivinen. Ei p\u00e4rj\u00e4\u00e4 muuten, kouluttaja  toteaa.<\/p>\n<p class=\"article-content article-content-width !bg-background\">Sonja sanoo, ett\u00e4 valmistautui ennen kuvauksia v\u00e4kivallan kohtaamiseen mutta yll\u00e4ttyneens\u00e4 tositilanteessa oman tunnekuohunsa voimakkuudesta.<\/p>\n<p>        <a itemprop=\"url\" href=\"https:\/\/www.seiska.fi\/katso\/sonja-aiello-murtui-kyyneliin-rankka-vuosi\/1906607\" rel=\"nofollow noopener\" target=\"_blank\"><\/p>\n<p>\nSonja Aiello\n<\/p>\n<p class=\"section-date\">\n        <strong class=\"article-section\" data-section=\"katso\"><br \/>\n            katso<br \/>\n        <\/strong><br \/>\n        22.8. 06:15\n    <\/p>\n<p>    Sonja Aiello murtui kyyneliin \u2013 rankka vuosi<\/p>\n<p itemprop=\"description\" class=\"subtitle \">\n    Erikoisjoukot-kuvaukset tulivat hyvinvointivalmentajalle oikeaan saumaan\n<\/p>\n<p>        <\/a><\/p>\n<p class=\"article-content article-content-width !bg-background\">Helsingin k\u00e4r\u00e4j\u00e4oikeus tuomitsi Sonjan lokakuussa 2024 entisen miesyst\u00e4v\u00e4ns\u00e4, rap-artisti\u00a0 eli  pahoinpitelyst\u00e4 60 p\u00e4iv\u00e4sakon rangaistukseen, josta Sonja valitti hovioikeuteen. Hovioikeus ei my\u00f6nt\u00e4nyt jatkok\u00e4sittelylupaa. Sonja on kiist\u00e4nyt syytteen ja vedonnut h\u00e4t\u00e4varjelutilanteeseen.<\/p>\n<p class=\"italic m-italic article-content article-content-width !bg-background\">Erikoisjoukot torstaisin Ruudussa ja Nelosella.<\/p>\n","protected":false},"excerpt":{"rendered":"20250820 HELSINKI. Erikoisjoukot-pressi. SONJA AIELLO. KUVA: ATTE KAJOVA ATTE KAJOVA Sonja Aiello joutuu tunnekuohun valtaan Erikoisjoukkojen teht\u00e4v\u00e4ss\u00e4, johon&hellip;\n","protected":false},"author":2,"featured_media":16855,"comment_status":"","ping_status":"","sticky":false,"template":"","format":"standard","meta":{"footnotes":""},"categories":[133],"tags":[137,2159,33,31,30,2155,2156,3270,5383,32,206,1318,156,109],"class_list":{"0":"post-26312","1":"post","2":"type-post","3":"status-publish","4":"format-standard","5":"has-post-thumbnail","7":"category-televisiot","8":"tag-entertainment","9":"tag-erikoisjoukot","10":"tag-fi","11":"tag-finland","12":"tag-finnish","13":"tag-janne-lehtonen","14":"tag-matias-petaisto","15":"tag-nyrkkeily","16":"tag-sonja-aiello","17":"tag-suomi","18":"tag-televisiot","19":"tag-tv-ohjelma","20":"tag-tv","21":"tag-viihde"},"share_on_mastodon":{"url":"","error":""},"_links":{"self":[{"href":"https:\/\/www.europesays.com\/fi\/wp-json\/wp\/v2\/posts\/26312","targetHints":{"allow":["GET"]}}],"collection":[{"href":"https:\/\/www.europesays.com\/fi\/wp-json\/wp\/v2\/posts"}],"about":[{"href":"https:\/\/www.europesays.com\/fi\/wp-json\/wp\/v2\/types\/post"}],"author":[{"embeddable":true,"href":"https:\/\/www.europesays.com\/fi\/wp-json\/wp\/v2\/users\/2"}],"replies":[{"embeddable":true,"href":"https:\/\/www.europesays.com\/fi\/wp-json\/wp\/v2\/comments?post=26312"}],"version-history":[{"count":0,"href":"https:\/\/www.europesays.com\/fi\/wp-json\/wp\/v2\/posts\/26312\/revisions"}],"wp:featuredmedia":[{"embeddable":true,"href":"https:\/\/www.europesays.com\/fi\/wp-json\/wp\/v2\/media\/16855"}],"wp:attachment":[{"href":"https:\/\/www.europesays.com\/fi\/wp-json\/wp\/v2\/media?parent=26312"}],"wp:term":[{"taxonomy":"category","embeddable":true,"href":"https:\/\/www.europesays.com\/fi\/wp-json\/wp\/v2\/categories?post=26312"},{"taxonomy":"post_tag","embeddable":true,"href":"https:\/\/www.europesays.com\/fi\/wp-json\/wp\/v2\/tags?post=26312"}],"curies":[{"name":"wp","href":"https:\/\/api.w.org\/{rel}","templated":true}]}}