{"id":26315,"date":"2025-09-05T10:23:09","date_gmt":"2025-09-05T10:23:09","guid":{"rendered":"https:\/\/www.europesays.com\/fi\/26315\/"},"modified":"2025-09-05T10:23:09","modified_gmt":"2025-09-05T10:23:09","slug":"nyt-hbo-maxissa-vastaamo-hakkeri-julius-kivimaki-uuden-kylmaavan-dokumenttisarjan-keskiossa","status":"publish","type":"post","link":"https:\/\/www.europesays.com\/fi\/26315\/","title":{"rendered":"Nyt HBO Maxissa: Vastaamo-hakkeri Julius Kivim\u00e4ki uuden kylm\u00e4\u00e4v\u00e4n dokumenttisarjan keski\u00f6ss\u00e4"},"content":{"rendered":"<p>T\u00e4n\u00e4\u00e4n perjantaina 5. syyskuuta HBO Max -suoratoistopalvelussa k\u00e4ynnistyy aivan uusi dokumenttisarja Most Wanted: Julius Kivim\u00e4ki. Sarjassa luodaan katsaus suomalaisen, maailmanlaajuisestikin etsint\u00e4kuulutettuna olleen hakkerin el\u00e4m\u00e4\u00e4n ja rikollistoimintaan.<\/p>\n<p>Suomalaiset muistavat <strong>Kivim\u00e4en <\/strong>todenn\u00e4k\u00f6isesti parhaiten vuonna 2020 paljonkin uutisoidusta suurenluokan tietomurrosta, joka kohdistui Vastaamo-psykoterapialaitokseen.<\/p>\n<p>Lue my\u00f6s: <a href=\"https:\/\/www.episodi.fi\/uutiset\/traileri-suomalainen-nuorukainen-on-fbin-mukaan-yksi-maailman-vaarallisimmista-hakkereista-dokumenttisarja-tulossa\/\" title=\"Traileri: suomalainen nuorukainen on FBI:n mukaan yksi maailman vaarallisimmista hakkereista \u2013 dokumenttisarja tulossa\" class=\"underline-custom !font-montserrat !font-bold !underline-offset-4 !decoration-4 !decoration-episodi-blue !text-md\" rel=\"nofollow noopener\" target=\"_blank\">Traileri: suomalainen nuorukainen on FBI:n mukaan yksi maailman vaarallisimmista hakkereista \u2013 dokumenttisarja tulossa<\/a><\/p>\n<p>Lue my\u00f6s: <a href=\"https:\/\/www.episodi.fi\/uutiset\/hbo-maxin-uutuussarja-kertoo-vaarallisesta-suomalaisrikollisesta-hakkeroi-elon-muskin-ja-kaatoi-playstationin\/\" title=\"HBO Maxin uutuussarja kertoo vaarallisesta suomalaisrikollisesta \u2013 \u201dHakkeroi Elon Muskin ja kaatoi PlayStationin\u201d\" class=\"underline-custom !font-montserrat !font-bold !underline-offset-4 !decoration-4 !decoration-episodi-blue !text-md\" rel=\"nofollow noopener\" target=\"_blank\">HBO Maxin uutuussarja kertoo vaarallisesta suomalaisrikollisesta \u2013 \u201dHakkeroi Elon Muskin ja kaatoi PlayStationin\u201d<\/a><\/p>\n<p>Vastaamo-tapauksen lis\u00e4ksi Kivim\u00e4ki on aiheuttanut kaaosta hakkeroinneillaan my\u00f6s Yhdysvalloissa ja muualla Euroopassa jo aivan teinivuosistaan l\u00e4htien. Nyky\u00e4\u00e4n h\u00e4n istuu tuomiotaan Turun vankilassa, josta h\u00e4n my\u00f6s osallistui dokumenttisarjan tekoon.<\/p>\n<p>Pitk\u00e4lti suomalaisvoimin tuotetussa ja <strong>Sami Kieksin<\/strong> ohjaamassa sarjassa p\u00e4\u00e4st\u00e4\u00e4n n\u00e4kem\u00e4\u00e4n yhteens\u00e4 nelj\u00e4 jaksoa, jotka ilmestyv\u00e4t katseltaviksi HBO Maxiin aina kerran viikossa, perjantaisin.<\/p>\n<p>Lue my\u00f6s: <a href=\"https:\/\/www.episodi.fi\/uutiset\/nyt-netflixissa-voiko-terroristijarjeston-panttivankina-selviytya-tosi-tarina-toimi-inspiraationa-vaikuttavalle-elokuvalle\/\" title=\"Nyt Netflixiss\u00e4: Voiko terroristij\u00e4rjest\u00f6n panttivankina selviyty\u00e4? Tosi tarina toimi inspiraationa vaikuttavalle elokuvalle\" class=\"underline-custom !font-montserrat !font-bold !underline-offset-4 !decoration-4 !decoration-episodi-blue !text-md\" rel=\"nofollow noopener\" target=\"_blank\">Nyt Netflixiss\u00e4: Voiko terroristij\u00e4rjest\u00f6n panttivankina selviyty\u00e4? Tosi tarina toimi inspiraationa vaikuttavalle elokuvalle<\/a><\/p>\n<p>Katso alta Most Wanted: Julius Kivim\u00e4ki -dokumenttisarjan virallinen traileri.<\/p>\n<p><img loading=\"lazy\" decoding=\"async\" alt=\"YouTube video\" width=\"480\" height=\"360\" data-pin-nopin=\"true\" nopin=\"nopin\" class=\"perfmatters-lazy\" src=\"https:\/\/www.europesays.com\/fi\/wp-content\/uploads\/2025\/09\/1757067789_486_hqdefault.jpg\"\/><\/p>\n<p>Lue my\u00f6s: <a href=\"https:\/\/www.episodi.fi\/uutiskirje\/?uutiskirjemainos=tekstilinkkimainos\" title=\"Tilaa Episodin uutiskirje ja voit voittaa leffalippuja! Nappaa tv-vinkit suoraan s\u00e4hk\u00f6postiin t\u00e4st\u00e4.\" class=\"underline-custom !font-montserrat !font-bold !underline-offset-4 !decoration-4 !decoration-episodi-blue !text-md\" rel=\"nofollow noopener\" target=\"_blank\">Tilaa Episodin uutiskirje ja voit voittaa leffalippuja! Nappaa katseluvinkit suoraan s\u00e4hk\u00f6postiin t\u00e4st\u00e4.<\/a><\/p>\n","protected":false},"excerpt":{"rendered":"T\u00e4n\u00e4\u00e4n perjantaina 5. syyskuuta HBO Max -suoratoistopalvelussa k\u00e4ynnistyy aivan uusi dokumenttisarja Most Wanted: Julius Kivim\u00e4ki. Sarjassa luodaan katsaus&hellip;\n","protected":false},"author":2,"featured_media":26316,"comment_status":"","ping_status":"","sticky":false,"template":"","format":"standard","meta":{"footnotes":""},"categories":[130],"tags":[819,137,33,31,30,8343,280,7632,8344,32,570,571,109],"class_list":{"0":"post-26315","1":"post","2":"type-post","3":"status-publish","4":"format-standard","5":"has-post-thumbnail","7":"category-viihde","8":"tag-dokumentti","9":"tag-entertainment","10":"tag-fi","11":"tag-finland","12":"tag-finnish","13":"tag-hakkeri","14":"tag-hbo-max","15":"tag-julius-kivimaki","16":"tag-most-wanted-julius-kivimaki","17":"tag-suomi","18":"tag-suoratoisto","19":"tag-tv-sarjat","20":"tag-viihde"},"share_on_mastodon":{"url":"","error":""},"_links":{"self":[{"href":"https:\/\/www.europesays.com\/fi\/wp-json\/wp\/v2\/posts\/26315","targetHints":{"allow":["GET"]}}],"collection":[{"href":"https:\/\/www.europesays.com\/fi\/wp-json\/wp\/v2\/posts"}],"about":[{"href":"https:\/\/www.europesays.com\/fi\/wp-json\/wp\/v2\/types\/post"}],"author":[{"embeddable":true,"href":"https:\/\/www.europesays.com\/fi\/wp-json\/wp\/v2\/users\/2"}],"replies":[{"embeddable":true,"href":"https:\/\/www.europesays.com\/fi\/wp-json\/wp\/v2\/comments?post=26315"}],"version-history":[{"count":0,"href":"https:\/\/www.europesays.com\/fi\/wp-json\/wp\/v2\/posts\/26315\/revisions"}],"wp:featuredmedia":[{"embeddable":true,"href":"https:\/\/www.europesays.com\/fi\/wp-json\/wp\/v2\/media\/26316"}],"wp:attachment":[{"href":"https:\/\/www.europesays.com\/fi\/wp-json\/wp\/v2\/media?parent=26315"}],"wp:term":[{"taxonomy":"category","embeddable":true,"href":"https:\/\/www.europesays.com\/fi\/wp-json\/wp\/v2\/categories?post=26315"},{"taxonomy":"post_tag","embeddable":true,"href":"https:\/\/www.europesays.com\/fi\/wp-json\/wp\/v2\/tags?post=26315"}],"curies":[{"name":"wp","href":"https:\/\/api.w.org\/{rel}","templated":true}]}}