{"id":263180,"date":"2026-05-31T09:33:10","date_gmt":"2026-05-31T09:33:10","guid":{"rendered":"https:\/\/www.europesays.com\/fi\/263180\/"},"modified":"2026-05-31T09:33:10","modified_gmt":"2026-05-31T09:33:10","slug":"jorma-saahko-90-yllattava-saavutus","status":"publish","type":"post","link":"https:\/\/www.europesays.com\/fi\/263180\/","title":{"rendered":"Jorma Saahko, 90: Yll\u00e4tt\u00e4v\u00e4 saavutus"},"content":{"rendered":"<p>\n            20211108, Helsinki. Nen\u00e4p\u00e4iv\u00e4 info Elisa-kulmassa. Kuvassa Jorma ja Lotta Saahko.<br \/>\n            TIMO KORHONEN\n        <\/p>\n<p class=\"subtitle \">Muistisairaan Jorma-papan arjessa tapahtui mullistava k\u00e4\u00e4nne.<\/p>\n<p class=\"article-content article-content-width !bg-background\">Lotta ja pappa -duosta tuttu , 90, h\u00e4mm\u00e4stytt\u00e4\u00e4 saavutuksellaan.<\/p>\n<p class=\"font-weight-bold m-font-weight-bold article-content article-content-width !bg-background\">Video: Bisneshaukka-jakso Vappu Pimi\u00e4st\u00e4.<\/p>\n<p class=\"article-content article-content-width !bg-background\">Muistisairaan Jorma-papan arjessa on tapahtunut mullistava k\u00e4\u00e4nne. H\u00e4nen lapsenlapsensa  p\u00e4ivitti aiheesta<a href=\"https:\/\/www.instagram.com\/p\/DY6Z5dFsDRZ\/\" target=\"_blank\" rel=\"nofollow noopener\"> Instagram-tililleen<\/a>.<\/p>\n<p class=\"article-content article-content-width !bg-background\">Kyseess\u00e4 on arkinen mutta merkitt\u00e4v\u00e4 askare, nurmikon leikkuu. Lotta kertoo julkaisussa, ett\u00e4 he ovat koko viime viikon ehdottaneet naapurin poikien ajavan papan nurmikon.\u00a0<\/p>\n<p class=\"article-content article-content-width !bg-background\">He eiv\u00e4t olleet uskoneet, ett\u00e4 pappa en\u00e4\u00e4 kahden lonkanmurtuman j\u00e4lkeen kykenisi siihen. Vaan toisin k\u00e4vi.<\/p>\n<p>        <a itemprop=\"url\" href=\"https:\/\/www.seiska.fi\/kotimaa\/lotta-ja-pappa-ikava-uutinen\/2063434\" rel=\"nofollow noopener\" target=\"_blank\"><\/p>\n<p>\nLotta ja pappa\n<\/p>\n<p class=\"section-date\">\n        <strong class=\"article-section\" data-section=\"kotimaa\"><br \/>\n            kotimaa<br \/>\n        <\/strong><br \/>\n        3.2. 12:27\n    <\/p>\n<p>Lotta ja pappa: Ik\u00e4v\u00e4 uutinen\n    <\/p>\n<p itemprop=\"description\" class=\"subtitle \">\n    Vaikuttaja ja kirjailija Lotta Saahko on saanut per\u00e4\u00e4ns\u00e4 h\u00e4nen kuviaan varastavat huijarit.\n<\/p>\n<p>        <\/a><\/p>\n<p>Kahden p\u00e4iv\u00e4n rupeama<\/p>\n<p class=\"article-content article-content-width !bg-background\">\u2013\u00a0Pappa todisti ett\u00e4 olimme v\u00e4\u00e4r\u00e4ss\u00e4! H\u00e4n on leikannut nurmikkoa kahtena p\u00e4iv\u00e4n\u00e4, t\u00e4n\u00e4\u00e4n l\u00e4htee viimeinen osa. H\u00e4n tekee sen kuin jaksaa ja pit\u00e4\u00e4 paljon taukoja, mutta kyll\u00e4 se onnistuu, Lotta kertoo.<\/p>\n<p class=\"article-content article-content-width !bg-background\">Lotta my\u00f6s pohtii, ett\u00e4 papallekin tekee hyv\u00e4\u00e4 puuhastella ulkosalla ja harrastaa hy\u00f6tyliikuntaa sohvalla istuskelun sijaan.<\/p>\n<p class=\"article-content article-content-width !bg-background\">\u2013 Suihkussakin tulee k\u00e4yty\u00e4. Nurmikonleikkuu tuottaa joka p\u00e4iv\u00e4 ainakin kolme tuntia aktiviteetti\u00e4. Ja mik\u00e4s siin\u00e4, kun h\u00e4n itse siit\u00e4 nauttii!\u00a0<\/p>\n<p class=\"article-content article-content-width !bg-background\">Lotta uskoo papan tuntevan itsens\u00e4 hy\u00f6dylliseksi ja t\u00e4rke\u00e4ksi teht\u00e4v\u00e4\u00e4 suorittaessaan.\u00a0<\/p>\n<p class=\"article-content article-content-width !bg-background\">\u2013 Min\u00e4 en voi kuin ihmetell\u00e4 ja ihailla h\u00e4nen sisukkuuttaan!<\/p>\n<p class=\"article-content article-content-width !bg-background\">Julkaistussa otoksessa Jorma ty\u00f6nt\u00e4\u00e4 iloisena ruohonleikkuria vehre\u00e4ll\u00e4 pihamaalla.<\/p>\n<p>        <a itemprop=\"url\" href=\"https:\/\/www.seiska.fi\/kotimaa\/lotan-ja-papan-lotta-saahko-yllatyspaatos\/2044508\" rel=\"nofollow noopener\" target=\"_blank\"><\/p>\n<p>\nLotan ja papan Lotta Saahko\n<\/p>\n<p class=\"section-date\">\n        <strong class=\"article-section\" data-section=\"kotimaa\"><br \/>\n            kotimaa<br \/>\n        <\/strong><br \/>\n        13.1. 13:08\n    <\/p>\n<p>Lotan ja papan Lotta Saahko: Yll\u00e4tysp\u00e4\u00e4t\u00f6s!\n    <\/p>\n<p itemprop=\"description\" class=\"subtitle \">\n    Vanha ja uusi nimi esiintyv\u00e4t netiss\u00e4 selv\u00e4sti toisistaan erotettuina.\n<\/p>\n<p>        <\/a><\/p>\n<p>Suosittu kaksikko<\/p>\n<p class=\"article-content article-content-width !bg-background\">Lotta ja pappa tulivat huippusuosituksi korona-aikana Facebookin kautta, kun he ilahduttivat kansaa &#8221;koronalauluillaan&#8221;. He tulkitsivat vanhoja kappaleita, kansanlauluja, iskelmi\u00e4 ja maakuntalauluja ihmisten iloksi.<\/p>\n<p class=\"article-content article-content-width !bg-background\">Sittemmin kaksikosta on ilmestynyt Lotan kirjoittamaa kirjallisuutta kuten Papan kanssa kahvilla sek\u00e4 Kahvia ja karjalanpiirakoita.<\/p>\n<p><script async src=\"\/\/www.instagram.com\/embed.js\"><\/script><\/p>\n","protected":false},"excerpt":{"rendered":"20211108, Helsinki. Nen\u00e4p\u00e4iv\u00e4 info Elisa-kulmassa. Kuvassa Jorma ja Lotta Saahko. TIMO KORHONEN Muistisairaan Jorma-papan arjessa tapahtui mullistava k\u00e4\u00e4nne.&hellip;\n","protected":false},"author":2,"featured_media":263181,"comment_status":"","ping_status":"","sticky":false,"template":"","format":"standard","meta":{"footnotes":"","_share_on_mastodon":"0"},"categories":[136],"tags":[3579,407,137,33,31,30,2233,10716,408,35963,212,10715,3397,35964,32,109],"class_list":["post-263180","post","type-post","status-publish","format-standard","has-post-thumbnail","category-julkkikset","tag-arki","tag-celebrities","tag-entertainment","tag-fi","tag-finland","tag-finnish","tag-hyvinvointi","tag-jorma-saahko","tag-julkkikset","tag-koronalaulut","tag-lifestyle","tag-lotta-saahko","tag-muistisairaus","tag-nurmikonleikkuu","tag-suomi","tag-viihde"],"share_on_mastodon":{"url":"https:\/\/pubeurope.com\/@fi\/116668504826289774","error":""},"_links":{"self":[{"href":"https:\/\/www.europesays.com\/fi\/wp-json\/wp\/v2\/posts\/263180","targetHints":{"allow":["GET"]}}],"collection":[{"href":"https:\/\/www.europesays.com\/fi\/wp-json\/wp\/v2\/posts"}],"about":[{"href":"https:\/\/www.europesays.com\/fi\/wp-json\/wp\/v2\/types\/post"}],"author":[{"embeddable":true,"href":"https:\/\/www.europesays.com\/fi\/wp-json\/wp\/v2\/users\/2"}],"replies":[{"embeddable":true,"href":"https:\/\/www.europesays.com\/fi\/wp-json\/wp\/v2\/comments?post=263180"}],"version-history":[{"count":0,"href":"https:\/\/www.europesays.com\/fi\/wp-json\/wp\/v2\/posts\/263180\/revisions"}],"wp:featuredmedia":[{"embeddable":true,"href":"https:\/\/www.europesays.com\/fi\/wp-json\/wp\/v2\/media\/263181"}],"wp:attachment":[{"href":"https:\/\/www.europesays.com\/fi\/wp-json\/wp\/v2\/media?parent=263180"}],"wp:term":[{"taxonomy":"category","embeddable":true,"href":"https:\/\/www.europesays.com\/fi\/wp-json\/wp\/v2\/categories?post=263180"},{"taxonomy":"post_tag","embeddable":true,"href":"https:\/\/www.europesays.com\/fi\/wp-json\/wp\/v2\/tags?post=263180"}],"curies":[{"name":"wp","href":"https:\/\/api.w.org\/{rel}","templated":true}]}}