{"id":263211,"date":"2026-05-31T10:29:13","date_gmt":"2026-05-31T10:29:13","guid":{"rendered":"https:\/\/www.europesays.com\/fi\/263211\/"},"modified":"2026-05-31T10:29:13","modified_gmt":"2026-05-31T10:29:13","slug":"metallica-muusikot-jammailivat-rammstein-klassikkoa-berliinissa-videoita-julki","status":"publish","type":"post","link":"https:\/\/www.europesays.com\/fi\/263211\/","title":{"rendered":"Metallica-muusikot jammailivat Rammstein-klassikkoa Berliiniss\u00e4 &#8211; videoita julki"},"content":{"rendered":"<p><strong>Metallica<\/strong> on parhaillaan Euroopan-kiertueella, jonka merkeiss\u00e4 yhtye nousi eilen (30.5.) lavalle Berliinin olympiastadionilla. T\u00e4ll\u00e4kin keikalla kuultiin jo useammalla kiertueella vakiintunut ohjelmanumero, jossa kitaristi <strong>Kirk Hammett<\/strong> ja basisti <strong>Robert Trujillo<\/strong> jammailevat kesken\u00e4\u00e4n jonkun paikallisen artistin\/b\u00e4ndin kappaletta.<\/p>\n<p>T\u00e4ll\u00e4 er\u00e4\u00e4 kaksikko tarttui <strong>Rammsteinin<\/strong> Sonne-megahittiin. Alta voit katsoa yleis\u00f6st\u00e4 k\u00e4sin kuvattuja videoita t\u00e4st\u00e4 jamihetkist\u00e4 ja kuunnella, miten Trujillolta taittuu saksa.<\/p>\n<p>Suomen-keikoilla Hammett ja Trujillo ovat mennein\u00e4 vuosina tulkinneet muun muassa <strong><a href=\"https:\/\/www.inferno.fi\/uutiset\/metallica-julkaisi-ammattimaisesti-taltioidun-livevideon-hameenlinnan-keikan-popeda-coveristaan-nippu-muitakin-jammailuhetkia-julki\/\" target=\"_blank\" rel=\"noreferrer noopener nofollow\">Popedaa<\/a><\/strong> ja <strong><a href=\"https:\/\/www.inferno.fi\/uutiset\/rappiolla-on-hyva-olla-tsekkaa-videolta-kuinka-metallicalta-taipui-hassisen-kone\/\" target=\"_blank\" rel=\"noreferrer noopener nofollow\">Hassisen konetta<\/a><\/strong>.<\/p>\n<p>Lue my\u00f6s: <a href=\"https:\/\/www.inferno.fi\/uutiset\/metallica-julkaisi-ammattimaisesti-taltioidun-livevideon-hameenlinnan-keikan-popeda-coveristaan-nippu-muitakin-jammailuhetkia-julki\/\" title=\"Metallica julkaisi ammattimaisesti taltioidun livevideon H\u00e4meenlinnan-keikan Popeda-coveristaan \u2013 nippu muitakin jammailuhetki\u00e4 julki\" class=\"underline-custom !font-montserrat !font-bold !underline-offset-4 !decoration-4 !decoration-red-600 !text-md\" rel=\"nofollow noopener\" target=\"_blank\">Metallica julkaisi ammattimaisesti taltioidun livevideon H\u00e4meenlinnan-keikan Popeda-coveristaan \u2013 nippu muitakin jammailuhetki\u00e4 julki<\/a><\/p>\n<p>Lue my\u00f6s: <a href=\"https:\/\/www.inferno.fi\/uutiset\/rappiolla-on-hyva-olla-tsekkaa-videolta-kuinka-metallicalta-taipui-hassisen-kone\/\" title=\"Rappiolla on hyv\u00e4 olla! \u2013 Tsekkaa videolta, kuinka Metallicalta taipui Hassisen kone\" class=\"underline-custom !font-montserrat !font-bold !underline-offset-4 !decoration-4 !decoration-red-600 !text-md\" rel=\"nofollow noopener\" target=\"_blank\">Rappiolla on hyv\u00e4 olla! \u2013 Tsekkaa videolta, kuinka Metallicalta taipui Hassisen kone<\/a><\/p>\n<p><img loading=\"lazy\" decoding=\"async\" alt=\"Youtube video\" width=\"480\" height=\"360\" data-pin-nopin=\"true\" nopin=\"nopin\" class=\"perfmatters-lazy\" src=\"https:\/\/www.europesays.com\/fi\/wp-content\/uploads\/2026\/05\/1780223353_591_hqdefault.jpg\"\/><\/p>\n<p><img loading=\"lazy\" decoding=\"async\" alt=\"Youtube video\" width=\"480\" height=\"360\" data-pin-nopin=\"true\" nopin=\"nopin\" class=\"perfmatters-lazy\" src=\"https:\/\/www.europesays.com\/fi\/wp-content\/uploads\/2026\/05\/1780223353_463_hqdefault.jpg\"\/><\/p>\n<p><img loading=\"lazy\" decoding=\"async\" alt=\"Youtube video\" width=\"480\" height=\"360\" data-pin-nopin=\"true\" nopin=\"nopin\" class=\"perfmatters-lazy\" src=\"https:\/\/www.europesays.com\/fi\/wp-content\/uploads\/2026\/05\/1780223353_281_hqdefault.jpg\"\/><\/p>\n<p>Lue my\u00f6s: <a href=\"https:\/\/www.inferno.fi\/uutiskirje\/\" title=\"Tilaa Infernon uutiskirje\" class=\"underline-custom !font-montserrat !font-bold !underline-offset-4 !decoration-4 !decoration-red-600 !text-md\" rel=\"nofollow noopener\" target=\"_blank\">Tilaa Infernon uutiskirje ja tied\u00e4t mist\u00e4 kahvitauolla puhutaan! Nappaa raskaan musiikin uutiset ja puheenaiheet suoraan s\u00e4hk\u00f6postiin t\u00e4st\u00e4.<\/a><\/p>\n<p>\t\t\t<a href=\"https:\/\/www.facebook.com\/sharer\/sharer.php?u=https:\/\/www.inferno.fi\/uutiset\/metallica-muusikot-jammailivat-rammstein-klassikkoa-berliinissa-videoita-julki\/\" target=\"_blank\" class=\"block px-4 py-2 text-sm text-gray-800 border-b hover:bg-gray-200\" rel=\"nofollow noopener\"><\/p>\n<p>\t\t\t\tFacebook<br \/>\n\t\t\t<\/a><br \/>\n\t\t\t<a href=\"https:\/\/twitter.com\/intent\/tweet?text=https:\/\/www.inferno.fi\/uutiset\/metallica-muusikot-jammailivat-rammstein-klassikkoa-berliinissa-videoita-julki\/\" target=\"_blank\" class=\"block px-4 py-2 text-sm text-gray-800 border-b hover:bg-gray-200\" rel=\"nofollow noopener\"><\/p>\n<p>\t\t\t\tTwitter<br \/>\n\t\t\t<\/a><br \/>\n\t\t\t<a href=\"mailto:?subject=Metallica-muusikot jammailivat Rammstein-klassikkoa Berliiniss\u00e4 \u2013 videoita julki&amp;body=https:\/\/www.inferno.fi\/uutiset\/metallica-muusikot-jammailivat-rammstein-klassikkoa-berliinissa-videoita-julki\/\" target=\"_blank\" class=\"block px-4 py-2 text-sm text-gray-800 border-b hover:bg-gray-200\"><\/p>\n<p>\t\t\t\tS\u00e4hk\u00f6posti<\/a><\/p>\n<p>\t\t\t\t<script async src=\"https:\/\/platform.twitter.com\/widgets.js\" charset=\"utf-8\"><\/script><\/p>\n","protected":false},"excerpt":{"rendered":"Metallica on parhaillaan Euroopan-kiertueella, jonka merkeiss\u00e4 yhtye nousi eilen (30.5.) lavalle Berliinin olympiastadionilla. T\u00e4ll\u00e4kin keikalla kuultiin jo useammalla&hellip;\n","protected":false},"author":2,"featured_media":263212,"comment_status":"","ping_status":"","sticky":false,"template":"","format":"standard","meta":{"footnotes":"","_share_on_mastodon":"0"},"categories":[132],"tags":[806,137,33,31,30,6140,195,47,32,109],"class_list":["post-263211","post","type-post","status-publish","format-standard","has-post-thumbnail","category-musiikki","tag-cover","tag-entertainment","tag-fi","tag-finland","tag-finnish","tag-livevideo","tag-music","tag-musiikki","tag-suomi","tag-viihde"],"share_on_mastodon":{"url":"https:\/\/pubeurope.com\/@fi\/116668725103328073","error":""},"_links":{"self":[{"href":"https:\/\/www.europesays.com\/fi\/wp-json\/wp\/v2\/posts\/263211","targetHints":{"allow":["GET"]}}],"collection":[{"href":"https:\/\/www.europesays.com\/fi\/wp-json\/wp\/v2\/posts"}],"about":[{"href":"https:\/\/www.europesays.com\/fi\/wp-json\/wp\/v2\/types\/post"}],"author":[{"embeddable":true,"href":"https:\/\/www.europesays.com\/fi\/wp-json\/wp\/v2\/users\/2"}],"replies":[{"embeddable":true,"href":"https:\/\/www.europesays.com\/fi\/wp-json\/wp\/v2\/comments?post=263211"}],"version-history":[{"count":0,"href":"https:\/\/www.europesays.com\/fi\/wp-json\/wp\/v2\/posts\/263211\/revisions"}],"wp:featuredmedia":[{"embeddable":true,"href":"https:\/\/www.europesays.com\/fi\/wp-json\/wp\/v2\/media\/263212"}],"wp:attachment":[{"href":"https:\/\/www.europesays.com\/fi\/wp-json\/wp\/v2\/media?parent=263211"}],"wp:term":[{"taxonomy":"category","embeddable":true,"href":"https:\/\/www.europesays.com\/fi\/wp-json\/wp\/v2\/categories?post=263211"},{"taxonomy":"post_tag","embeddable":true,"href":"https:\/\/www.europesays.com\/fi\/wp-json\/wp\/v2\/tags?post=263211"}],"curies":[{"name":"wp","href":"https:\/\/api.w.org\/{rel}","templated":true}]}}