{"id":263336,"date":"2026-05-31T13:53:09","date_gmt":"2026-05-31T13:53:09","guid":{"rendered":"https:\/\/www.europesays.com\/fi\/263336\/"},"modified":"2026-05-31T13:53:09","modified_gmt":"2026-05-31T13:53:09","slug":"renny-ja-johanna-harlin-luksuselamaa-yhdysvalloissa-paljastava-video","status":"publish","type":"post","link":"https:\/\/www.europesays.com\/fi\/263336\/","title":{"rendered":"Renny ja Johanna Harlin: Luksusel\u00e4m\u00e4\u00e4 Yhdysvalloissa &#8211; paljastava video"},"content":{"rendered":"<p>            Matti Matikainen\n        <\/p>\n<p class=\"subtitle \">Harlinien arjesta ei vilin\u00e4\u00e4 puutu.<\/p>\n<p class=\"article-content article-content-width !bg-background\">Elokuvaohjaaja , 67, ja puoliso , 32, ovat keskell\u00e4 kiireisimpi\u00e4 ruuhkavuosia.\u00a0<\/p>\n<p class=\"font-weight-bold m-font-weight-bold article-content article-content-width !bg-background\">Video: Seiska selvitti, kuinka hyvin amerikkalaiset tuntevat Renny Harlinin:<\/p>\n<p class=\"article-content article-content-width !bg-background\">Yhdess\u00e4 elokuvien parissa ahkeroiva<a href=\"https:\/\/www.seiska.fi\/kotimaa\/renny-ja-johanna-harlin-vauva-syntyi\/2122671\" target=\"_blank\" rel=\"nofollow noopener\"> pariskunta sai kolmannen lapsensa <\/a>huhtikuun lopulla. Bumblebee-lempinimell\u00e4 kutsutun kuopuksen lis\u00e4ksi perheeseen kuuluvat vuonna 2022 syntynyt -tyt\u00e4r sek\u00e4 2-vuotias -poika.\u00a0<\/p>\n<p>Ty\u00f6njako selv\u00e4<\/p>\n<p class=\"article-content article-content-width !bg-background\">Vanhempien ty\u00f6 on vienyt perhett\u00e4 ymp\u00e4ri maailmaa. Pysyv\u00e4mpi koti on kuitenkin l\u00f6ytynyt Yhdysvalloista, jonne Harlinit muuttivat hetki ennen Cocon syntym\u00e4\u00e4. Perhe asui aiemmin Miamissa, mutta muutti hiljattain Palm Beachin piirikuntaan.\u00a0<\/p>\n<p class=\"article-content article-content-width !bg-background\">Renny ja Johanna el\u00e4v\u00e4t tavalla, josta useimmat voivat vain unelmoida. Tavallisen kansan suureksi iloksi he kuitenkin jakavat arkeaan s\u00e4\u00e4nn\u00f6llisesti paitsi podcastissaan my\u00f6s sosiaalisen median puolella.\u00a0<\/p>\n<p>        <a itemprop=\"url\" href=\"https:\/\/www.seiska.fi\/kotimaa\/johanna-harlin-asteli-punaiselle-matolle-vain-viikko-synnytyksesta\/2139074\" rel=\"nofollow noopener\" target=\"_blank\"><\/p>\n<p>\nJohanna Harlin punaisella matolla\n<\/p>\n<p class=\"section-date\">\n        <strong class=\"article-section\" data-section=\"kotimaa\"><br \/>\n            kotimaa<br \/>\n        <\/strong><br \/>\n        29.4. 14:00\n    <\/p>\n<p>Johanna Harlin asteli punaiselle matolle \u2013 vain viikko synnytyksest\u00e4\n    <\/p>\n<p itemprop=\"description\" class=\"subtitle \">\n    Harlinien uusi elokuva Deep Water saapuu teattereihin vappup\u00e4iv\u00e4n\u00e4.\n<\/p>\n<p>        <\/a><\/p>\n<p>                <img decoding=\"async\" src=\"https:\/\/www.europesays.com\/fi\/wp-content\/uploads\/2026\/05\/2168157.webp\" width=\"576\" height=\"720\" alt=\"Rennyn ja Johannan el\u00e4m\u00e4ss\u00e4 on luksusta, mutta my\u00f6s aivan tavallista lapsiperheen arkea.\" loading=\"lazy\" \/>            <\/p>\n<p>\n            Rennyn ja Johannan el\u00e4m\u00e4ss\u00e4 on luksusta, mutta my\u00f6s aivan tavallista lapsiperheen arkea.<br \/>\n            Pasi Murto\n        <\/p>\n<p class=\"article-content article-content-width !bg-background\">Nyt <a href=\"https:\/\/www.instagram.com\/p\/DY7rzKsu1N0\/\" target=\"_blank\" rel=\"nofollow noopener\">Johanna valottaa viisihenkisen perheen arkea tuoreella videolla<\/a> (30.5.). H\u00e4n kuvailee el\u00e4v\u00e4ns\u00e4 kauniissa kaaoksessa.\u00a0<\/p>\n<p class=\"article-content article-content-width !bg-background\">\u2013 Renny vie lapset yleens\u00e4 kouluun, joten jos vauva sattuu nukkumaan, saatan saada muutaman rauhallisen hetken itselleni. Rehellisesti sanottuna, se on nyky\u00e4\u00e4n luksusta, Johanna kertoo videolla samalla, kun kamera taltioi h\u00e4nen meikkihetke\u00e4\u00e4n.<\/p>\n<p>Rennyn muodonmuutos\u00a0<\/p>\n<p class=\"article-content article-content-width !bg-background\">Johannan mukaan perhe viett\u00e4\u00e4 mahdollisimman paljon aikaa ulkona. Niin ik\u00e4\u00e4n t\u00f6it\u00e4 h\u00e4n ja Renny paiskivat usein ulkona\u00a0\u2013 upeissa j\u00e4rvimaisemissa, joita Johanna videollaan esittelee.\u00a0<\/p>\n<p>        <a itemprop=\"url\" href=\"https:\/\/www.seiska.fi\/katso\/renny-harlin-iski-silmansa-leffatahteen-hotellissa-odotti-nakuyllatys\/2144486\" rel=\"nofollow noopener\" target=\"_blank\"><\/p>\n<p>\nPaljastaa varhaisen rakastumisen\n<\/p>\n<p class=\"section-date\">\n        <strong class=\"article-section\" data-section=\"katso\"><br \/>\n            katso<br \/>\n        <\/strong><br \/>\n        6.5. 15:15\n    <\/p>\n<p>Renny Harlin iski silm\u00e4ns\u00e4 leffat\u00e4hteen \u2013 hotellissa odotti nakuyll\u00e4tys\n    <\/p>\n<p itemprop=\"description\" class=\"subtitle \">\n    Ohjaaja muistelee l\u00e4mm\u00f6ll\u00e4 kuuluisaa ranskalaisn\u00e4yttelij\u00e4\u00e4, joka varasti h\u00e4nen syd\u00e4mens\u00e4.\n<\/p>\n<p>        <\/a><\/p>\n<p class=\"article-content article-content-width !bg-background\">Cocon ja Julesin kotiuduttua talossa riitt\u00e4\u00e4 vilin\u00e4\u00e4. Johanna kuitenkin toteaa rakastavansa tilannetta, vaikka k\u00e4det kolmen lapsen kanssa ovatkin ymm\u00e4rrett\u00e4v\u00e4sti t\u00e4ynn\u00e4.\u00a0<\/p>\n<p class=\"article-content article-content-width !bg-background\">Videon lopulla kuvaan ilmestyy Renny. H\u00e4n on p\u00e4\u00e4ssyt nauttimaan tytt\u00e4rens\u00e4 kauneudenhoitopalveluista. Rennyn p\u00e4\u00e4lakea koristaa pino laastareista napattuja suojapapereita sek\u00e4 v\u00e4rik\u00e4s helminauha.<\/p>\n<p class=\"article-content article-content-width !bg-background\">\u2013 Hollywood-ohjaaja p\u00e4iv\u00e4ll\u00e4, prinsessa salongin asiakas illalla, Johanna selostaa.\u00a0<\/p>\n<p><script async src=\"\/\/www.instagram.com\/embed.js\"><\/script><\/p>\n","protected":false},"excerpt":{"rendered":"Matti Matikainen Harlinien arjesta ei vilin\u00e4\u00e4 puutu. Elokuvaohjaaja , 67, ja puoliso , 32, ovat keskell\u00e4 kiireisimpi\u00e4 ruuhkavuosia.\u00a0&hellip;\n","protected":false},"author":2,"featured_media":263337,"comment_status":"","ping_status":"","sticky":false,"template":"","format":"standard","meta":{"footnotes":"","_share_on_mastodon":"0"},"categories":[136],"tags":[3579,407,2624,137,33,31,30,1741,2623,2622,408,99,212,13828,9741,28746,98,2304,32,1461,109,619],"class_list":["post-263336","post","type-post","status-publish","format-standard","has-post-thumbnail","category-julkkikset","tag-arki","tag-celebrities","tag-coco-harlin","tag-entertainment","tag-fi","tag-finland","tag-finnish","tag-florida","tag-johanna-harlin","tag-jules-harlin","tag-julkkikset","tag-lapset","tag-lifestyle","tag-luksus","tag-miami","tag-palm-beach","tag-perhe","tag-renny-harlin","tag-suomi","tag-vauva","tag-viihde","tag-yhdysvallat"],"share_on_mastodon":{"url":"https:\/\/pubeurope.com\/@fi\/116669527595157498","error":""},"_links":{"self":[{"href":"https:\/\/www.europesays.com\/fi\/wp-json\/wp\/v2\/posts\/263336","targetHints":{"allow":["GET"]}}],"collection":[{"href":"https:\/\/www.europesays.com\/fi\/wp-json\/wp\/v2\/posts"}],"about":[{"href":"https:\/\/www.europesays.com\/fi\/wp-json\/wp\/v2\/types\/post"}],"author":[{"embeddable":true,"href":"https:\/\/www.europesays.com\/fi\/wp-json\/wp\/v2\/users\/2"}],"replies":[{"embeddable":true,"href":"https:\/\/www.europesays.com\/fi\/wp-json\/wp\/v2\/comments?post=263336"}],"version-history":[{"count":0,"href":"https:\/\/www.europesays.com\/fi\/wp-json\/wp\/v2\/posts\/263336\/revisions"}],"wp:featuredmedia":[{"embeddable":true,"href":"https:\/\/www.europesays.com\/fi\/wp-json\/wp\/v2\/media\/263337"}],"wp:attachment":[{"href":"https:\/\/www.europesays.com\/fi\/wp-json\/wp\/v2\/media?parent=263336"}],"wp:term":[{"taxonomy":"category","embeddable":true,"href":"https:\/\/www.europesays.com\/fi\/wp-json\/wp\/v2\/categories?post=263336"},{"taxonomy":"post_tag","embeddable":true,"href":"https:\/\/www.europesays.com\/fi\/wp-json\/wp\/v2\/tags?post=263336"}],"curies":[{"name":"wp","href":"https:\/\/api.w.org\/{rel}","templated":true}]}}