{"id":263374,"date":"2026-05-31T14:45:13","date_gmt":"2026-05-31T14:45:13","guid":{"rendered":"https:\/\/www.europesays.com\/fi\/263374\/"},"modified":"2026-05-31T14:45:13","modified_gmt":"2026-05-31T14:45:13","slug":"esko-koveron-tarpit-tampereelle-suositus-suosikkiravintolalle","status":"publish","type":"post","link":"https:\/\/www.europesays.com\/fi\/263374\/","title":{"rendered":"Esko Koveron t\u00e4rpit Tampereelle &#8211; suositus suosikkiravintolalle"},"content":{"rendered":"<p>            Timo Korhonen\n        <\/p>\n<p class=\"subtitle \">Salkkarit-t\u00e4hti on asunut Tampereen Pispalassa jo yli 30 vuotta.<\/p>\n<p class=\"article-content article-content-width !bg-background\">Salatut el\u00e4m\u00e4t -sarjan Ismo Laitelana tunnettu , 68, tuntee Tampereen kuin omat taskunsa. Nyt h\u00e4n antaa Seiskan lukijoille suosituksensa kotikaupungin el\u00e4mysvalikoimasta.<\/p>\n<p class=\"font-weight-bold m-font-weight-bold article-content article-content-width !bg-background\">Salatut el\u00e4m\u00e4t -t\u00e4hdet tunnustavat paheensa:<\/p>\n<p class=\"article-content article-content-width !bg-background\">\u2013 Ihan ensimm\u00e4iseksi suosittelen Tampereen kupeessa sijaitsevaa Kangasalan kes\u00e4teatteria, Esko ilmoittaa.<\/p>\n<p class=\"article-content article-content-width !bg-background\">Esko Kovero tunnetaan n\u00e4yttelij\u00e4n\u00e4 sek\u00e4 taitavana laulajana. Taiteilijana h\u00e4nen repertuaariinsa kuuluvat my\u00f6s teatteriohjaukset.<\/p>\n<p>        <a itemprop=\"url\" href=\"https:\/\/www.seiska.fi\/kotimaa\/esko-kovero-paasi-teatterikorkeakouluun-isani-ei-tajunnut\/2083318\" rel=\"nofollow noopener\" target=\"_blank\"><\/p>\n<p>\nEsko Kovero Huomenta Suomessa\n<\/p>\n<p class=\"section-date\">\n        <strong class=\"article-section\" data-section=\"kotimaa\"><br \/>\n            kotimaa<br \/>\n        <\/strong><br \/>\n        22.2. 12:30\n    <\/p>\n<p>Esko Kovero paljastaa Huomenta Suomessa: &#8221;Is\u00e4ni ei tajunnut&#8221;\n    <\/p>\n<p itemprop=\"description\" class=\"subtitle \">\n    Esko kertoi koulutiest\u00e4\u00e4n Huomenta Suomessa. Iloon Teatterikorkeakouluun sis\u00e4\u00e4np\u00e4\u00e4syst\u00e4 sekoittui surua.\n<\/p>\n<p>        <\/a><\/p>\n<p class=\"article-content article-content-width !bg-background\">T\u00e4n\u00e4 kes\u00e4n\u00e4 Kangasalan kes\u00e4teatterissa ensi-iltansa saa Eskon ohjaama komedia Nelinpeli. N\u00e4yttelij\u00e4kaartiin kuuluvat muun muassa Salkkarit-t\u00e4hdet  ja .<\/p>\n<p>                <img decoding=\"async\" src=\"https:\/\/www.europesays.com\/fi\/wp-content\/uploads\/2026\/05\/2165353.webp\" width=\"576\" height=\"720\" alt=\"Esko Koveron tunnetuin rooli lienee Salkkareiden Ismo Laitela, jonka saappaissa Esko on astellut vuodesta 1999 l\u00e4htien.\" loading=\"lazy\" \/>            <\/p>\n<p>\n            Esko Koveron tunnetuin rooli lienee Salkkareiden Ismo Laitela, jonka saappaissa Esko on astellut vuodesta 1999 l\u00e4htien.<br \/>\n            Timo Korhonen\n        <\/p>\n<p>Museoita moneen makuun<\/p>\n<p class=\"article-content article-content-width !bg-background\">Monet saattavat yhdist\u00e4\u00e4 Tampereen esimerkiksi huvipuisto S\u00e4rk\u00e4nniemeen ja maamerkki N\u00e4sinneulaan, mutta Esko haluaa keskitt\u00e4\u00e4 Tampere-suosituksensa taiteeseen.<\/p>\n<p class=\"article-content article-content-width !bg-background\">\u2013 Sara Hild\u00e9nin taidegalleriassa ja muissakin museoissa on aika hyvi\u00e4 n\u00e4yttelyit\u00e4. Esimerkiksi Suomen J\u00e4\u00e4kiekkomuseo Vapriikissa on kova sana!<\/p>\n<p class=\"article-content article-content-width !bg-background\">Esko kehuu my\u00f6s muita museokeskus Vapriikista l\u00f6ytyvi\u00e4 el\u00e4myksi\u00e4. Tampereen ytimess\u00e4 sijaistevassa Vapriikissa p\u00e4\u00e4see tutustumaan muun muassa Luonnontieteelliseen museoon, Suomen pelimuseoon ja Postimuseoon.<\/p>\n<p>Tornit testiin<\/p>\n<p class=\"article-content article-content-width !bg-background\">Yksi Tampereen n\u00e4ytt\u00e4vimmist\u00e4 maamerkeist\u00e4 on t\u00e4n\u00e4 p\u00e4iv\u00e4n\u00e4 Tampereen Kannen areena, sponsorinimelt\u00e4\u00e4n Nokia Arena.<\/p>\n<p class=\"article-content article-content-width !bg-background\">\u2013 Voihan sit\u00e4kin k\u00e4yd\u00e4 katsomassa, se on hieno rakennus.<\/p>\n<p class=\"article-content article-content-width !bg-background\">Nokia Arena valmistui Tampereelle vuonna 2021. Siell\u00e4 j\u00e4rjestet\u00e4\u00e4n vuosittain useita j\u00e4\u00e4kiekko-otteluita, konsertteja ja esimerkiksi jokavuotinen Uuden musiikin kilpailu.<\/p>\n<p>        <a itemprop=\"url\" href=\"https:\/\/www.seiska.fi\/katso\/muistatko-ikonisen-videon-esko-kovero-saa-yha-palautetta\/2005399\" rel=\"nofollow noopener\" target=\"_blank\"><\/p>\n<p>\nEsko Kovero\n<\/p>\n<p class=\"section-date\">\n        <strong class=\"article-section\" data-section=\"katso\"><br \/>\n            katso<br \/>\n        <\/strong><br \/>\n        28.11.2025 06:15\n    <\/p>\n<p>Muistatko ikonisen videon? Esko Kovero saa yh\u00e4 palautetta\n    <\/p>\n<p itemprop=\"description\" class=\"subtitle \">\n    Ismo Laitela ja kootut fraasit ovat el\u00e4neet jo 26 vuotta. Yksi video naurattaa hahmon faneja viel\u00e4 vuosien j\u00e4lkeenkin, ja siit\u00e4 n\u00e4yttelij\u00e4 Esko Kovero saa eniten palautetta.\n<\/p>\n<p>        <\/a><\/p>\n<p class=\"article-content article-content-width !bg-background\">Jos Tamperetta haluaa tarkastella hieman erilaisesta perspektiivist\u00e4, Esko suosittelee suuntaamaan Hotelli Tornin kattoterassille.<\/p>\n<p class=\"article-content article-content-width !bg-background\">\u2013 Jos on kyll\u00e4stynyt katselemaan kaupunkia sielt\u00e4 N\u00e4sinneulan huipulta, voi vaihtaa hieman suuntaa.<\/p>\n<p class=\"article-content article-content-width !bg-background\">N\u00e4k\u00f6alatorni N\u00e4sinneula sijaitsee N\u00e4sij\u00e4rven rannalla ja kohoaa korkeimmillaan 168 metriin. Hotelli Torni seisoo puolestaan rautatieaseman kupeessa. Se on noin 88,5 metri\u00e4 korkea rakennus.<\/p>\n<p>Suolaista ja makeaa<\/p>\n<p class=\"article-content article-content-width !bg-background\">Esko antaa suosituksensa my\u00f6s varsin legendaariselle munkkikahvilalle, joka sijaitsee Pispalanharjun laella, Pyynikin n\u00e4k\u00f6tornin juurella.<\/p>\n<p class=\"article-content article-content-width !bg-background\">Pyynikin Munkkikahvila on valmistanut k\u00e4sintehtyj\u00e4 munkkeja jo l\u00e4hes 40 vuotta.<\/p>\n<p>                <img decoding=\"async\" src=\"https:\/\/www.europesays.com\/fi\/wp-content\/uploads\/2026\/05\/2165385.webp\" width=\"576\" height=\"384\" alt=\"Esko osallistui vuosi sitten Seiskan 33-vuotissyntym\u00e4p\u00e4iville.\" loading=\"lazy\" \/>            <\/p>\n<p>\n            Esko osallistui vuosi sitten Seiskan 33-vuotissyntym\u00e4p\u00e4iville.<br \/>\n            ATTE KAJOVA\n        <\/p>\n<p class=\"article-content article-content-width !bg-background\">Toinen Eskon ruokasuosituksista on Kalevassa sijaitseva Ravintola Coussicca. Pihviravintola on toiminut munkkikahvilan tapaan Tampereella jo vuosikymmenien ajan, yli 55 vuotta.<\/p>\n<p class=\"article-content article-content-width !bg-background\">My\u00f6s Ravinteli Huber saa Eskolta kiitosta.<\/p>\n<p class=\"article-content article-content-width !bg-background\">\u2013 Siell\u00e4 ei ole tarvinnut petty\u00e4 koskaan!<\/p>\n<p>&#8221;Miten kuuroille ja sokeille k\u00e4y&#8221;<\/p>\n<p class=\"article-content article-content-width !bg-background\">Vaikka Tampereella onkin vaalittu vanhoja perinteit\u00e4 ja esimerkiksi arkkitehtuuria, kaupungissa on tapahtunut muutoksia, jotka ovat saaneet kansan barrikadeille.<\/p>\n<p>        <a itemprop=\"url\" href=\"https:\/\/www.seiska.fi\/vain-seiskassa\/esko-kovero-yllattyi-fanien-pyynnosta-kauppakeskuksessa-kuvat\/1691238\" rel=\"nofollow noopener\" target=\"_blank\"><\/p>\n<p>\nKuvat!\n<\/p>\n<p class=\"section-date\">\n        <strong class=\"article-section\" data-section=\"vain seiskassa\"><br \/>\n            vain seiskassa<br \/>\n        <\/strong><br \/>\n        6.5.2025 06:00\n    <\/p>\n<p>Esko Kovero yll\u00e4ttyi fanien pyynn\u00f6st\u00e4 kauppakeskuksessa \u2013 kuvat!\n    <\/p>\n<p itemprop=\"description\" class=\"subtitle \">\n    Varttuneempi v\u00e4ki voi muistaa Eskon Talvisota-elokuvasta.\n<\/p>\n<p>        <\/a><\/p>\n<p class=\"article-content article-content-width !bg-background\">Esko on asunut Tampereella jo noin kolmenkymmenen vuoden ajan, joten h\u00e4n on p\u00e4\u00e4ssyt seuraamaan muuttuvaa katukuvaa paraatipaikalta.<\/p>\n<p class=\"article-content article-content-width !bg-background\">\u2013 Muistan, kun Rantatunnelia rakennettiin. Se koko prosessi oli aivan mielet\u00f6n, Esko py\u00f6rittelee ep\u00e4uskoisena.<\/p>\n<p class=\"article-content article-content-width !bg-background\">\u2013 Tullakko vai eik\u00f6 tulla. Samaa sukua kyseiselle projektille on ollut Tampereen Ratikka. Miten kuuroille ja sokeille k\u00e4y, kun ratikka ajaa ylitse, mies muistaa kansan pohtineen.<\/p>\n<p>Valtuuston Salkkarit<\/p>\n<p class=\"article-content article-content-width !bg-background\">Tampereen Rantatunneli otettiin k\u00e4ytt\u00f6\u00f6n vuonna 2016. Projektin kestosta kertoo se, ett\u00e4 tunnelin varaus kaavaan tehtiin jo vuonna 1995.<\/p>\n<p>                <img decoding=\"async\" src=\"https:\/\/www.europesays.com\/fi\/wp-content\/uploads\/2026\/05\/2165394.webp\" width=\"576\" height=\"370\" alt=\"Salattujen el\u00e4mien studiolla juhlittiin vuoden 2025 tammikuussa ohjelman 26-vuotissyntt\u00e4reit\u00e4.\" loading=\"lazy\" \/>            <\/p>\n<p>\n            Salattujen el\u00e4mien studiolla juhlittiin vuoden 2025 tammikuussa ohjelman 26-vuotissyntt\u00e4reit\u00e4.<br \/>\n            Timo Korhonen\n        <\/p>\n<p class=\"article-content article-content-width !bg-background\">Tampereen Ratikalla p\u00e4\u00e4si puolestaan matkustamaan ensimm\u00e4isen kerran vuoden 2021 elokuussa.<\/p>\n<p class=\"article-content article-content-width !bg-background\">\u2013 Joskus Tampereen kaupunginvaltuustossa tapahtuva v\u00e4\u00e4nt\u00f6 on varsinaista Salattujen el\u00e4mien jaksoa.\u00a0<\/p>\n<p class=\"article-content article-content-width !bg-background\">\u2013 Nyt kun esimerkiksi Nokia-areenan ymp\u00e4rist\u00f6\u00f6n nousseet tornitalot ja muu arkkitehtuuri alkaa valmistumaan, n\u00e4kym\u00e4 on todella hyv\u00e4nn\u00e4k\u00f6inen. Kohtahan Tampereesta olisi vaikka Suomen p\u00e4\u00e4kaupungiksi, Esko vinkkaa.<\/p>\n<p class=\"article-content article-content-width !bg-background\">Taiteilija mainistee my\u00f6s Tampereen pormestarin, , joka muistetaan esimerkiksi  l\u00e4heisen\u00e4 yst\u00e4v\u00e4n\u00e4.<\/p>\n<p class=\"article-content article-content-width !bg-background\">\u2013 Eik\u00f6s Sanna Marinkin vienyt aikoinaan Tamperetta uusille kierroksille?<\/p>\n<p class=\"article-content article-content-width !bg-background\">Suomen entinen p\u00e4\u00e4ministeri Sanna Marin oli toden totta p\u00e4\u00e4tt\u00e4m\u00e4ss\u00e4 esimerkiksi Tampereen raitioliikenteen rakentamisesta. Marin oli Tampereen kaupunginvaltuustossa vuosina 2013-2023.<\/p>\n","protected":false},"excerpt":{"rendered":"Timo Korhonen Salkkarit-t\u00e4hti on asunut Tampereen Pispalassa jo yli 30 vuotta. Salatut el\u00e4m\u00e4t -sarjan Ismo Laitelana tunnettu ,&hellip;\n","protected":false},"author":2,"featured_media":263375,"comment_status":"","ping_status":"","sticky":false,"template":"","format":"standard","meta":{"footnotes":"","_share_on_mastodon":"0"},"categories":[136],"tags":[407,137,12763,33,31,30,35981,408,30210,1478,35980,17094,35979,35982,209,32,551,109],"class_list":["post-263374","post","type-post","status-publish","format-standard","has-post-thumbnail","category-julkkikset","tag-celebrities","tag-entertainment","tag-esko-kovero","tag-fi","tag-finland","tag-finnish","tag-hotelli-torni","tag-julkkikset","tag-kangasalan-kesateatteri","tag-matkailu","tag-nasinneula","tag-nokia-arena","tag-pyynikin-munkkikahvila","tag-ravintola-coussicca","tag-salatut-elamat","tag-suomi","tag-tampere","tag-viihde"],"share_on_mastodon":{"url":"https:\/\/pubeurope.com\/@fi\/116669731850043740","error":""},"_links":{"self":[{"href":"https:\/\/www.europesays.com\/fi\/wp-json\/wp\/v2\/posts\/263374","targetHints":{"allow":["GET"]}}],"collection":[{"href":"https:\/\/www.europesays.com\/fi\/wp-json\/wp\/v2\/posts"}],"about":[{"href":"https:\/\/www.europesays.com\/fi\/wp-json\/wp\/v2\/types\/post"}],"author":[{"embeddable":true,"href":"https:\/\/www.europesays.com\/fi\/wp-json\/wp\/v2\/users\/2"}],"replies":[{"embeddable":true,"href":"https:\/\/www.europesays.com\/fi\/wp-json\/wp\/v2\/comments?post=263374"}],"version-history":[{"count":0,"href":"https:\/\/www.europesays.com\/fi\/wp-json\/wp\/v2\/posts\/263374\/revisions"}],"wp:featuredmedia":[{"embeddable":true,"href":"https:\/\/www.europesays.com\/fi\/wp-json\/wp\/v2\/media\/263375"}],"wp:attachment":[{"href":"https:\/\/www.europesays.com\/fi\/wp-json\/wp\/v2\/media?parent=263374"}],"wp:term":[{"taxonomy":"category","embeddable":true,"href":"https:\/\/www.europesays.com\/fi\/wp-json\/wp\/v2\/categories?post=263374"},{"taxonomy":"post_tag","embeddable":true,"href":"https:\/\/www.europesays.com\/fi\/wp-json\/wp\/v2\/tags?post=263374"}],"curies":[{"name":"wp","href":"https:\/\/api.w.org\/{rel}","templated":true}]}}