{"id":263542,"date":"2026-05-31T19:05:14","date_gmt":"2026-05-31T19:05:14","guid":{"rendered":"https:\/\/www.europesays.com\/fi\/263542\/"},"modified":"2026-05-31T19:05:14","modified_gmt":"2026-05-31T19:05:14","slug":"anu-puumalainen-aloittaa-pikkuhousujen-myynnin","status":"publish","type":"post","link":"https:\/\/www.europesays.com\/fi\/263542\/","title":{"rendered":"Anu Puumalainen aloittaa pikkuhousujen myynnin"},"content":{"rendered":"<p>            Matti Matikainen\n        <\/p>\n<p class=\"subtitle \">Anu Puumalainen ihmettelee, ett\u00e4 jos Lapissa myyd\u00e4\u00e4n kuivuneita koivunlehti\u00e4, miksei h\u00e4nkin voisi myyd\u00e4 k\u00e4ytettyj\u00e4 pikkuhousujaan.<\/p>\n<p class=\"article-content article-content-width !bg-background\">Ensin tuli ero, sitten uudet rinnat.<\/p>\n<p class=\"font-weight-bold m-font-weight-bold article-content article-content-width !bg-background\">Video: Anu Puumalainen mielii eduskuntaan.<\/p>\n<p class=\"article-content article-content-width !bg-background\">Tosi-tv-t\u00e4hti ja Onlyfansia tekev\u00e4  erosi taannoin pitk\u00e4aikaisesta on-off-miehest\u00e4\u00e4n .<\/p>\n<p class=\"article-content article-content-width !bg-background\">Pian eron j\u00e4lkeen tuli jotain tilalle, nimitt\u00e4in silikonia rintoihin.<\/p>\n<p class=\"article-content article-content-width !bg-background\">Anu oli jo hieman yli vuotta aiemmin k\u00e4ynyt siirr\u00e4tt\u00e4m\u00e4ss\u00e4 rasvaa rintoihinsa, ja nyt kun mukaan tulevat silikonit, tuo se h\u00e4nen mukaansa parhaan mahdollisen lopputuloksen.<\/p>\n<p>        <a itemprop=\"url\" href=\"https:\/\/www.seiska.fi\/kotimaa\/aikuisviihdetta-tekevalta-anu-puumalaiselta-raju-ulostulo\/2159762\" rel=\"nofollow noopener\" target=\"_blank\"><\/p>\n<p>\nAnu Puumalainen\n<\/p>\n<p class=\"section-date\">\n        <strong class=\"article-section\" data-section=\"kotimaa\"><br \/>\n            kotimaa<br \/>\n        <\/strong><br \/>\n        26.5. 08:00\n    <\/p>\n<p>Aikuisviihdett\u00e4 tekev\u00e4lt\u00e4 Anu Puumalaiselta raju ulostulo\n    <\/p>\n<p itemprop=\"description\" class=\"subtitle \">\n    Pikkuhousujaan myyv\u00e4 Anu kertoo harkitsevansa tulevaisuudessa my\u00f6s escort-palveluiden tarjoamista. Samalla h\u00e4n ihmettelee, mik\u00e4 tekee Onlyfansista v\u00e4hemm\u00e4n arvostettavan kuin l\u00e4\u00e4k\u00e4rin\u00e4 toimiminen.\n<\/p>\n<p>        <\/a><\/p>\n<p class=\"article-content article-content-width !bg-background\">Kahden lapsen \u00e4iti toimii OF:n lis\u00e4ksi my\u00f6s is\u00e4ns\u00e4 omaishoitajana.<\/p>\n<p>                <img decoding=\"async\" src=\"https:\/\/www.europesays.com\/fi\/wp-content\/uploads\/2026\/05\/2163845.webp\" width=\"576\" height=\"720\" alt=\"Anu kertoo uskovansa, ett\u00e4 tulevan kumppanin voi tavata vaikka Onlyfansin kautta.\" loading=\"lazy\" \/>            <\/p>\n<p>\n            Anu kertoo uskovansa, ett\u00e4 tulevan kumppanin voi tavata vaikka Onlyfansin kautta.<br \/>\n            Matti Matikainen\n        <\/p>\n<p>Pikkuhousuja<\/p>\n<p class=\"article-content article-content-width !bg-background\">Nyt bisnekset ovat laajenemassa, sill\u00e4 Anu aikoo alkaa myyd\u00e4 omia pikkuhousujaan.<\/p>\n<p class=\"article-content article-content-width !bg-background\">\u2013 Niit\u00e4 on kyselty niin paljon!<\/p>\n<p class=\"article-content article-content-width !bg-background\">\u2013 Toiveita on erilaisia: joku voi pyyt\u00e4\u00e4 kaksi p\u00e4iv\u00e4\u00e4 pidettyj\u00e4 pikkuhousuja, joku taas ihan puhtaitakin, Anu valaisee.<\/p>\n<p>        <a itemprop=\"url\" href=\"https:\/\/www.seiska.fi\/kotimaa\/anu-puumalainen-tarjoaa-itseaan-perussuomalaisiin-voisin-olla-ministerikin\/2159750\" rel=\"nofollow noopener\" target=\"_blank\"><\/p>\n<p>\nViesti Riikka Purralle!\n<\/p>\n<p class=\"section-date\">\n        <strong class=\"article-section\" data-section=\"kotimaa\"><br \/>\n            kotimaa<br \/>\n        <\/strong><br \/>\n        24.5. 14:00\n    <\/p>\n<p>Anu Puumalainen tarjoaa itse\u00e4\u00e4n perussuomalaisiin: &#8221;Voisin olla ministerikin&#8221;\n    <\/p>\n<p itemprop=\"description\" class=\"subtitle \">\n    Anu Puumalainen kertoo, ett\u00e4 pit\u00e4isi keksi\u00e4 jokin keino ty\u00f6llist\u00e4\u00e4 kaikki.\n<\/p>\n<p>        <\/a><\/p>\n<p class=\"article-content article-content-width !bg-background\">Anu hakee vertauksen aina Lapin er\u00e4mailta saakka.<\/p>\n<p class=\"article-content article-content-width !bg-background\">\u2013 Jos Lapissa myyd\u00e4\u00e4n kuivuneita koivunlehti\u00e4 viidell\u00e4 eurolla pussi sellaisillekin, vaikka turisteille\u2026 niin mik\u00e4s siin\u00e4, jos se parantaa liiketoimintaa ja edist\u00e4\u00e4\u2026<\/p>\n<p>                <img decoding=\"async\" src=\"https:\/\/www.europesays.com\/fi\/wp-content\/uploads\/2026\/05\/2163843.webp\" width=\"576\" height=\"720\" alt=\"Anu Puumalainen on kahden lapsen \u00e4iti, joka myy pikkuhousujaan.\" loading=\"lazy\" \/>            <\/p>\n<p>\n            Anu Puumalainen on kahden lapsen \u00e4iti, joka myy pikkuhousujaan.<br \/>\n            Matti Matikainen\n        <\/p>\n<p>&#8221;En aluksi uskonut sit\u00e4, mutta&#8230;&#8221;<\/p>\n<p class=\"article-content article-content-width !bg-background\">Puhetta tulee my\u00f6s Onlyfansista, jonka suhteen Anu kertoo olevansa nyky\u00e4\u00e4n avoimempi.<\/p>\n<p class=\"article-content article-content-width !bg-background\">H\u00e4n sanoo kaverinsa l\u00f6yt\u00e4neen nykyisen poikayst\u00e4v\u00e4ns\u00e4 juuri OF:st\u00e4.<\/p>\n<p>        <a itemprop=\"url\" href=\"https:\/\/www.seiska.fi\/kotimaa\/anu-puumalainen-suorat-sanat-dannysta-ja-helmista\/2159596\" rel=\"nofollow noopener\" target=\"_blank\"><\/p>\n<p>\nAnu Puumalainen\n<\/p>\n<p class=\"section-date\">\n        <strong class=\"article-section\" data-section=\"kotimaa\"><br \/>\n            kotimaa<br \/>\n        <\/strong><br \/>\n        23.5. 18:00\n    <\/p>\n<p>Anu Puumalainen: Suorat sanat Dannysta ja Helmist\u00e4\n    <\/p>\n<p itemprop=\"description\" class=\"subtitle \">\n    &#8221;Rahalla saa ja hevosella p\u00e4\u00e4see, ne piirt\u00e4\u00e4, kenell\u00e4 on liitua&#8221;, BB:st\u00e4 tuttu Anu Puumalainen j\u00e4rkeilee.\n<\/p>\n<p>        <\/a><\/p>\n<p class=\"article-content article-content-width !bg-background\">\u2013 En aluksi uskonut sit\u00e4, mutta nyt olen vakuuttunut siit\u00e4, ett\u00e4 se voi tapahtua niinkin.<\/p>\n<p class=\"article-content article-content-width !bg-background\">OF:ss\u00e4 Anun sijasta n\u00e4hd\u00e4\u00e4n \u201dAnu Puuma\u201d, joka esitt\u00e4j\u00e4ns\u00e4 mukaan \u201dkehittyy ja tekee jatkuvasti uudistuksia\u201d mainitsematta kuitenkaan mit\u00e4\u00e4n konkreettista.<\/p>\n<p>                <img decoding=\"async\" src=\"https:\/\/www.europesays.com\/fi\/wp-content\/uploads\/2026\/05\/2163844.webp\" width=\"576\" height=\"720\" alt=\"Anu mielii my\u00f6s eduskuntaan.\" loading=\"lazy\" \/>            <\/p>\n<p>\n            Anu mielii my\u00f6s eduskuntaan.<br \/>\n            Matti Matikainen\n        <\/p>\n<p>&#8221;Eroottista ja kutkuttelevaa&#8221;<\/p>\n<p class=\"article-content article-content-width !bg-background\">Anun OF:n hinta on t\u00e4ll\u00e4 hetkell\u00e4 noin 17 euroa kuukaudessa.<\/p>\n<p class=\"article-content article-content-width !bg-background\">\u2013 Minulla on siell\u00e4 ollut vieraita, ja ajatuksena olisi, ett\u00e4 syksyll\u00e4 tulisi lis\u00e4\u00e4 vieraita.<\/p>\n<p class=\"article-content article-content-width !bg-background\">\u2013 En min\u00e4 sit\u00e4 nyt seksiksi v\u00e4ltt\u00e4m\u00e4tt\u00e4 sanoisi, mutta hyvin eroottista ja kutkuttelevaa, Anu p\u00e4\u00e4tt\u00e4\u00e4.<\/p>\n<p>        <a itemprop=\"url\" href=\"https:\/\/www.seiska.fi\/kotimaa\/huoli-herasi-eronneesta-bb-anusta-tylyt-terveiset-kriitikoille\/2142051\" rel=\"nofollow noopener\" target=\"_blank\"><\/p>\n<p>\nHuoli her\u00e4si eronneesta BB-Anusta\n<\/p>\n<p class=\"section-date\">\n        <strong class=\"article-section\" data-section=\"kotimaa\"><br \/>\n            kotimaa<br \/>\n        <\/strong><br \/>\n        3.5. 17:30\n    <\/p>\n<p>Huoli her\u00e4si eronneesta BB-Anusta \u2013 tylyt terveiset kriitikoille!\n    <\/p>\n<p itemprop=\"description\" class=\"subtitle \">\n    BB:st\u00e4 tuttu Anu Puumalainen tekee my\u00f6s OnlyFansia, mutta on lis\u00e4ksi kahden lapsen \u00e4iti.\n<\/p>\n<p>        <\/a><\/p>\n","protected":false},"excerpt":{"rendered":"Matti Matikainen Anu Puumalainen ihmettelee, ett\u00e4 jos Lapissa myyd\u00e4\u00e4n kuivuneita koivunlehti\u00e4, miksei h\u00e4nkin voisi myyd\u00e4 k\u00e4ytettyj\u00e4 pikkuhousujaan. Ensin&hellip;\n","protected":false},"author":2,"featured_media":263543,"comment_status":"","ping_status":"","sticky":false,"template":"","format":"standard","meta":{"footnotes":"","_share_on_mastodon":"0"},"categories":[136],"tags":[11336,407,137,33,31,30,11337,408,3376,3705,34327,14912,32,109],"class_list":["post-263542","post","type-post","status-publish","format-standard","has-post-thumbnail","category-julkkikset","tag-anu-puumalainen","tag-celebrities","tag-entertainment","tag-fi","tag-finland","tag-finnish","tag-helmeri-pirinen","tag-julkkikset","tag-k18","tag-onlyfans","tag-pikkuhousut","tag-silikonirinnat","tag-suomi","tag-viihde"],"share_on_mastodon":{"url":"https:\/\/pubeurope.com\/@fi\/116670754377615192","error":""},"_links":{"self":[{"href":"https:\/\/www.europesays.com\/fi\/wp-json\/wp\/v2\/posts\/263542","targetHints":{"allow":["GET"]}}],"collection":[{"href":"https:\/\/www.europesays.com\/fi\/wp-json\/wp\/v2\/posts"}],"about":[{"href":"https:\/\/www.europesays.com\/fi\/wp-json\/wp\/v2\/types\/post"}],"author":[{"embeddable":true,"href":"https:\/\/www.europesays.com\/fi\/wp-json\/wp\/v2\/users\/2"}],"replies":[{"embeddable":true,"href":"https:\/\/www.europesays.com\/fi\/wp-json\/wp\/v2\/comments?post=263542"}],"version-history":[{"count":0,"href":"https:\/\/www.europesays.com\/fi\/wp-json\/wp\/v2\/posts\/263542\/revisions"}],"wp:featuredmedia":[{"embeddable":true,"href":"https:\/\/www.europesays.com\/fi\/wp-json\/wp\/v2\/media\/263543"}],"wp:attachment":[{"href":"https:\/\/www.europesays.com\/fi\/wp-json\/wp\/v2\/media?parent=263542"}],"wp:term":[{"taxonomy":"category","embeddable":true,"href":"https:\/\/www.europesays.com\/fi\/wp-json\/wp\/v2\/categories?post=263542"},{"taxonomy":"post_tag","embeddable":true,"href":"https:\/\/www.europesays.com\/fi\/wp-json\/wp\/v2\/tags?post=263542"}],"curies":[{"name":"wp","href":"https:\/\/api.w.org\/{rel}","templated":true}]}}