{"id":26363,"date":"2025-09-05T11:43:02","date_gmt":"2025-09-05T11:43:02","guid":{"rendered":"https:\/\/www.europesays.com\/fi\/26363\/"},"modified":"2025-09-05T11:43:02","modified_gmt":"2025-09-05T11:43:02","slug":"saimaannorppa-hukkui-verkkoon-verkon-omistaja-viilsi-kuutin-vatsan-auki","status":"publish","type":"post","link":"https:\/\/www.europesays.com\/fi\/26363\/","title":{"rendered":"Saimaannorppa hukkui verkkoon \u2013 verkon omistaja viilsi kuutin vatsan auki"},"content":{"rendered":"<p>Mets\u00e4hallitus tekee kuutin kuolemasta rikosilmoituksen. Kuutin kuolema oli selv\u00e4sti yritetty salata.<\/p>\n<p class=\"article-body margin-bottom-24 padding-x-16\">Sivulliset l\u00f6ysiv\u00e4t Pihlajavedelt\u00e4 verkkoihin hukkuneen saimaannorpan kuutin torstaina 4. syyskuuta, kertoo Mets\u00e4hallituksen tiedote.<\/p>\n<p class=\"article-body margin-bottom-24 padding-x-16\">Verkkoon hukkunut naaraskuutti oli kahdeksas pyydykseen kuollut saimaannorppa, joka on tullut t\u00e4n\u00e4 vuonna Mets\u00e4hallituksen tietoon.<\/p>\n<p class=\"article-body margin-bottom-24 padding-x-16\">Sivulliset l\u00f6ysiv\u00e4t kuutin kellumasta kalastusrajoitusalueelta. Kuutin ymp\u00e4rill\u00e4 oli pala leikattua kalastusverkkoa, ja kuutin vatsa oli viilletty auki. Mets\u00e4hallituksen tiedotteessa todetaan, ett\u00e4 verkon omistaja on mit\u00e4 ilmeisimmin yritt\u00e4nyt h\u00e4vitt\u00e4\u00e4 pyydykseen kuolleen kuutin.<\/p>\n<p class=\"article-body margin-bottom-24 padding-x-16\">Kalastuslaki velvoittaa pyydysten omistajat ilmoittamaan pyydykseen kuolevista saimaannorpista viipym\u00e4tt\u00e4 Mets\u00e4hallitukselle.<\/p>\n<p class=\"article-body margin-bottom-24 padding-x-16\">Kuutti l\u00f6ydettiin kalastusrajoitusalueella ja sen kaulan ymp\u00e4rill\u00e4 oli verkonriekaleita. Nyt selvityksess\u00e4 on, oliko verkko lainvastainen.<\/p>\n<p class=\"article-body margin-bottom-24 padding-x-16\">Koska pyydyksen omistaja ei tehnyt norpan kuolemasta lain vaatimaa ilmoitusta Mets\u00e4hallitukselle, asiasta tehd\u00e4\u00e4n rikosilmoitus. Jos norpan kohtaloksi koitunut verkko osoittautuu laittomaksi, tieto lis\u00e4t\u00e4\u00e4n rikosilmoitukseen.<\/p>\n<p class=\"article-body margin-bottom-24 padding-x-16\">Nyt verkkoon kuollut saimaannorppa on toinen t\u00e4n\u00e4 kes\u00e4n\u00e4, josta ei ole ilmoitettu Mets\u00e4hallitukselle.<\/p>\n<p class=\"article-body margin-bottom-24 padding-x-16\">\u2013 Vastaani on tullut useampia tapauksia, joissa kalanpyydykseen kuollut norppa on tiputettu takaisin veteen ja j\u00e4tetty ilmoittamatta, mutta onkin my\u00f6hemmin l\u00f6ytynyt. T\u00e4llaista tapausta ei kuitenkaan ole ennen tullut tietooni, jossa pyydykseen kuollut norppa on n\u00e4in vahvasti pyritty h\u00e4vitt\u00e4m\u00e4\u00e4n viilt\u00e4m\u00e4ll\u00e4 vatsa auki, luonnonsuojelun erityisasiantuntija <a class=\"article-personlink\" href=\"https:\/\/www.is.fi\/haku\/?query=Miina%20Auttila\" rel=\"nofollow noopener\" target=\"_blank\">Miina Auttila<\/a> Mets\u00e4hallituksen Luontopalveluista kertoo tiedotteessa.<\/p>\n<p class=\"article-body margin-bottom-24 padding-x-16\">Mets\u00e4hallitus vastaa saimaannorpan kannanseurannasta ja suuresta osasta suojelutoimia Suomessa. Auttila on tehnyt saimaannorpan kannanseurantaa yli kymmenen vuotta.<\/p>\n<p class=\"article-body margin-bottom-24 padding-x-16\">Lue lis\u00e4\u00e4: <a class=\"article-genericlink\" href=\"https:\/\/www.is.fi\/kotimaa\/art-2000011394232.html\" rel=\"nofollow noopener\" target=\"_blank\">Pauliinan kes\u00e4ilta Savonlinnassa sai koskettavan k\u00e4\u00e4nteen \u2013 \u201dKoko kes\u00e4n kohokohta\u201d<\/a><\/p>\n<p>Saimaannorpan suojeluun liittyv\u00e4t kalastusrajoitukset<\/p>\n<p class=\"article-body margin-bottom-24 padding-x-16\">Kalastusrajoitukset ovat yksi merkitt\u00e4vimmist\u00e4 saimaannorpan suojelukeinoista ja syist\u00e4 norppakannan elpymiselle.<\/p>\n<p class=\"article-body margin-bottom-24 padding-x-16\">Vuodesta 2010 l\u00e4htien rajoitusalue on merkitt\u00e4v\u00e4sti laajentunut ja yhten\u00e4istynyt, mink\u00e4 ansiosta sen j\u00e4lkeen syntyneist\u00e4 kuuteista yh\u00e4 suurempi osa on selvinnyt lis\u00e4\u00e4ntymisik\u00e4\u00e4n ja havaitun pyydyskuolleisuuden suhteellinen osuus saimaannorppakannasta on pienentynyt.<\/p>\n<p class=\"article-body margin-bottom-24 padding-x-16\">Pyydyskuolleisuus hidastaa kuitenkin edelleen saimaannorppakannan elpymist\u00e4 ja on yksi merkitt\u00e4vimmist\u00e4 uhista norppakannan s\u00e4ilymiselle.<\/p>\n<p class=\"article-body margin-bottom-24 padding-x-16\">kalanpyydykseen kuolleesta saimaannorpasta tulee ilmoittaa viipym\u00e4tt\u00e4 Mets\u00e4hallitukselle puhelinnumeroon: 0206 39 5000.<\/p>\n<p class=\"article-body margin-bottom-24 padding-x-16\">L\u00e4hde: Mets\u00e4hallitus<\/p>\n","protected":false},"excerpt":{"rendered":"Mets\u00e4hallitus tekee kuutin kuolemasta rikosilmoituksen. Kuutin kuolema oli selv\u00e4sti yritetty salata. Sivulliset l\u00f6ysiv\u00e4t Pihlajavedelt\u00e4 verkkoihin hukkuneen saimaannorpan kuutin&hellip;\n","protected":false},"author":2,"featured_media":26364,"comment_status":"","ping_status":"","sticky":false,"template":"","format":"standard","meta":{"footnotes":""},"categories":[117],"tags":[33,31,30,34,72,476,118,32,119,477],"class_list":{"0":"post-26363","1":"post","2":"type-post","3":"status-publish","4":"format-standard","5":"has-post-thumbnail","7":"category-luonto","8":"tag-fi","9":"tag-finland","10":"tag-finnish","11":"tag-ilta-sanomat","12":"tag-luonto","13":"tag-nature","14":"tag-science","15":"tag-suomi","16":"tag-tiede","17":"tag-wildlife"},"share_on_mastodon":{"url":"","error":""},"_links":{"self":[{"href":"https:\/\/www.europesays.com\/fi\/wp-json\/wp\/v2\/posts\/26363","targetHints":{"allow":["GET"]}}],"collection":[{"href":"https:\/\/www.europesays.com\/fi\/wp-json\/wp\/v2\/posts"}],"about":[{"href":"https:\/\/www.europesays.com\/fi\/wp-json\/wp\/v2\/types\/post"}],"author":[{"embeddable":true,"href":"https:\/\/www.europesays.com\/fi\/wp-json\/wp\/v2\/users\/2"}],"replies":[{"embeddable":true,"href":"https:\/\/www.europesays.com\/fi\/wp-json\/wp\/v2\/comments?post=26363"}],"version-history":[{"count":0,"href":"https:\/\/www.europesays.com\/fi\/wp-json\/wp\/v2\/posts\/26363\/revisions"}],"wp:featuredmedia":[{"embeddable":true,"href":"https:\/\/www.europesays.com\/fi\/wp-json\/wp\/v2\/media\/26364"}],"wp:attachment":[{"href":"https:\/\/www.europesays.com\/fi\/wp-json\/wp\/v2\/media?parent=26363"}],"wp:term":[{"taxonomy":"category","embeddable":true,"href":"https:\/\/www.europesays.com\/fi\/wp-json\/wp\/v2\/categories?post=26363"},{"taxonomy":"post_tag","embeddable":true,"href":"https:\/\/www.europesays.com\/fi\/wp-json\/wp\/v2\/tags?post=26363"}],"curies":[{"name":"wp","href":"https:\/\/api.w.org\/{rel}","templated":true}]}}