{"id":26365,"date":"2025-09-05T11:43:16","date_gmt":"2025-09-05T11:43:16","guid":{"rendered":"https:\/\/www.europesays.com\/fi\/26365\/"},"modified":"2025-09-05T11:43:16","modified_gmt":"2025-09-05T11:43:16","slug":"pori-hakee-nasan-satelliittiohjelmaan-satakunta","status":"publish","type":"post","link":"https:\/\/www.europesays.com\/fi\/26365\/","title":{"rendered":"Pori hakee NASA:n satelliittiohjelmaan | Satakunta"},"content":{"rendered":"<p class=\"sc-jYczwO sc-dNFkOE frIBdZ edVjwg yle__article__paragraph\">Porin kaupungin kiinnostuksen taustalla on halu kehitt\u00e4\u00e4 korkeakoulutusta.<\/p>\n<p><img decoding=\"async\" alt=\"Satelliitti lent\u00e4\u00e4 maan yl\u00e4puolella. \" src=\"https:\/\/www.europesays.com\/fi\/wp-content\/uploads\/2025\/09\/39-141846667a617b7235c6.jpeg\" class=\"sc-dntSTA iywpZY\"\/><\/p>\n<p>Avaa kuvien katselu<\/p>\n<p>Kuvituskuva. Kuva: Euroopan avaruusj\u00e4rjest\u00f6<\/p>\n<p class=\"sc-jYczwO sc-ciCoXh frIBdZ cPdSqu yle__article__paragraph\">Porin kaupunki tavoittelee p\u00e4\u00e4sy\u00e4 NASA:n CubeSat-ohjelmaan yhdess\u00e4 alueen korkeakoulujen kanssa.<\/p>\n<p class=\"sc-jYczwO sc-ciCoXh frIBdZ cPdSqu yle__article__paragraph\">Ohjelmayhteisty\u00f6 tarkoittaisi satelliiteista saatavan tiedon hy\u00f6dynt\u00e4mist\u00e4 alueen korkeakoulujen tutkimusty\u00f6ss\u00e4.<\/p>\n<p class=\"sc-jYczwO sc-ciCoXh frIBdZ cPdSqu yle__article__paragraph\">Kaupungin mukaan tavoitteena on entisest\u00e4\u00e4n vahvistaa Porissa tarjottavaa korkeakoulutusta ja monialaista tutkimusty\u00f6t\u00e4.<\/p>\n<p class=\"sc-jYczwO sc-ciCoXh frIBdZ cPdSqu yle__article__paragraph\">\u2013 Pori haluaa olla mukana juurruttamassa uudenlaista tieteellist\u00e4 tutkimusta kaupunkiin, kertoo kaupunginjohtaja <strong class=\"sc-eEHciv kkmMDs yle__article__strong\">Lauri Inna<\/strong> tiedotteessa.<\/p>\n<p class=\"sc-jYczwO sc-ciCoXh frIBdZ cPdSqu yle__article__paragraph\">NASA:n avaruusk\u00e4velyinsin\u00f6\u00f6ri <strong class=\"sc-eEHciv kkmMDs yle__article__strong\">Kimmo Nieminen<\/strong> osallistuu tiiviisti ohjelman toteuttamiseen.<\/p>\n<p class=\"sc-jYczwO sc-ciCoXh frIBdZ cPdSqu yle__article__paragraph\">\u2013 Mahdollisuuksia on laajasti, aina ymp\u00e4rist\u00f6n seurannasta ja teko\u00e4lyn hy\u00f6dynt\u00e4misest\u00e4 tieteellisess\u00e4 analyysiss\u00e4 satelliittidatan kaupallistamiseen.<\/p>\n<p class=\"sc-jYczwO sc-ciCoXh frIBdZ cPdSqu yle__article__paragraph\">Haku NASA:n CubeSat-ohjelmaan alkaa elokuussa.<\/p>\n<p>Tiedepolku lapsille<\/p>\n<p class=\"sc-jYczwO sc-ciCoXh frIBdZ cPdSqu yle__article__paragraph\">Ohjelmayhteisty\u00f6n valmistelun my\u00f6t\u00e4 Pori aloittaa oman tiedepolun kehitt\u00e4misen varhaiskasvatuksesta lukiokoulutukseen saakka.<\/p>\n<p class=\"sc-jYczwO sc-ciCoXh frIBdZ cPdSqu yle__article__paragraph\">Tiedepolku pohjautuu jo aiemmin luotujen kulttuuripolun, ymp\u00e4rist\u00f6polun ja intopolun kaltaisiin kokonaisuuksiin, jotka kokoavat yhteen oppimissis\u00e4lt\u00f6j\u00e4 p\u00e4iv\u00e4koti- ja kouluryhmille.<\/p>\n<p class=\"sc-jYczwO sc-ciCoXh frIBdZ cPdSqu yle__article__paragraph\">\u2013 Tiedepolku kannustaa lapsia ja nuoria koulun ulkopuolisten oppimisymp\u00e4rist\u00f6jen hy\u00f6dynt\u00e4miseen ja tarjoaa k\u00e4yt\u00e4nn\u00f6n ty\u00f6kaluja opetuksen toteuttamiseen, sanoo tiedotteessa Porin sivistystoimialan johtaja <strong class=\"sc-eEHciv kkmMDs yle__article__strong\">Esa Kohtam\u00e4ki<\/strong>.<\/p>\n","protected":false},"excerpt":{"rendered":"Porin kaupungin kiinnostuksen taustalla on halu kehitt\u00e4\u00e4 korkeakoulutusta. Avaa kuvien katselu Kuvituskuva. Kuva: Euroopan avaruusj\u00e4rjest\u00f6 Porin kaupunki tavoittelee&hellip;\n","protected":false},"author":2,"featured_media":26366,"comment_status":"","ping_status":"","sticky":false,"template":"","format":"standard","meta":{"footnotes":""},"categories":[114],"tags":[453,33,31,30,607,1324,2787,968,118,452,32,119],"class_list":{"0":"post-26365","1":"post","2":"type-post","3":"status-publish","4":"format-standard","5":"has-post-thumbnail","7":"category-avaruus","8":"tag-avaruus","9":"tag-fi","10":"tag-finland","11":"tag-finnish","12":"tag-korkeakoulutus","13":"tag-nasa","14":"tag-pori","15":"tag-satakunta","16":"tag-science","17":"tag-space","18":"tag-suomi","19":"tag-tiede"},"share_on_mastodon":{"url":"","error":""},"_links":{"self":[{"href":"https:\/\/www.europesays.com\/fi\/wp-json\/wp\/v2\/posts\/26365","targetHints":{"allow":["GET"]}}],"collection":[{"href":"https:\/\/www.europesays.com\/fi\/wp-json\/wp\/v2\/posts"}],"about":[{"href":"https:\/\/www.europesays.com\/fi\/wp-json\/wp\/v2\/types\/post"}],"author":[{"embeddable":true,"href":"https:\/\/www.europesays.com\/fi\/wp-json\/wp\/v2\/users\/2"}],"replies":[{"embeddable":true,"href":"https:\/\/www.europesays.com\/fi\/wp-json\/wp\/v2\/comments?post=26365"}],"version-history":[{"count":0,"href":"https:\/\/www.europesays.com\/fi\/wp-json\/wp\/v2\/posts\/26365\/revisions"}],"wp:featuredmedia":[{"embeddable":true,"href":"https:\/\/www.europesays.com\/fi\/wp-json\/wp\/v2\/media\/26366"}],"wp:attachment":[{"href":"https:\/\/www.europesays.com\/fi\/wp-json\/wp\/v2\/media?parent=26365"}],"wp:term":[{"taxonomy":"category","embeddable":true,"href":"https:\/\/www.europesays.com\/fi\/wp-json\/wp\/v2\/categories?post=26365"},{"taxonomy":"post_tag","embeddable":true,"href":"https:\/\/www.europesays.com\/fi\/wp-json\/wp\/v2\/tags?post=26365"}],"curies":[{"name":"wp","href":"https:\/\/api.w.org\/{rel}","templated":true}]}}