{"id":26382,"date":"2025-09-05T12:24:09","date_gmt":"2025-09-05T12:24:09","guid":{"rendered":"https:\/\/www.europesays.com\/fi\/26382\/"},"modified":"2025-09-05T12:24:09","modified_gmt":"2025-09-05T12:24:09","slug":"hukkajoen-raakkutuhoalueelta-kaadetut-puut-levitetaan-hossan-kansallispuistoon-kotimaa","status":"publish","type":"post","link":"https:\/\/www.europesays.com\/fi\/26382\/","title":{"rendered":"Hukkajoen raakkutuhoalueelta kaadetut puut levitet\u00e4\u00e4n Hossan kansallispuistoon | Kotimaa"},"content":{"rendered":"<p class=\"sc-jYczwO sc-dNFkOE frIBdZ edVjwg yle__article__paragraph\">Viime elokuussa raakkujoella hakatut puut ovat olleet varastoituna eri puolille Suomea, eik\u00e4 niit\u00e4 otettu kaupalliseen k\u00e4ytt\u00f6\u00f6n.<\/p>\n<p><img decoding=\"async\" alt=\"Hukkajoen ymp\u00e4rist\u00f6\u00e4 ilmasta kuvattuna. Vasemmalla joesta aukeaa valtava hakkuuaukea.\" src=\"https:\/\/www.europesays.com\/fi\/wp-content\/uploads\/2025\/09\/39-1468932682d771917788.jpeg\" class=\"sc-dntSTA iywpZY\"\/><\/p>\n<p>Avaa kuvien katselu<\/p>\n<p>Hukkajoen ymp\u00e4rist\u00f6\u00e4 ilmasta kuvattuna. Nyt sielt\u00e4 hakattua puutta siirret\u00e4\u00e4n Hossan kansallispuistoon. Kuva: Timo Valtteri Sihvonen \/ Yle<\/p>\n<p class=\"sc-jYczwO sc-ciCoXh frIBdZ cPdSqu yle__article__paragraph\">Suomussalmen Hukkajoelta vuosi sitten hakatut puut tullaan k\u00e4ytt\u00e4m\u00e4\u00e4n hy\u00f6dyksi lahopuuna l\u00e4hell\u00e4 hakkauspaikkaa Hossan kansallispuistossa. Stora Enso on antanut puut Mets\u00e4hallituksen k\u00e4ytt\u00f6\u00f6n.<\/p>\n<p class=\"sc-jYczwO sc-ciCoXh frIBdZ cPdSqu yle__article__paragraph\">Asiasta uutisoi ensimm\u00e4isen\u00e4 <a class=\"sc-jDJeIs gotUgl yle__article__link\" href=\"https:\/\/www.hs.fi\/politiikka\/art-2000011430811.html\" role=\"link\" rel=\"nofollow noopener\" target=\"_blank\">Helsingin Sanomat<\/a>.<\/p>\n<p class=\"sc-jYczwO sc-ciCoXh frIBdZ cPdSqu yle__article__paragraph\">Stora Enson viestint\u00e4johtaja <strong class=\"sc-eEHciv kkmMDs yle__article__strong\">Ingrid Peura<\/strong> sanoo, ett\u00e4 kaadetut puut on siirretty hakkuilta varastopaikalle ja ne odottavat Mets\u00e4hallituksen aikatauluja.<\/p>\n<p class=\"sc-jYczwO sc-ciCoXh frIBdZ cPdSqu yle__article__paragraph\">Ingrid Peura sanoo Ylelle, ett\u00e4 siirrett\u00e4v\u00e4n puun tarkkaa m\u00e4\u00e4r\u00e4\u00e4 ei ole laskettu. Aiemmin Yle kertoi, ett\u00e4 Hukkajoella puuta hakattiin ennen keskeytyst\u00e4 noin 25 hehtaarin verran, eli useita tuhansia kuutiometrej\u00e4.<\/p>\n<p class=\"sc-jYczwO sc-ciCoXh frIBdZ cPdSqu yle__article__paragraph\">\u2013 T\u00e4rkeint\u00e4 t\u00e4ss\u00e4 kohtaa on se, ett\u00e4 l\u00f6ysimme vastuullisen tavan hoitaa t\u00e4m\u00e4 asia, Ingrid Peura sanoo Ylelle.<\/p>\n<p class=\"sc-jYczwO sc-ciCoXh frIBdZ cPdSqu yle__article__paragraph\">Koska puut ovat rikosep\u00e4illyn alaisia, niit\u00e4 ei saa k\u00e4ytt\u00e4\u00e4, vaan niille piti keksi\u00e4 uusia k\u00e4ytt\u00f6tapoja. Hossassa puut levitet\u00e4\u00e4n maastoon. Niist\u00e4 tulee lahopuuta, joka ruokkii muun muassa sieni\u00e4 ja hy\u00f6nteisi\u00e4.<\/p>\n<p class=\"sc-jYczwO sc-ciCoXh frIBdZ cPdSqu yle__article__paragraph\">Yle kertoi aiemmin t\u00e4n\u00e4 vuonna, ett\u00e4 viime elokuussa hakatut puut ovat olleet varastoituna eri puolille Suomea, eik\u00e4 niit\u00e4 otettu kaupalliseen k\u00e4ytt\u00f6\u00f6n. Syyn\u00e4 on se, ett\u00e4 hakkuumets\u00e4\u00e4 ei ollut sertifioitu mitenk\u00e4\u00e4n. Kiistanalaisesta l\u00e4hteest\u00e4 per\u00e4isin olevaa sertifioimatonta puuta ei s\u00e4\u00e4nt\u00f6jen mukaan saa k\u00e4ytt\u00e4\u00e4.<\/p>\n<p class=\"sc-jYczwO sc-ciCoXh frIBdZ cPdSqu yle__article__paragraph\">Vuosi sitten Suomussalmen Hukkajoen raakkuturmassa kuoli tuhansia raakkuja mets\u00e4koneen ajaessa raakkupuron yli useita kertoja. Raakuista osa kuoli murskautumalla, osa koneen sotkiessa kirkkaan veden lietteeseen.<\/p>\n<p class=\"sc-jYczwO sc-ciCoXh frIBdZ cPdSqu yle__article__paragraph\">Hakkuut keskeytyiv\u00e4t, kun niihin liittyv\u00e4t raakkutuhot huomattiin.<\/p>\n","protected":false},"excerpt":{"rendered":"Viime elokuussa raakkujoella hakatut puut ovat olleet varastoituna eri puolille Suomea, eik\u00e4 niit\u00e4 otettu kaupalliseen k\u00e4ytt\u00f6\u00f6n. Avaa kuvien&hellip;\n","protected":false},"author":2,"featured_media":26383,"comment_status":"","ping_status":"","sticky":false,"template":"","format":"standard","meta":{"footnotes":""},"categories":[117],"tags":[33,31,30,1960,3482,3481,723,71,72,476,728,118,32,119,477],"class_list":{"0":"post-26382","1":"post","2":"type-post","3":"status-publish","4":"format-standard","5":"has-post-thumbnail","7":"category-luonto","8":"tag-fi","9":"tag-finland","10":"tag-finnish","11":"tag-hakkuut","12":"tag-hukkajoki","13":"tag-jokihelmisimpukka","14":"tag-kainuu","15":"tag-kotimaa","16":"tag-luonto","17":"tag-nature","18":"tag-pohjois-pohjanmaa","19":"tag-science","20":"tag-suomi","21":"tag-tiede","22":"tag-wildlife"},"share_on_mastodon":{"url":"","error":""},"_links":{"self":[{"href":"https:\/\/www.europesays.com\/fi\/wp-json\/wp\/v2\/posts\/26382","targetHints":{"allow":["GET"]}}],"collection":[{"href":"https:\/\/www.europesays.com\/fi\/wp-json\/wp\/v2\/posts"}],"about":[{"href":"https:\/\/www.europesays.com\/fi\/wp-json\/wp\/v2\/types\/post"}],"author":[{"embeddable":true,"href":"https:\/\/www.europesays.com\/fi\/wp-json\/wp\/v2\/users\/2"}],"replies":[{"embeddable":true,"href":"https:\/\/www.europesays.com\/fi\/wp-json\/wp\/v2\/comments?post=26382"}],"version-history":[{"count":0,"href":"https:\/\/www.europesays.com\/fi\/wp-json\/wp\/v2\/posts\/26382\/revisions"}],"wp:featuredmedia":[{"embeddable":true,"href":"https:\/\/www.europesays.com\/fi\/wp-json\/wp\/v2\/media\/26383"}],"wp:attachment":[{"href":"https:\/\/www.europesays.com\/fi\/wp-json\/wp\/v2\/media?parent=26382"}],"wp:term":[{"taxonomy":"category","embeddable":true,"href":"https:\/\/www.europesays.com\/fi\/wp-json\/wp\/v2\/categories?post=26382"},{"taxonomy":"post_tag","embeddable":true,"href":"https:\/\/www.europesays.com\/fi\/wp-json\/wp\/v2\/tags?post=26382"}],"curies":[{"name":"wp","href":"https:\/\/api.w.org\/{rel}","templated":true}]}}