{"id":26384,"date":"2025-09-05T12:27:07","date_gmt":"2025-09-05T12:27:07","guid":{"rendered":"https:\/\/www.europesays.com\/fi\/26384\/"},"modified":"2025-09-05T12:27:07","modified_gmt":"2025-09-05T12:27:07","slug":"suomi-ostaa-satelliitteja-hintalappu-158-miljoonaa","status":"publish","type":"post","link":"https:\/\/www.europesays.com\/fi\/26384\/","title":{"rendered":"Suomi ostaa satelliitteja \u2013 hintalappu 158 miljoonaa"},"content":{"rendered":"<p>Hankinta on historiallinen, ministeri sanoo.<\/p>\n<p class=\"article-body margin-bottom-24 padding-x-16\">Suomi ostaa satelliittikaukokartoitusj\u00e4rjestelm\u00e4n kotimaiselta yritykselt\u00e4 Puolustusvoimien tarpeeseen, tiedottaa puolustusministeri\u00f6.<\/p>\n<p class=\"article-body margin-bottom-24 padding-x-16\">\u2013 T\u00e4ll\u00e4 valtuutusp\u00e4\u00e4t\u00f6ksell\u00e4 k\u00e4ynnist\u00e4mme Suomen puolustuksen itsen\u00e4isen avaruusvalvontakyvyn konkreettisen rakentamisen. Avaus on maamme puolustuskyvyn kehitt\u00e4misen kannalta historiallinen, ja sill\u00e4 on my\u00f6s yleisemp\u00e4\u00e4 teollisuus- ja teknologiapoliittista merkityst\u00e4, puolustusministeri <a class=\"article-personlink\" href=\"https:\/\/www.is.fi\/haku\/?query=Antti%20H%C3%A4kk%C3%A4nen\" rel=\"nofollow noopener\" target=\"_blank\">Antti H\u00e4kk\u00e4nen<\/a> sanoo.<\/p>\n<p class=\"article-body margin-bottom-24 padding-x-16\">Iceye Oy:lt\u00e4 tilattavat satelliitit pystyv\u00e4t kuvaamaan ja valvomaan kohteita kaikissa s\u00e4\u00e4- ja valaistusolosuhteista. Niiden tuottamasta tiedosta voivat hy\u00f6ty\u00e4 muutkin viranomaiset.<\/p>\n<p class=\"article-body margin-bottom-24 padding-x-16\">Hankinnan kokonaisarvo on noin 158 miljoonaa ilman arvonlis\u00e4veroa. Se sis\u00e4lt\u00e4\u00e4 optiot, jotka mahdollistavat satelliittien elinkaaren jatkon ja j\u00e4rjestelm\u00e4n laajentamisen.<\/p>\n<p class=\"article-body margin-bottom-24 padding-x-16\">Ostolla on my\u00f6s ty\u00f6llisyysvaikutuksia, ministeri\u00f6 kertoo.<\/p>\n<p class=\"article-body margin-bottom-24 padding-x-16\">\u2013 Hankinnan ty\u00f6llist\u00e4v\u00e4 vaikutus kotimaassa on noin 36 henkil\u00f6ty\u00f6vuotta.<\/p>\n","protected":false},"excerpt":{"rendered":"Hankinta on historiallinen, ministeri sanoo. Suomi ostaa satelliittikaukokartoitusj\u00e4rjestelm\u00e4n kotimaiselta yritykselt\u00e4 Puolustusvoimien tarpeeseen, tiedottaa puolustusministeri\u00f6. \u2013 T\u00e4ll\u00e4 valtuutusp\u00e4\u00e4t\u00f6ksell\u00e4 k\u00e4ynnist\u00e4mme&hellip;\n","protected":false},"author":2,"featured_media":26385,"comment_status":"","ping_status":"","sticky":false,"template":"","format":"standard","meta":{"footnotes":""},"categories":[114],"tags":[453,33,31,30,34,118,452,32,119],"class_list":{"0":"post-26384","1":"post","2":"type-post","3":"status-publish","4":"format-standard","5":"has-post-thumbnail","7":"category-avaruus","8":"tag-avaruus","9":"tag-fi","10":"tag-finland","11":"tag-finnish","12":"tag-ilta-sanomat","13":"tag-science","14":"tag-space","15":"tag-suomi","16":"tag-tiede"},"share_on_mastodon":{"url":"","error":""},"_links":{"self":[{"href":"https:\/\/www.europesays.com\/fi\/wp-json\/wp\/v2\/posts\/26384","targetHints":{"allow":["GET"]}}],"collection":[{"href":"https:\/\/www.europesays.com\/fi\/wp-json\/wp\/v2\/posts"}],"about":[{"href":"https:\/\/www.europesays.com\/fi\/wp-json\/wp\/v2\/types\/post"}],"author":[{"embeddable":true,"href":"https:\/\/www.europesays.com\/fi\/wp-json\/wp\/v2\/users\/2"}],"replies":[{"embeddable":true,"href":"https:\/\/www.europesays.com\/fi\/wp-json\/wp\/v2\/comments?post=26384"}],"version-history":[{"count":0,"href":"https:\/\/www.europesays.com\/fi\/wp-json\/wp\/v2\/posts\/26384\/revisions"}],"wp:featuredmedia":[{"embeddable":true,"href":"https:\/\/www.europesays.com\/fi\/wp-json\/wp\/v2\/media\/26385"}],"wp:attachment":[{"href":"https:\/\/www.europesays.com\/fi\/wp-json\/wp\/v2\/media?parent=26384"}],"wp:term":[{"taxonomy":"category","embeddable":true,"href":"https:\/\/www.europesays.com\/fi\/wp-json\/wp\/v2\/categories?post=26384"},{"taxonomy":"post_tag","embeddable":true,"href":"https:\/\/www.europesays.com\/fi\/wp-json\/wp\/v2\/tags?post=26384"}],"curies":[{"name":"wp","href":"https:\/\/api.w.org\/{rel}","templated":true}]}}