{"id":26390,"date":"2025-09-05T12:39:08","date_gmt":"2025-09-05T12:39:08","guid":{"rendered":"https:\/\/www.europesays.com\/fi\/26390\/"},"modified":"2025-09-05T12:39:08","modified_gmt":"2025-09-05T12:39:08","slug":"the-black-keysin-albumi-on-rutinoitunut-ja-turvallinen","status":"publish","type":"post","link":"https:\/\/www.europesays.com\/fi\/26390\/","title":{"rendered":"The Black Keysin albumi on rutinoitunut ja turvallinen"},"content":{"rendered":"<p>Levyarvio|Kuinka voi samaan aikaan uudistua ja kuulostaa moneen kertaan kuullulta? Amerikkalais-duo n\u00e4ytt\u00e4\u00e4 mallia.<\/p>\n<p class=\"article-body margin-bottom-24 padding-x-16\">Rock<\/p>\n<p class=\"article-body margin-bottom-24 padding-x-16\">The Black Keys: No Rain, No Flowers. Warner. \u2605\u2605\u2605<\/p>\n<p class=\"article-body margin-bottom-24 padding-x-16\">The Black Keysin kolmannentoista albumin kansikuvan kliseinen rokuhahmo lupaa sis\u00e4ll\u00f6lt\u00e4 rotevaa mallasta.<\/p>\n<p class=\"article-body margin-bottom-24 padding-x-16\">Saamme kuitenkin enimm\u00e4kseen haaleahkoa soodavett\u00e4, jonka ulos tuupanneessa putkistossa on pesinyt alkueli\u00f6in\u00e4 Philadelphia-soulia, Memphis-funkia sek\u00e4 aavistus kantria ja bluesia.<\/p>\n","protected":false},"excerpt":{"rendered":"Levyarvio|Kuinka voi samaan aikaan uudistua ja kuulostaa moneen kertaan kuullulta? Amerikkalais-duo n\u00e4ytt\u00e4\u00e4 mallia. Rock The Black Keys: No&hellip;\n","protected":false},"author":2,"featured_media":26391,"comment_status":"","ping_status":"","sticky":false,"template":"","format":"standard","meta":{"footnotes":""},"categories":[132],"tags":[137,33,31,30,46,195,47,32,109],"class_list":{"0":"post-26390","1":"post","2":"type-post","3":"status-publish","4":"format-standard","5":"has-post-thumbnail","7":"category-musiikki","8":"tag-entertainment","9":"tag-fi","10":"tag-finland","11":"tag-finnish","12":"tag-helsingin-sanomat","13":"tag-music","14":"tag-musiikki","15":"tag-suomi","16":"tag-viihde"},"share_on_mastodon":{"url":"","error":""},"_links":{"self":[{"href":"https:\/\/www.europesays.com\/fi\/wp-json\/wp\/v2\/posts\/26390","targetHints":{"allow":["GET"]}}],"collection":[{"href":"https:\/\/www.europesays.com\/fi\/wp-json\/wp\/v2\/posts"}],"about":[{"href":"https:\/\/www.europesays.com\/fi\/wp-json\/wp\/v2\/types\/post"}],"author":[{"embeddable":true,"href":"https:\/\/www.europesays.com\/fi\/wp-json\/wp\/v2\/users\/2"}],"replies":[{"embeddable":true,"href":"https:\/\/www.europesays.com\/fi\/wp-json\/wp\/v2\/comments?post=26390"}],"version-history":[{"count":0,"href":"https:\/\/www.europesays.com\/fi\/wp-json\/wp\/v2\/posts\/26390\/revisions"}],"wp:featuredmedia":[{"embeddable":true,"href":"https:\/\/www.europesays.com\/fi\/wp-json\/wp\/v2\/media\/26391"}],"wp:attachment":[{"href":"https:\/\/www.europesays.com\/fi\/wp-json\/wp\/v2\/media?parent=26390"}],"wp:term":[{"taxonomy":"category","embeddable":true,"href":"https:\/\/www.europesays.com\/fi\/wp-json\/wp\/v2\/categories?post=26390"},{"taxonomy":"post_tag","embeddable":true,"href":"https:\/\/www.europesays.com\/fi\/wp-json\/wp\/v2\/tags?post=26390"}],"curies":[{"name":"wp","href":"https:\/\/api.w.org\/{rel}","templated":true}]}}