{"id":26392,"date":"2025-09-05T12:40:07","date_gmt":"2025-09-05T12:40:07","guid":{"rendered":"https:\/\/www.europesays.com\/fi\/26392\/"},"modified":"2025-09-05T12:40:07","modified_gmt":"2025-09-05T12:40:07","slug":"disney-ei-tyydy-23-miljardiin-dollariin-vuoden-2022-hittielokuva-palaa-teattereihin-ennen-jatko-osan-ensi-iltaa","status":"publish","type":"post","link":"https:\/\/www.europesays.com\/fi\/26392\/","title":{"rendered":"Disney ei tyydy 2,3 miljardiin dollariin &#8211; vuoden 2022 hittielokuva palaa teattereihin ennen jatko-osan ensi-iltaa"},"content":{"rendered":"\n<p><strong>Avatar: The Way of Water palaa valkokankaille lokakuussa.<\/strong><\/p>\n<p><a href=\"https:\/\/muropaketti.com\/avainsana\/disney\/\" rel=\"nofollow noopener\" target=\"_blank\">Disney<\/a> tuo James Cameronin vuoden 2022 Avatar: The Way of Water -elokuvan takaisin valkokankaille. Uudelleenjulkaisusta on nyt tarjolla traileri ja juliste.<\/p>\n<p>Cameronin kassamagneetti ker\u00e4si yli 2,3 miljardia dollaria lipputuloja maailmanlaajuisesti ja palkittiin Oscarilla parhaista erikoistehosteista. Elokuva palaa 3D:n\u00e4 elokuvateattereihin 3. lokakuuta, joissa se py\u00f6rii viikon verran.<\/p>\n<p>The Way of Water sijoittuu yli vuosikymmen ensimm\u00e4isen elokuvan tapahtumien j\u00e4lkeen. Elokuva k\u00e4ynnist\u00e4\u00e4 tarinan Sullyn perheest\u00e4 (johon kuuluvat Jake, Neytiri ja heid\u00e4n lapsensa), ja kertoo siit\u00e4, miten pitk\u00e4lle he ovat valmiita menem\u00e4\u00e4n suojellakseen toisiaan, vaikeuksista, jotka seuraavat heit\u00e4, kamppailuista, joita he joutuvat k\u00e4ym\u00e4\u00e4n pysy\u00e4kseen hengiss\u00e4 sek\u00e4 tragedioista, joita he joutuvat kohtaamaan.<\/p>\n<p>Kolmas osa Avatar: Fire &amp; Ash saa Suomessa ensi-iltansa 17. joulukuuta.<\/p>\n<p>Muropaketin arvostelussa The Way of Water sai kolme t\u00e4hte\u00e4 viidest\u00e4:<\/p>\n<blockquote class=\"wp-embedded-content\" data-secret=\"IUAkQyAiez\">\n<p><a href=\"https:\/\/muropaketti.com\/elokuvat\/elokuva-arvostelut\/arvostelu-avatar-the-way-of-waterin-ongelmat-alkavat-kun-elokuva-nousee-vedesta-maalle\/\" rel=\"nofollow noopener\" target=\"_blank\">Arvostelu | Avatar: The Way of Water tekee vaikutuksen vedenalaisilla kohtauksillaan<\/a><\/p>\n<\/blockquote>\n<p><strong>Katso Avatar: The Way of Water<\/strong><\/p>\n","protected":false},"excerpt":{"rendered":"Avatar: The Way of Water palaa valkokankaille lokakuussa. Disney tuo James Cameronin vuoden 2022 Avatar: The Way of&hellip;\n","protected":false},"author":2,"featured_media":26393,"comment_status":"","ping_status":"","sticky":false,"template":"","format":"standard","meta":{"footnotes":""},"categories":[131],"tags":[1092,8365,298,155,137,33,173,31,30,434,172,32,109],"class_list":{"0":"post-26392","1":"post","2":"type-post","3":"status-publish","4":"format-standard","5":"has-post-thumbnail","7":"category-elokuvat","8":"tag-avatar","9":"tag-avatar-the-way-of-water","10":"tag-disney","11":"tag-elokuvat","12":"tag-entertainment","13":"tag-fi","14":"tag-film","15":"tag-finland","16":"tag-finnish","17":"tag-james-cameron","18":"tag-movies","19":"tag-suomi","20":"tag-viihde"},"share_on_mastodon":{"url":"","error":""},"_links":{"self":[{"href":"https:\/\/www.europesays.com\/fi\/wp-json\/wp\/v2\/posts\/26392","targetHints":{"allow":["GET"]}}],"collection":[{"href":"https:\/\/www.europesays.com\/fi\/wp-json\/wp\/v2\/posts"}],"about":[{"href":"https:\/\/www.europesays.com\/fi\/wp-json\/wp\/v2\/types\/post"}],"author":[{"embeddable":true,"href":"https:\/\/www.europesays.com\/fi\/wp-json\/wp\/v2\/users\/2"}],"replies":[{"embeddable":true,"href":"https:\/\/www.europesays.com\/fi\/wp-json\/wp\/v2\/comments?post=26392"}],"version-history":[{"count":0,"href":"https:\/\/www.europesays.com\/fi\/wp-json\/wp\/v2\/posts\/26392\/revisions"}],"wp:featuredmedia":[{"embeddable":true,"href":"https:\/\/www.europesays.com\/fi\/wp-json\/wp\/v2\/media\/26393"}],"wp:attachment":[{"href":"https:\/\/www.europesays.com\/fi\/wp-json\/wp\/v2\/media?parent=26392"}],"wp:term":[{"taxonomy":"category","embeddable":true,"href":"https:\/\/www.europesays.com\/fi\/wp-json\/wp\/v2\/categories?post=26392"},{"taxonomy":"post_tag","embeddable":true,"href":"https:\/\/www.europesays.com\/fi\/wp-json\/wp\/v2\/tags?post=26392"}],"curies":[{"name":"wp","href":"https:\/\/api.w.org\/{rel}","templated":true}]}}