{"id":264026,"date":"2026-06-01T09:29:06","date_gmt":"2026-06-01T09:29:06","guid":{"rendered":"https:\/\/www.europesays.com\/fi\/264026\/"},"modified":"2026-06-01T09:29:06","modified_gmt":"2026-06-01T09:29:06","slug":"kiti-kokkonen-tunteikas-viikko-ylioppilasjuhlat-ja-unohtumattomat-hetket","status":"publish","type":"post","link":"https:\/\/www.europesays.com\/fi\/264026\/","title":{"rendered":"Kiti Kokkonen: Tunteikas viikko \u2013 ylioppilasjuhlat ja unohtumattomat hetket"},"content":{"rendered":"<p>            ATTE KAJOVA\n        <\/p>\n<p class=\"subtitle \">Suuret tunteet ovat viime aikoina koetelleet suosikkin\u00e4yttelij\u00e4\u00e4<\/p>\n<p class=\"article-content article-content-width !bg-background\">N\u00e4yttelij\u00e4t\u00e4r  on kokenut melkoisen tunteiden kirjon viime viikon aikana.<\/p>\n<p class=\"font-weight-bold m-font-weight-bold article-content article-content-width !bg-background\">Tsekkaa my\u00f6s! Kiti Kokkonen kertoo el\u00e4m\u00e4nmuutoksesta<\/p>\n<p class=\"article-content article-content-width !bg-background\">Viime lauantaina (30.5.) juhlittiin perinteisesti uusia ylioppilaita, joita valmistui t\u00e4n\u00e4 vuonna melkoinen m\u00e4\u00e4r\u00e4, noin 26 500.<\/p>\n<p class=\"article-content article-content-width !bg-background\">Yksi n\u00e4ist\u00e4 spesiaalip\u00e4iv\u00e4n viett\u00e4jist\u00e4 on Kitin -tyt\u00e4r, jonka juhlien valmistelu oli aiheuttanut hurjan hulabaloon.<\/p>\n<p>        <a itemprop=\"url\" href=\"https:\/\/www.seiska.fi\/katso\/kiti-kokkonen-jatettiin-julma-syy\/1697267\" rel=\"nofollow noopener\" target=\"_blank\"><\/p>\n<p>\nKiti Kokkonen\n<\/p>\n<p class=\"section-date\">\n        <strong class=\"article-section\" data-section=\"katso\"><br \/>\n            katso<br \/>\n        <\/strong><br \/>\n        10.5.2025 07:15\n    <\/p>\n<p>Kiti Kokkonen j\u00e4tettiin \u2013 julma syy\n    <\/p>\n<p itemprop=\"description\" class=\"subtitle \">\n    Kiti Kokkonen muistelee saamiaan pakkeja televisiossa.\n<\/p>\n<p>        <\/a><\/p>\n<p class=\"article-content article-content-width !bg-background\"> \u2013 T\u00e4lt\u00e4 n\u00e4ytt\u00e4\u00e4 yksi kolmesta vanhemmasta, joka on k\u00e4ynyt viikon ylikierroksilla, Kiti kirjoittaa Instagram-tililleen julkaisemansa kuvan alla.<\/p>\n<p class=\"article-content article-content-width !bg-background\">H\u00e4n on p\u00e4ivitt\u00e4nyt profiiliaan juhlap\u00e4iv\u00e4n\u00e4 otetulla kuvalla, mutta rajannut siin\u00e4 n\u00e4kym\u00e4\u00e4n vain omat kasvonsa, koska ei ole ollut varma, haluaako esimerkiksi juhlien p\u00e4\u00e4t\u00e4hti p\u00e4rst\u00e4ns\u00e4 n\u00e4kyviin Kitin tilille.<\/p>\n<p class=\"article-content article-content-width !bg-background\">Kitin viittaus kolmeen vanhempaan liittyy siihen, ett\u00e4 h\u00e4nest\u00e4 tosiaan tuli Sofian bonusvanhempi p\u00e4\u00e4lle 15 vuotta sitten, kun h\u00e4n aloitti yhteisen matkan puolisonsa muusikko\u00a0 kanssa.<\/p>\n<p>Unohti itse laittautua juhliin!<\/p>\n<p class=\"article-content article-content-width !bg-background\">Tarkoin rajatussa kuvassa Kiti hymyilee muikeasti ja h\u00e4nen hiuksensa on heitetty rennolle nutturalle p\u00e4\u00e4laelle.<\/p>\n<p class=\"article-content article-content-width !bg-background\"> \u2013 T\u00e4m\u00e4 kuva on nyt naurattanut monta kertaa, n\u00e4yttelij\u00e4t\u00e4r kirjoittaa.<\/p>\n<p class=\"article-content article-content-width !bg-background\">H\u00e4n kertookin kuvatekstiss\u00e4, ettei juhlavalmisteluiltaan huomannut huolitella itse\u00e4\u00e4n, ja olipahan h\u00e4n p\u00e4\u00e4tynyt tekem\u00e4\u00e4n yhden todella eriskummallisen h\u00e4t\u00e4ratkaisunkin.<\/p>\n<p>        <a itemprop=\"url\" href=\"https:\/\/www.seiska.fi\/kotimaa\/kiti-kokkonen-kiusallinen-terveyshuoli-piinaa-kuva-ei-herkille\/1990640\" rel=\"nofollow noopener\" target=\"_blank\"><\/p>\n<p>\nKuva ei herkille!\n<\/p>\n<p class=\"section-date\">\n        <strong class=\"article-section\" data-section=\"kotimaa\"><br \/>\n            kotimaa<br \/>\n        <\/strong><br \/>\n        12.11.2025 11:04\n    <\/p>\n<p>Kiti Kokkonen: Kiusallinen terveyshuoli piinaa \u2013 kuva ei herkille\n    <\/p>\n<p itemprop=\"description\" class=\"subtitle \">\n    Kiti Kokkonen kertoo k\u00e4rsineens\u00e4 jo pitk\u00e4\u00e4n terveysongelmista.\n<\/p>\n<p>        <\/a><\/p>\n<p class=\"article-content article-content-width !bg-background\">Kiti oli nimitt\u00e4in omien sanojensa mukaan juuri ennen vieraiden saapumista pessyt hampaansa kulmaharjalla, jossa oli kaiken kukkuraksi ollut ripaus luomiv\u00e4ri\u00e4.<\/p>\n<p>Ylpeys ja itku<\/p>\n<p class=\"article-content article-content-width !bg-background\">Tytt\u00e4rest\u00e4\u00e4n ylpe\u00e4 \u00e4iti purkaa tunteneensa ylitsevuotavaa rakkautta ja ylpeytt\u00e4 t\u00e4t\u00e4 kohtaan, ja kertoo itkeskelleens\u00e4 haikeana Sofian itsen\u00e4istymist\u00e4.<\/p>\n<p class=\"article-content article-content-width !bg-background\"> \u2013 Miten ihana ihminen perheen tytt\u00e4rest\u00e4 on tullut, Kiti toteaa loppukaneettina.<\/p>\n<p>        <a itemprop=\"url\" href=\"https:\/\/www.seiska.fi\/kotimaa\/kiskoi-drinkkeja-ja-torkahti-laivaan-kiti-kokkonen-oikoo-vaitteita-viron-reissustaan-en-mina-mikaan-absolutisti-ole-mutta\/1109758\" rel=\"nofollow noopener\" target=\"_blank\"><\/p>\n<p class=\"section-date\">\n        <strong class=\"article-section\" data-section=\"kotimaa\"><br \/>\n            kotimaa<br \/>\n        <\/strong><br \/>\n        11.8.2023 14:51\n    <\/p>\n<p>Kiskoi drinkkej\u00e4 ja torkahti laivaan?! Kiti Kokkonen oikoo v\u00e4itteit\u00e4 Viron-reissustaan: \u201dEn min\u00e4 mik\u00e4\u00e4n absolutisti ole, mutta&#8230;\u201d\n    <\/p>\n<p itemprop=\"description\" class=\"subtitle \">\n    Suosikkin\u00e4yttelij\u00e4n v\u00e4itetysti vauhdikas Viron-reissu tallentui Seiskan lukijoiden k\u00e4nnykk\u00e4kameroihin.\n<\/p>\n<p>        <\/a><\/p>\n<p class=\"article-content article-content-width !bg-background\">Lis\u00e4ksi aiemmassa kohtaa teksti\u00e4 h\u00e4n paljastaa p\u00f6ll\u00f6illeens\u00e4 kiittett\u00e4v\u00e4n m\u00e4\u00e4r\u00e4n viime p\u00e4ivin\u00e4.<\/p>\n<p class=\"article-content article-content-width !bg-background\"> \u2013 Valvonut kolme y\u00f6t\u00e4 (ei per\u00e4kk\u00e4isin\u00e4 \u00f6in\u00e4), Kiti t\u00e4ydent\u00e4\u00e4 ylikierroksilla k\u00e4ynnin aiheuttamaa oireilua k\u00e4sittelev\u00e4\u00e4 listaansa.<\/p>\n","protected":false},"excerpt":{"rendered":"ATTE KAJOVA Suuret tunteet ovat viime aikoina koetelleet suosikkin\u00e4yttelij\u00e4\u00e4 N\u00e4yttelij\u00e4t\u00e4r on kokenut melkoisen tunteiden kirjon viime viikon aikana.&hellip;\n","protected":false},"author":2,"featured_media":264027,"comment_status":"","ping_status":"","sticky":false,"template":"","format":"standard","meta":{"footnotes":"","_share_on_mastodon":"0"},"categories":[136],"tags":[407,137,33,31,30,408,2850,98,1311,32,102,109,4410],"class_list":["post-264026","post","type-post","status-publish","format-standard","has-post-thumbnail","category-julkkikset","tag-celebrities","tag-entertainment","tag-fi","tag-finland","tag-finnish","tag-julkkikset","tag-kiti-kokkonen","tag-perhe","tag-rakkaus","tag-suomi","tag-vanhemmat","tag-viihde","tag-ylioppilasjuhlat"],"share_on_mastodon":{"url":"https:\/\/pubeurope.com\/@fi\/116674151479553430","error":""},"_links":{"self":[{"href":"https:\/\/www.europesays.com\/fi\/wp-json\/wp\/v2\/posts\/264026","targetHints":{"allow":["GET"]}}],"collection":[{"href":"https:\/\/www.europesays.com\/fi\/wp-json\/wp\/v2\/posts"}],"about":[{"href":"https:\/\/www.europesays.com\/fi\/wp-json\/wp\/v2\/types\/post"}],"author":[{"embeddable":true,"href":"https:\/\/www.europesays.com\/fi\/wp-json\/wp\/v2\/users\/2"}],"replies":[{"embeddable":true,"href":"https:\/\/www.europesays.com\/fi\/wp-json\/wp\/v2\/comments?post=264026"}],"version-history":[{"count":0,"href":"https:\/\/www.europesays.com\/fi\/wp-json\/wp\/v2\/posts\/264026\/revisions"}],"wp:featuredmedia":[{"embeddable":true,"href":"https:\/\/www.europesays.com\/fi\/wp-json\/wp\/v2\/media\/264027"}],"wp:attachment":[{"href":"https:\/\/www.europesays.com\/fi\/wp-json\/wp\/v2\/media?parent=264026"}],"wp:term":[{"taxonomy":"category","embeddable":true,"href":"https:\/\/www.europesays.com\/fi\/wp-json\/wp\/v2\/categories?post=264026"},{"taxonomy":"post_tag","embeddable":true,"href":"https:\/\/www.europesays.com\/fi\/wp-json\/wp\/v2\/tags?post=264026"}],"curies":[{"name":"wp","href":"https:\/\/api.w.org\/{rel}","templated":true}]}}