{"id":26450,"date":"2025-09-05T14:00:07","date_gmt":"2025-09-05T14:00:07","guid":{"rendered":"https:\/\/www.europesays.com\/fi\/26450\/"},"modified":"2025-09-05T14:00:07","modified_gmt":"2025-09-05T14:00:07","slug":"takavuosien-kohukaunotar-audrina-patridge-teki-paluun-edelleen-pysayttava-kaunotar-stara-fi","status":"publish","type":"post","link":"https:\/\/www.europesays.com\/fi\/26450\/","title":{"rendered":"Takavuosien kohukaunotar Audrina Patridge teki paluun \u2013 edelleen pys\u00e4ytt\u00e4v\u00e4 kaunotar \u2013 Stara.fi"},"content":{"rendered":"<p>Er\u00e4s kaikkien aikojen suosituimmista realitysarjoista oli takavuosina The Hills, jonka nuorista t\u00e4hdist\u00e4 tuli kansainv\u00e4lisi\u00e4 julkkiksia. Er\u00e4s heist\u00e4 oli Audrina Patridge, joka viihtyi viel\u00e4 vuosikausia ohjelman p\u00e4\u00e4ttymisen j\u00e4lkeen parrasvaloissa ja paparazzien t\u00e4ht\u00e4miss\u00e4, kunnes lopulta vet\u00e4ytyi julkisuudesta.<\/p>\n<p>Mainos (jatkuu alla)Mainos p\u00e4\u00e4ttyy<\/p>\n<p>Audrina Patridge avioitui Corey Bohanin kanssa marraskuussa 2016, mutta my\u00f6hemmin he erosivat. Patridge teki viel\u00e4 paluun vanhaan ohjelmaansa, kun se elvytettiin hetkeksi. Nyt Audrina on tehnyt paluun parrasvaloihin osallistumalla julkkisjuhliin ja samalla osoittanut olevansa edelleen yht\u00e4 timmiss\u00e4 kunnossa kuin aiemmin.<\/p>\n<p>\u2013 Jotkut asiat eiv\u00e4t mene pois muodista. Viimeksi kun kannoin t\u00e4t\u00e4 Herve Legerin asua oli vuonna 2008 Maxim Hot 100 -tilaisuudessa. Nyt minun piti tuoda se toiselle kierrokselle, Audrina Patridge kertoi asuvalinnastaan.<\/p>\n<p>Mainos (jatkuu alla)Mainos p\u00e4\u00e4ttyy<\/p>\n<p>The Hills -sarjassa Audrina Patridge seurusteli aiemmin Justin Bobby Brescian kanssa. T\u00e4m\u00e4 oli tunnettu paha poika ja muusikko, jonka kanssa naisella oli tulinen ja monivaiheinen suhde. Audrina meni kuitenkin naimisiin Corey Bohanin kanssa marraskuussa 2016 ja he saivat Kirra Max -tytt\u00e4ren.<\/p>\n<p>Avioeron j\u00e4lkeen Patridge hakeutui heti takaisin Brescian kainaloon. Viime vuosien suhdekiemuroista ei ole en\u00e4\u00e4 kovin paljon julkisuudessa kirjoitettu.<\/p>\n<p>Mainos (jatkuu alla)Mainos p\u00e4\u00e4ttyy<\/p>\n<blockquote class=\"instagram-media\" data-instgrm-captioned=\"\" data-instgrm-permalink=\"https:\/\/www.instagram.com\/p\/DOKNkiMgQqo\/?utm_source=ig_embed&amp;utm_campaign=loading\" data-instgrm-version=\"14\" style=\" background:#FFF; border:0; border-radius:3px; box-shadow:0 0 1px 0 rgba(0,0,0,0.5),0 1px 10px 0 rgba(0,0,0,0.15); margin: 1px; max-width:540px; min-width:326px; padding:0; width:99.375%; width:-webkit-calc(100% - 2px); width:calc(100% - 2px);\">\n<\/blockquote>\n<p>\t\t\t\t\t<script async src=\"\/\/www.instagram.com\/embed.js\"><\/script><\/p>\n","protected":false},"excerpt":{"rendered":"Er\u00e4s kaikkien aikojen suosituimmista realitysarjoista oli takavuosina The Hills, jonka nuorista t\u00e4hdist\u00e4 tuli kansainv\u00e4lisi\u00e4 julkkiksia. Er\u00e4s heist\u00e4 oli&hellip;\n","protected":false},"author":2,"featured_media":26451,"comment_status":"","ping_status":"","sticky":false,"template":"","format":"standard","meta":{"footnotes":""},"categories":[133],"tags":[137,33,31,30,32,206,156,109],"class_list":{"0":"post-26450","1":"post","2":"type-post","3":"status-publish","4":"format-standard","5":"has-post-thumbnail","7":"category-televisiot","8":"tag-entertainment","9":"tag-fi","10":"tag-finland","11":"tag-finnish","12":"tag-suomi","13":"tag-televisiot","14":"tag-tv","15":"tag-viihde"},"share_on_mastodon":{"url":"","error":""},"_links":{"self":[{"href":"https:\/\/www.europesays.com\/fi\/wp-json\/wp\/v2\/posts\/26450","targetHints":{"allow":["GET"]}}],"collection":[{"href":"https:\/\/www.europesays.com\/fi\/wp-json\/wp\/v2\/posts"}],"about":[{"href":"https:\/\/www.europesays.com\/fi\/wp-json\/wp\/v2\/types\/post"}],"author":[{"embeddable":true,"href":"https:\/\/www.europesays.com\/fi\/wp-json\/wp\/v2\/users\/2"}],"replies":[{"embeddable":true,"href":"https:\/\/www.europesays.com\/fi\/wp-json\/wp\/v2\/comments?post=26450"}],"version-history":[{"count":0,"href":"https:\/\/www.europesays.com\/fi\/wp-json\/wp\/v2\/posts\/26450\/revisions"}],"wp:featuredmedia":[{"embeddable":true,"href":"https:\/\/www.europesays.com\/fi\/wp-json\/wp\/v2\/media\/26451"}],"wp:attachment":[{"href":"https:\/\/www.europesays.com\/fi\/wp-json\/wp\/v2\/media?parent=26450"}],"wp:term":[{"taxonomy":"category","embeddable":true,"href":"https:\/\/www.europesays.com\/fi\/wp-json\/wp\/v2\/categories?post=26450"},{"taxonomy":"post_tag","embeddable":true,"href":"https:\/\/www.europesays.com\/fi\/wp-json\/wp\/v2\/tags?post=26450"}],"curies":[{"name":"wp","href":"https:\/\/api.w.org\/{rel}","templated":true}]}}