{"id":26454,"date":"2025-09-05T14:02:07","date_gmt":"2025-09-05T14:02:07","guid":{"rendered":"https:\/\/www.europesays.com\/fi\/26454\/"},"modified":"2025-09-05T14:02:07","modified_gmt":"2025-09-05T14:02:07","slug":"ethan-hawken-loistava-mielipuoli-palaa-lokakuussa-black-phone-2n-traileri-esittelee-mustan-puhelimen-uudet-kauhut","status":"publish","type":"post","link":"https:\/\/www.europesays.com\/fi\/26454\/","title":{"rendered":"Ethan Hawken loistava mielipuoli palaa lokakuussa &#8211; Black Phone 2:n traileri esittelee mustan puhelimen uudet kauhut"},"content":{"rendered":"\n<p><strong>Vuoden 2022 Black Phone menestyi yll\u00e4tt\u00e4v\u00e4n hyvin. Noin 17 miljoonan dollarin budjetilla tehty yliluonnollinen kauhuelokuva ker\u00e4si maailmanlaajuisesti yli 161 miljoonan dollarin lipunmyynnin.<\/strong><\/p>\n<p>Nyt <a href=\"https:\/\/muropaketti.com\/avainsana\/black-phone\/\" rel=\"nofollow noopener\" target=\"_blank\">Black Phonelle<\/a> on tehty jatko-osa pitk\u00e4lti samalla tiimill\u00e4 kuin ensimm\u00e4inen.<\/p>\n<p>Scott Derrickson on ohjannut ja toiminut Black Phone 2:n k\u00e4sikirjoittajana yhdess\u00e4 C. Robert Cargillin kanssa. Ensimm\u00e4inen elokuva pohjautui Joe Hillin novelliin, mutta t\u00e4ll\u00e4 kertaa elokuvantekij\u00e4t ovat kehitt\u00e4neet tarinansa puhtaalta p\u00f6yd\u00e4lt\u00e4.<\/p>\n<p>Ja keitos kuulostaa seuraavalta:<\/p>\n<p>\u201dNelinkertainen Oscar-ehdokas Ethan Hawke palaa uransa synkimp\u00e4\u00e4n rooliin, kun Nappaaja yritt\u00e4\u00e4 kostaa Finnille (Mason Thames) haudan takaa vainoamalla t\u00e4m\u00e4n pikkusiskoa Gweni\u00e4 (Madeleine McGraw). Kun 17-vuotias Finn kamppailee vankeutensa j\u00e4lkeisen el\u00e4m\u00e4n kanssa, omap\u00e4inen 15-vuotias Gwen alkaa saada unissaan puheluita mustasta puhelimesta ja n\u00e4hd\u00e4 h\u00e4iritsevi\u00e4 n\u00e4kyj\u00e4 kolmesta pojasta, joita vaanitaan Alpine Lake -nimisell\u00e4 talvileirill\u00e4. Gwen haluaa ratkaista mysteerin sek\u00e4 p\u00e4\u00e4tt\u00e4\u00e4 oman ja veljens\u00e4 piinan, joten h\u00e4n ylipuhuu Finnin l\u00e4htem\u00e4\u00e4n kanssaan leirille keskell\u00e4 talvimyrsky\u00e4. Siell\u00e4 Gwenille selvi\u00e4\u00e4 j\u00e4rkytt\u00e4v\u00e4 yhteys Nappaajan ja h\u00e4nen oman perheens\u00e4 historian v\u00e4lill\u00e4. Yhdess\u00e4 Gwenin ja Finnin on kohdattava tappaja, joka on kuolemansa j\u00e4lkeen muuttunut entist\u00e4 voimakkaammaksi ja t\u00e4rke\u00e4mm\u00e4ksi heille kuin kumpikaan olisi osannut kuvitella.\u201d<\/p>\n<p>Black Phone 2:n traileri esittelee alla lis\u00e4\u00e4, mit\u00e4 elokuvateattereihin on 17. lokakuuta luvassa.<\/p>\n<blockquote class=\"wp-embedded-content\" data-secret=\"nwMI9QgfbR\">\n<p><a href=\"https:\/\/muropaketti.com\/elokuvat\/elokuva-arvostelut\/arvostelu-black-phone-on-perinteita-kunnioittava-kauhuelokuva-jossa-ethan-hawke-loistaa-mielipuolipahiksena\/\" rel=\"nofollow noopener\" target=\"_blank\">Arvostelu | Black Phone on perinteit\u00e4 kunnioittava kauhuelokuva, jossa Ethan Hawke loistaa mielipuolipahiksena<\/a><\/p>\n<\/blockquote>\n<p><strong>Katso The Black Phone<\/strong><\/p>\n","protected":false},"excerpt":{"rendered":"Vuoden 2022 Black Phone menestyi yll\u00e4tt\u00e4v\u00e4n hyvin. Noin 17 miljoonan dollarin budjetilla tehty yliluonnollinen kauhuelokuva ker\u00e4si maailmanlaajuisesti yli&hellip;\n","protected":false},"author":2,"featured_media":26455,"comment_status":"","ping_status":"","sticky":false,"template":"","format":"standard","meta":{"footnotes":""},"categories":[131],"tags":[8380,155,137,8381,33,173,31,30,172,8382,32,109],"class_list":{"0":"post-26454","1":"post","2":"type-post","3":"status-publish","4":"format-standard","5":"has-post-thumbnail","7":"category-elokuvat","8":"tag-black-phone","9":"tag-elokuvat","10":"tag-entertainment","11":"tag-ethan-hawke","12":"tag-fi","13":"tag-film","14":"tag-finland","15":"tag-finnish","16":"tag-movies","17":"tag-scott-derrickson","18":"tag-suomi","19":"tag-viihde"},"share_on_mastodon":{"url":"","error":""},"_links":{"self":[{"href":"https:\/\/www.europesays.com\/fi\/wp-json\/wp\/v2\/posts\/26454","targetHints":{"allow":["GET"]}}],"collection":[{"href":"https:\/\/www.europesays.com\/fi\/wp-json\/wp\/v2\/posts"}],"about":[{"href":"https:\/\/www.europesays.com\/fi\/wp-json\/wp\/v2\/types\/post"}],"author":[{"embeddable":true,"href":"https:\/\/www.europesays.com\/fi\/wp-json\/wp\/v2\/users\/2"}],"replies":[{"embeddable":true,"href":"https:\/\/www.europesays.com\/fi\/wp-json\/wp\/v2\/comments?post=26454"}],"version-history":[{"count":0,"href":"https:\/\/www.europesays.com\/fi\/wp-json\/wp\/v2\/posts\/26454\/revisions"}],"wp:featuredmedia":[{"embeddable":true,"href":"https:\/\/www.europesays.com\/fi\/wp-json\/wp\/v2\/media\/26455"}],"wp:attachment":[{"href":"https:\/\/www.europesays.com\/fi\/wp-json\/wp\/v2\/media?parent=26454"}],"wp:term":[{"taxonomy":"category","embeddable":true,"href":"https:\/\/www.europesays.com\/fi\/wp-json\/wp\/v2\/categories?post=26454"},{"taxonomy":"post_tag","embeddable":true,"href":"https:\/\/www.europesays.com\/fi\/wp-json\/wp\/v2\/tags?post=26454"}],"curies":[{"name":"wp","href":"https:\/\/api.w.org\/{rel}","templated":true}]}}