{"id":26462,"date":"2025-09-05T14:09:07","date_gmt":"2025-09-05T14:09:07","guid":{"rendered":"https:\/\/www.europesays.com\/fi\/26462\/"},"modified":"2025-09-05T14:09:07","modified_gmt":"2025-09-05T14:09:07","slug":"britannian-varapaaministeri-on-eronnut-uutisia-lyhyesti","status":"publish","type":"post","link":"https:\/\/www.europesays.com\/fi\/26462\/","title":{"rendered":"Britannian vara\u00adp\u00e4\u00e4ministeri on eronnut | Uutisia lyhyesti"},"content":{"rendered":"<p class=\"sc-jYczwO sc-dNFkOE frIBdZ edVjwg yle__article__paragraph\">Angela Rayneria on pidetty potentiaalisena ehdokkaana jopa Britannian ty\u00f6v\u00e4enpuolueen tulevaksi puheenjohtajaksi.<\/p>\n<p class=\"sc-jYczwO sc-ciCoXh frIBdZ cPdSqu yle__article__paragraph\">Britannian varap\u00e4\u00e4ministeri <strong class=\"sc-eEHciv kkmMDs yle__article__strong\">Angela Reyner<\/strong> on eronnut teht\u00e4vist\u00e4\u00e4n, kertovat muun muassa <a class=\"sc-jDJeIs gotUgl yle__article__link\" href=\"https:\/\/www.bbc.com\/news\/live\/c0lk8ye1979t?post=asset%3Aa068b012-2cc3-468b-9b3a-69c4611ff7c4#post\" role=\"link\" rel=\"nofollow noopener\" target=\"_blank\">BBC<\/a> ja <a class=\"sc-jDJeIs gotUgl yle__article__link\" href=\"https:\/\/ylegpt.yle.fi\/chat\/d8c7a170-65bd-4594-b761-2671821853c4\" role=\"link\" rel=\"nofollow noopener\" target=\"_blank\">The Guardian<\/a>. Reyner toimi my\u00f6s asuntopolitiikasta vastaavana ministerin\u00e4 ja ty\u00f6v\u00e4enpuolueen varapuheenjohtajana.<\/p>\n<p class=\"sc-jYczwO sc-ciCoXh frIBdZ cPdSqu yle__article__paragraph\">Syyn\u00e4 eroamiselle on se, ettei Reyner maksanut riitt\u00e4v\u00e4sti varainsiirtoveroa ostaessaan asunnon Sussexista. Mediat kertovat, ett\u00e4 Rayner olisi saanut jopa 40 000 punnan eli runsaan 46 000 euron s\u00e4\u00e4st\u00f6t toimillaan.<\/p>\n<p class=\"sc-jYczwO sc-ciCoXh frIBdZ cPdSqu yle__article__paragraph\">Rayner maksoi alempaa varallisuusveroa, koska h\u00e4n ilmoitti ostaneensa Sussexissa Etel\u00e4-Englannissa sijaitsevan kiinteist\u00f6n vakituiseksi kodikseen. Verotulkinnan mukaan kyseess\u00e4 oli kuitenkin kakkosasunto, josta olisi pit\u00e4nyt maksaa korkeampaa veroa, STT kertoo.<\/p>\n<p class=\"sc-jYczwO sc-ciCoXh frIBdZ cPdSqu yle__article__paragraph\">Rayner kertoi kirjoittamassaan erokirjeess\u00e4, ett\u00e4 h\u00e4n ottaa virheest\u00e4\u00e4n t\u00e4yden vastuun. Reynerin erop\u00e4\u00e4t\u00f6kseen vaikutti my\u00f6s asian aiheuttama julkisuus h\u00e4nen perheelleen.<\/p>\n<p class=\"sc-jYczwO sc-ciCoXh frIBdZ cPdSqu yle__article__paragraph\">\u2013 Kadun syv\u00e4sti sit\u00e4, etten pyyt\u00e4nyt lis\u00e4neuvoja verotuksen asiantuntijalta, Reyner kirjoittaa.<\/p>\n<p class=\"sc-jYczwO sc-ciCoXh frIBdZ cPdSqu yle__article__paragraph\">Maan p\u00e4\u00e4ministeri <strong class=\"sc-eEHciv kkmMDs yle__article__strong\">Keir Starmer<\/strong> sanoi vastauksessaan olevansa hyvin surullinen Raynerin menett\u00e4misest\u00e4.<\/p>\n<p class=\"sc-jYczwO sc-ciCoXh frIBdZ cPdSqu yle__article__paragraph\">\u2013 Tulet kuitenkin pysym\u00e4\u00e4n puolueemme avainhenkil\u00f6n\u00e4, p\u00e4\u00e4ministeri vakuutti.<\/p>\n<p class=\"sc-jYczwO sc-ciCoXh frIBdZ cPdSqu yle__article__paragraph\">BBC:n tietojen mukaan Starmerin odotetaan nimitt\u00e4v\u00e4n uusi varap\u00e4\u00e4ministeri.<\/p>\n","protected":false},"excerpt":{"rendered":"Angela Rayneria on pidetty potentiaalisena ehdokkaana jopa Britannian ty\u00f6v\u00e4enpuolueen tulevaksi puheenjohtajaksi. Britannian varap\u00e4\u00e4ministeri Angela Reyner on eronnut teht\u00e4vist\u00e4\u00e4n,&hellip;\n","protected":false},"author":2,"featured_media":74,"comment_status":"","ping_status":"","sticky":false,"template":"","format":"standard","meta":{"footnotes":""},"categories":[14],"tags":[22,23,1775,26,27,33,31,30,17,24,25,28,29,15,18,21,32,19,20,56,16,8384,59,60,61],"class_list":{"0":"post-26462","1":"post","2":"type-post","3":"status-publish","4":"format-standard","5":"has-post-thumbnail","7":"category-ulkomaat","8":"tag-breaking-news","9":"tag-breakingnews","10":"tag-britannia","11":"tag-featured-news","12":"tag-featurednews","13":"tag-fi","14":"tag-finland","15":"tag-finnish","16":"tag-headlines","17":"tag-latest-news","18":"tag-latestnews","19":"tag-main-news","20":"tag-mainnews","21":"tag-news","22":"tag-otsikot","23":"tag-paauutiset","24":"tag-suomi","25":"tag-top-stories","26":"tag-topstories","27":"tag-ulkomaat","28":"tag-uutiset","29":"tag-varapaaministeri","30":"tag-world","31":"tag-world-news","32":"tag-worldnews"},"share_on_mastodon":{"url":"","error":""},"_links":{"self":[{"href":"https:\/\/www.europesays.com\/fi\/wp-json\/wp\/v2\/posts\/26462","targetHints":{"allow":["GET"]}}],"collection":[{"href":"https:\/\/www.europesays.com\/fi\/wp-json\/wp\/v2\/posts"}],"about":[{"href":"https:\/\/www.europesays.com\/fi\/wp-json\/wp\/v2\/types\/post"}],"author":[{"embeddable":true,"href":"https:\/\/www.europesays.com\/fi\/wp-json\/wp\/v2\/users\/2"}],"replies":[{"embeddable":true,"href":"https:\/\/www.europesays.com\/fi\/wp-json\/wp\/v2\/comments?post=26462"}],"version-history":[{"count":0,"href":"https:\/\/www.europesays.com\/fi\/wp-json\/wp\/v2\/posts\/26462\/revisions"}],"wp:featuredmedia":[{"embeddable":true,"href":"https:\/\/www.europesays.com\/fi\/wp-json\/wp\/v2\/media\/74"}],"wp:attachment":[{"href":"https:\/\/www.europesays.com\/fi\/wp-json\/wp\/v2\/media?parent=26462"}],"wp:term":[{"taxonomy":"category","embeddable":true,"href":"https:\/\/www.europesays.com\/fi\/wp-json\/wp\/v2\/categories?post=26462"},{"taxonomy":"post_tag","embeddable":true,"href":"https:\/\/www.europesays.com\/fi\/wp-json\/wp\/v2\/tags?post=26462"}],"curies":[{"name":"wp","href":"https:\/\/api.w.org\/{rel}","templated":true}]}}