{"id":264798,"date":"2026-06-02T07:06:12","date_gmt":"2026-06-02T07:06:12","guid":{"rendered":"https:\/\/www.europesays.com\/fi\/264798\/"},"modified":"2026-06-02T07:06:12","modified_gmt":"2026-06-02T07:06:12","slug":"ymparisto-hamalaistentien-leikkipuiston-remontti-alkaa-uusia-kasveja-istutetaan-perati-691-paikalliset","status":"publish","type":"post","link":"https:\/\/www.europesays.com\/fi\/264798\/","title":{"rendered":"Ymp\u00e4rist\u00f6 | H\u00e4m\u00e4l\u00e4istentien leikkipuiston remontti alkaa\u2009\u2013\u2009uusia kasveja istutetaan per\u00e4ti 691 | Paikalliset"},"content":{"rendered":"<p>M\u00e4nts\u00e4l\u00e4n H\u00e4m\u00e4l\u00e4istentien leikkipuisto uudistetaan kes\u00e4n aikana.<\/p>\n<p>Keskiviikkona 10.6. alkava remontti kest\u00e4\u00e4 noin kahdeksan viikkoa. Perusparannust\u00f6iden aikana leikkipaikka on poissa k\u00e4yt\u00f6st\u00e4.<\/p>\n<p>\u2013\u2009Pyyd\u00e4mme alueella liikkuvia noudattamaan ty\u00f6maa-alueen opasteita ja varovaisuutta, kunnan verkkosivuilla ohjeistetaan.<\/p>\n<p>\u2013\u2009Pahoittelemme ty\u00f6st\u00e4 aiheutuvaa tilap\u00e4ist\u00e4 haittaa ja kiit\u00e4mme kuntalaisia ymm\u00e4rryksest\u00e4.<\/p>\n<p>Urakan toteuttaa LKN-Rakennus Oy.<\/p>\n<p><strong class=\"diks-storyline__impact\">Leikkipuiston<\/strong> remontissa kaikki vanhat leikkiv\u00e4lineet poistetaan. Leikkipuistoon asennetaan runsaasti Lappsetin valmistamia v\u00e4lineit\u00e4, muun muassa piknik-p\u00f6yt\u00e4ryhm\u00e4, penkki, peruskeinuja, linnunpes\u00e4keinu, kiipeilyteline, monitoimiteline, jousikeinu ja kuntoiluv\u00e4line.<\/p>\n<p>Lehtipuita alueelle istutetaan ty\u00f6selosteen mukaan 17, lehtipensaita 441, perennoja 220 ja k\u00f6ynn\u00f6ksi\u00e4 13.<\/p>\n<p>Lehtipuiksi alueelle on valittu purppuratuomia, pylv\u00e4spihlajia ja marjapihlajia.<\/p>\n<p>Lehtipensaiksi on valittu rusovuohenkuusamia, villapajuja, k\u00e4\u00e4pi\u00f6punapajuja, koivuangervoja ja rinneangervoja.<\/p>\n<p>Perannavalinta alueelle on herttavuorenkilpi, ja k\u00f6ynn\u00f6ksen\u00e4 istutetaan s\u00e4leikk\u00f6viiliviini\u00e4.<\/p>\n","protected":false},"excerpt":{"rendered":"M\u00e4nts\u00e4l\u00e4n H\u00e4m\u00e4l\u00e4istentien leikkipuisto uudistetaan kes\u00e4n aikana. Keskiviikkona 10.6. alkava remontti kest\u00e4\u00e4 noin kahdeksan viikkoa. Perusparannust\u00f6iden aikana leikkipaikka on&hellip;\n","protected":false},"author":2,"featured_media":264799,"comment_status":"","ping_status":"","sticky":false,"template":"","format":"standard","meta":{"footnotes":"","_share_on_mastodon":"0"},"categories":[113],"tags":[446,33,31,30,32018,543,99,3535,23759,2370,118,32,119,447,36091],"class_list":["post-264798","post","type-post","status-publish","format-standard","has-post-thumbnail","category-ymparisto","tag-environment","tag-fi","tag-finland","tag-finnish","tag-hyvat-uutiset","tag-koti-ja-asuminen","tag-lapset","tag-leikkipuisto","tag-leikkipuistot","tag-mantsala","tag-science","tag-suomi","tag-tiede","tag-ymparisto","tag-ymparistorakentaminen"],"share_on_mastodon":{"url":"https:\/\/pubeurope.com\/@fi\/116679251493264831","error":""},"_links":{"self":[{"href":"https:\/\/www.europesays.com\/fi\/wp-json\/wp\/v2\/posts\/264798","targetHints":{"allow":["GET"]}}],"collection":[{"href":"https:\/\/www.europesays.com\/fi\/wp-json\/wp\/v2\/posts"}],"about":[{"href":"https:\/\/www.europesays.com\/fi\/wp-json\/wp\/v2\/types\/post"}],"author":[{"embeddable":true,"href":"https:\/\/www.europesays.com\/fi\/wp-json\/wp\/v2\/users\/2"}],"replies":[{"embeddable":true,"href":"https:\/\/www.europesays.com\/fi\/wp-json\/wp\/v2\/comments?post=264798"}],"version-history":[{"count":0,"href":"https:\/\/www.europesays.com\/fi\/wp-json\/wp\/v2\/posts\/264798\/revisions"}],"wp:featuredmedia":[{"embeddable":true,"href":"https:\/\/www.europesays.com\/fi\/wp-json\/wp\/v2\/media\/264799"}],"wp:attachment":[{"href":"https:\/\/www.europesays.com\/fi\/wp-json\/wp\/v2\/media?parent=264798"}],"wp:term":[{"taxonomy":"category","embeddable":true,"href":"https:\/\/www.europesays.com\/fi\/wp-json\/wp\/v2\/categories?post=264798"},{"taxonomy":"post_tag","embeddable":true,"href":"https:\/\/www.europesays.com\/fi\/wp-json\/wp\/v2\/tags?post=264798"}],"curies":[{"name":"wp","href":"https:\/\/api.w.org\/{rel}","templated":true}]}}