{"id":264828,"date":"2026-06-02T07:48:11","date_gmt":"2026-06-02T07:48:11","guid":{"rendered":"https:\/\/www.europesays.com\/fi\/264828\/"},"modified":"2026-06-02T07:48:11","modified_gmt":"2026-06-02T07:48:11","slug":"sara-sieppi-yllattyi-synnytyksen-jalkeisesta-elamasta","status":"publish","type":"post","link":"https:\/\/www.europesays.com\/fi\/264828\/","title":{"rendered":"Sara Sieppi yll\u00e4ttyi synnytyksen j\u00e4lkeisest\u00e4 el\u00e4m\u00e4st\u00e4"},"content":{"rendered":"<p>            Timo Korhonen\n        <\/p>\n<p class=\"subtitle \">Sara sai esikoisensa maaliskuun lopulla.<\/p>\n<p class=\"article-content article-content-width !bg-background\">Ex-missi ja nykyinen someyritt\u00e4j\u00e4 , 35, on saanut nauttia t\u00e4ysin uudenlaisesta el\u00e4m\u00e4st\u00e4 reilut kaksi kuukautta.\u00a0<\/p>\n<p class=\"font-weight-bold m-font-weight-bold article-content article-content-width !bg-background\">Video: Sara Sieppi haki postia \u00f6ky-Porschella:<\/p>\n<p class=\"article-content article-content-width !bg-background\">Sara sai ensimm\u00e4isen lapsensa maaliskuun lopulla. H\u00e4n kertoi aiemmin, ettei jalkapalloilijarakas  ehtinyt mukaan synnytykseen. Kreikassa pelaava <a href=\"https:\/\/www.seiska.fi\/kotimaa\/podcast-sara-siepin-synnytys-kuvattiin\/2151476\" target=\"_blank\" rel=\"nofollow noopener\">Pyry tapasi esikoisensa vasta perheen yhteisess\u00e4 kodissa<\/a> Helsingiss\u00e4.\u00a0<\/p>\n<p class=\"article-content article-content-width !bg-background\">Pariskunta tiesi etuk\u00e4teen, ettei Pyry ehk\u00e4 p\u00e4\u00e4sisi synnytykseen mukaan. Sara ottikin tukihenkil\u00f6kseen \u00e4itins\u00e4.\u00a0<\/p>\n<p>        <a itemprop=\"url\" href=\"https:\/\/www.seiska.fi\/kotimaa\/is-sara-sieppi-on-miljonaari\/2165085\" rel=\"nofollow noopener\" target=\"_blank\"><\/p>\n<p>\nIS:\n<\/p>\n<p class=\"section-date\">\n        <strong class=\"article-section\" data-section=\"kotimaa\"><br \/>\n            kotimaa<br \/>\n        <\/strong><br \/>\n        29.5. 08:00\n    <\/p>\n<p>IS: Sara Sieppi on miljon\u00e4\u00e4ri\n    <\/p>\n<p itemprop=\"description\" class=\"subtitle \">\n    Somevaikuttaja Sara Siepin yrityksen miljoonatulos paljastui tuoreesta tilinp\u00e4\u00e4t\u00f6ksest\u00e4.\n<\/p>\n<p>        <\/a><\/p>\n<p>                <img decoding=\"async\" src=\"https:\/\/www.europesays.com\/fi\/wp-content\/uploads\/2026\/06\/2169552.webp\" width=\"576\" height=\"720\" alt=\"Sara on kertonut avoimesti lapsihaaveestaan sek\u00e4 kokemistaan keskenmenoista. Kev\u00e4\u00e4ll\u00e4 pariskunnan pitk\u00e4aikainen haave totetui, kun perheeseen syntyi kaivattu esikoinen.\" loading=\"lazy\" \/>            <\/p>\n<p>\n            Sara on kertonut avoimesti lapsihaaveestaan sek\u00e4 kokemistaan keskenmenoista. Kev\u00e4\u00e4ll\u00e4 pariskunnan pitk\u00e4aikainen haave totetui, kun perheeseen syntyi kaivattu esikoinen.<br \/>\n            TIMO KORHONEN\n        <\/p>\n<p class=\"article-content article-content-width !bg-background\">Synnytykseen Sara oli siis ehtinyt asennoitua etuk\u00e4teen. Muita yll\u00e4tyksi\u00e4 sen sijaan on pariin kuukauteen mahtunut. Sara kertoo kokemuksistaan rehellisesti maanantaisessa (1.6.) Instagram-julkaisussaan.<\/p>\n<p>Kiire ei minnek\u00e4\u00e4n<\/p>\n<p class=\"article-content article-content-width !bg-background\">Sara julkaisi kuudesta kuvasta koostuvan karusellin, jonka kautta h\u00e4n valottaa arkeaan mennein\u00e4 viikkoina. H\u00e4n my\u00f6nt\u00e4\u00e4 yll\u00e4ttyneens\u00e4 raskauden j\u00e4lkeen monista asioista. Esimerkiksi imetyksen haastavuutta Sara ei ollut osannut odottaa.\u00a0<\/p>\n<p class=\"article-content article-content-width !bg-background\">\u2013 Luulin olevani kiireinen ennen vauvaa. Nyt p\u00e4iv\u00e4t ovat t\u00e4ynn\u00e4 kiirett\u00e4 ja tekemist\u00e4, mutta samaan aikaan ei ole kiire minnek\u00e4\u00e4n. Aika hassu yht\u00e4l\u00f6, Sara kirjoittaa.\u00a0<\/p>\n<p>        <a itemprop=\"url\" href=\"https:\/\/www.seiska.fi\/kotimaa\/podcast-sara-siepin-synnytys-kuvattiin\/2151476\" rel=\"nofollow noopener\" target=\"_blank\"><\/p>\n<p>\nPodcast:\n<\/p>\n<p class=\"section-date\">\n        <strong class=\"article-section\" data-section=\"kotimaa\"><br \/>\n            kotimaa<br \/>\n        <\/strong><br \/>\n        14.5. 08:00\n    <\/p>\n<p>Podcast: Sara Siepin synnytys kuvattiin\n    <\/p>\n<p itemprop=\"description\" class=\"subtitle \">\n    Pyry Soiri ei ehtinyt mukaan Saran synnytykseen.\n<\/p>\n<p>        <\/a><\/p>\n<p>                <img decoding=\"async\" src=\"https:\/\/www.europesays.com\/fi\/wp-content\/uploads\/2026\/06\/2169556.webp\" width=\"576\" height=\"322\" alt=\"Sara kertoo uudesta arjestaan sosiaalisessa mediassa. Arkistokuva 2025.\" loading=\"lazy\" \/>            <\/p>\n<p>\n            Sara kertoo uudesta arjestaan sosiaalisessa mediassa. Arkistokuva 2025.<br \/>\n            Timo Korhonen\n        <\/p>\n<p class=\"article-content article-content-width !bg-background\">Niin ik\u00e4\u00e4n se, kuinka paljon el\u00e4m\u00e4 on muuttunut, on p\u00e4\u00e4ssyt yll\u00e4tt\u00e4m\u00e4\u00e4n Saran. H\u00e4n oli tietoinen arkensa mullistuvan, mutta muutosten m\u00e4\u00e4r\u00e4\u00e4n h\u00e4n ei kuitenkaan ollut valmistautunut.<\/p>\n<p class=\"article-content article-content-width !bg-background\">\u2013 Yht\u00e4kki\u00e4 pieni ihminen m\u00e4\u00e4ritt\u00e4\u00e4 p\u00e4iv\u00e4n rytmin, aikataulut ja kaikki p\u00e4\u00e4t\u00f6kset, Sara luettelee.\u00a0<\/p>\n<p class=\"article-content article-content-width !bg-background\">Oma totuttelemisensa on ollut my\u00f6s \u00e4itiyden ja yritt\u00e4jyyden yhdist\u00e4misess\u00e4. Sara kuvitteli, ett\u00e4 kuukauden \u00e4itiysloma olisi pitk\u00e4 aika, mutta huomasikin sen hurahtavan silmiss\u00e4. H\u00e4n etsii yh\u00e4 tasapainoa ty\u00f6skentelyn ja vauva-arjen v\u00e4lill\u00e4.\u00a0<\/p>\n<p>Vieras katsoo peilist\u00e4<\/p>\n<p class=\"article-content article-content-width !bg-background\">Sara kuvailee &#8221;rakastaneensa olla raskaana.&#8221; Synnytyksen j\u00e4lkeen h\u00e4n ei kuitenkaan tunne olevansa t\u00e4ysin omissa nahoissaan muuttuneessa vartalossaan.\u00a0<\/p>\n<p class=\"article-content article-content-width !bg-background\">\u2013 Oon ollut aivan hukassa oman kehoni ja tyylini kanssa. Peilikuva ei tunnu omalta, ja uuden identiteetin rakentaminen on edelleen kesken, Sara paljastaa.\u00a0<\/p>\n<p>        <a itemprop=\"url\" href=\"https:\/\/www.seiska.fi\/kotimaa\/sara-sieppi-kertoo-ulkonakomuutoksestaan-oranssit-hiukset-seuraajilta-vahva-mielipide\/2126704\" rel=\"nofollow noopener\" target=\"_blank\"><\/p>\n<p>\nSeuraajilta vahva viesti!\n<\/p>\n<p class=\"section-date\">\n        <strong class=\"article-section\" data-section=\"kotimaa\"><br \/>\n            kotimaa<br \/>\n        <\/strong><br \/>\n        13.4. 15:30\n    <\/p>\n<p>Sara Sieppi kertoo ulkon\u00e4k\u00f6muutoksestaan: &#8221;Oranssit hiukset&#8221; \u2013 seuraajilta vahva mielipide\n    <\/p>\n<p itemprop=\"description\" class=\"subtitle \">\n    Esikoisensa synnytt\u00e4nyt Sara kertoo rehellisesti havaitsemistaan muutoksista.\n<\/p>\n<p>        <\/a><\/p>\n<p class=\"article-content article-content-width !bg-background\">Kaiken myllerryksen keskell\u00e4 Sara on kohdannut my\u00f6s positiivisia yll\u00e4tyksi\u00e4. Merkitt\u00e4vin niist\u00e4 lienee rakkaus.\u00a0<\/p>\n<p class=\"article-content article-content-width !bg-background\">\u2013 En tiennyt, ett\u00e4 voi rakastaa jotakuta n\u00e4in paljon.<\/p>\n<p class=\"article-content article-content-width !bg-background\">\u2013 \u00c4idiksi tuleminen antoi rakkaudelle aivan uuden merkityksen, Sara toteaa koskettavasti.<\/p>\n","protected":false},"excerpt":{"rendered":"Timo Korhonen Sara sai esikoisensa maaliskuun lopulla. Ex-missi ja nykyinen someyritt\u00e4j\u00e4 , 35, on saanut nauttia t\u00e4ysin uudenlaisesta&hellip;\n","protected":false},"author":2,"featured_media":264829,"comment_status":"","ping_status":"","sticky":false,"template":"","format":"standard","meta":{"footnotes":"","_share_on_mastodon":"0"},"categories":[130],"tags":[3360,3096,137,33,31,30,3340,24920,1127,11944,98,3424,3423,32,939,201,1461,109],"class_list":["post-264828","post","type-post","status-publish","format-standard","has-post-thumbnail","category-viihde","tag-aitiysloma","tag-elamanmuutos","tag-entertainment","tag-fi","tag-finland","tag-finnish","tag-imetys","tag-keho","tag-lapsi","tag-muutos","tag-perhe","tag-pyry-soiri","tag-sara-sieppi","tag-suomi","tag-tyo","tag-ura","tag-vauva","tag-viihde"],"share_on_mastodon":{"url":"https:\/\/pubeurope.com\/@fi\/116679416750325676","error":""},"_links":{"self":[{"href":"https:\/\/www.europesays.com\/fi\/wp-json\/wp\/v2\/posts\/264828","targetHints":{"allow":["GET"]}}],"collection":[{"href":"https:\/\/www.europesays.com\/fi\/wp-json\/wp\/v2\/posts"}],"about":[{"href":"https:\/\/www.europesays.com\/fi\/wp-json\/wp\/v2\/types\/post"}],"author":[{"embeddable":true,"href":"https:\/\/www.europesays.com\/fi\/wp-json\/wp\/v2\/users\/2"}],"replies":[{"embeddable":true,"href":"https:\/\/www.europesays.com\/fi\/wp-json\/wp\/v2\/comments?post=264828"}],"version-history":[{"count":0,"href":"https:\/\/www.europesays.com\/fi\/wp-json\/wp\/v2\/posts\/264828\/revisions"}],"wp:featuredmedia":[{"embeddable":true,"href":"https:\/\/www.europesays.com\/fi\/wp-json\/wp\/v2\/media\/264829"}],"wp:attachment":[{"href":"https:\/\/www.europesays.com\/fi\/wp-json\/wp\/v2\/media?parent=264828"}],"wp:term":[{"taxonomy":"category","embeddable":true,"href":"https:\/\/www.europesays.com\/fi\/wp-json\/wp\/v2\/categories?post=264828"},{"taxonomy":"post_tag","embeddable":true,"href":"https:\/\/www.europesays.com\/fi\/wp-json\/wp\/v2\/tags?post=264828"}],"curies":[{"name":"wp","href":"https:\/\/api.w.org\/{rel}","templated":true}]}}