{"id":26492,"date":"2025-09-05T14:50:07","date_gmt":"2025-09-05T14:50:07","guid":{"rendered":"https:\/\/www.europesays.com\/fi\/26492\/"},"modified":"2025-09-05T14:50:07","modified_gmt":"2025-09-05T14:50:07","slug":"kimmo-jarvan-muotokuva-ehti-seinalle-ennen-saipa-muraaleja-talta-valokuvantarkka-teos-nayttaa-paikalliset","status":"publish","type":"post","link":"https:\/\/www.europesays.com\/fi\/26492\/","title":{"rendered":"Kimmo Jarvan muotokuva ehti sein\u00e4lle ennen SaiPa-muraaleja\u2009\u2013\u2009T\u00e4lt\u00e4 valokuvantarkka teos n\u00e4ytt\u00e4\u00e4 | Paikalliset"},"content":{"rendered":"<p>Lappeenrannan entinen kaupunginjohtaja Kimmo Jarva poseerasi muotokuvaansa varten raatihuoneella kes\u00e4ll\u00e4 2025: &#8221;Olen kyll\u00e4 hyvin tyytyv\u00e4inen lopputulokseen&#8221;.<\/p>\n<p>Lappeenranta sai uuden sein\u00e4maalauksen jo hyv\u00e4n aikaa ennen SaiPa-muraaleja. Edellisen kaupunginjohtajan <strong>Kimmo Jarvan<\/strong> muotokuva ilmestyi kollegoiden jatkoksi kaupungintalon ensimm\u00e4iseen kerrokseen torstaina.<\/p>\n<p>Ripustamisen yhteydess\u00e4 kaupunki my\u00f6s muokkasi entisten johtajiensa paikkoja galleriak\u00e4yt\u00e4v\u00e4ll\u00e4, ja muotokuvat ovat palvelusvuosien mukaisessa kronologisessa j\u00e4rjestyksess\u00e4.<\/p>\n<p>Kaupunki suunnitteli uutta paikkaa johtajien muotokuville, mutta niiden sijoitus s\u00e4ilyy ennallaan lounasravintola Helmiinaa vastap\u00e4\u00e4t\u00e4 kaupungintalolla.<\/p>\n<p>\u2013\u2009Tarkoitus on mietti\u00e4 kaupungintalon taideteoksia kokonaisuutena, ja parempaa paikkaa muotokuville ei toistaiseksi l\u00f6ydetty. Ne ovat nyt n\u00e4kyv\u00e4ll\u00e4 paikalla, henkil\u00f6st\u00f6p\u00e4\u00e4llikk\u00f6 <strong>P\u00e4ivi Savilampi-Oikkonen<\/strong> kertoo Etel\u00e4-Saimaalle.<\/p>\n","protected":false},"excerpt":{"rendered":"Lappeenrannan entinen kaupunginjohtaja Kimmo Jarva poseerasi muotokuvaansa varten raatihuoneella kes\u00e4ll\u00e4 2025: &#8221;Olen kyll\u00e4 hyvin tyytyv\u00e4inen lopputulokseen&#8221;. Lappeenranta sai&hellip;\n","protected":false},"author":2,"featured_media":26493,"comment_status":"","ping_status":"","sticky":false,"template":"","format":"standard","meta":{"footnotes":""},"categories":[135],"tags":[389,387,388,390,137,6034,33,31,30,108,1446,8396,32,394,485,484,393,391,392,398,109],"class_list":{"0":"post-26492","1":"post","2":"type-post","3":"status-publish","4":"format-standard","5":"has-post-thumbnail","7":"category-taiteet-ja-suunnittelu","8":"tag-arts","9":"tag-arts-and-design","10":"tag-artsanddesign","11":"tag-design","12":"tag-entertainment","13":"tag-es-lappeenranta","14":"tag-fi","15":"tag-finland","16":"tag-finnish","17":"tag-kulttuuri","18":"tag-lappeenranta","19":"tag-rautjarvi","20":"tag-suomi","21":"tag-suunnittelu","22":"tag-taide-yleista","23":"tag-taiteellinen-ilmaisu-ja-mediat","24":"tag-taiteet","25":"tag-taiteet-ja-suunnittelu","26":"tag-taiteetsuunnittelu","27":"tag-taiteilija","28":"tag-viihde"},"share_on_mastodon":{"url":"","error":""},"_links":{"self":[{"href":"https:\/\/www.europesays.com\/fi\/wp-json\/wp\/v2\/posts\/26492","targetHints":{"allow":["GET"]}}],"collection":[{"href":"https:\/\/www.europesays.com\/fi\/wp-json\/wp\/v2\/posts"}],"about":[{"href":"https:\/\/www.europesays.com\/fi\/wp-json\/wp\/v2\/types\/post"}],"author":[{"embeddable":true,"href":"https:\/\/www.europesays.com\/fi\/wp-json\/wp\/v2\/users\/2"}],"replies":[{"embeddable":true,"href":"https:\/\/www.europesays.com\/fi\/wp-json\/wp\/v2\/comments?post=26492"}],"version-history":[{"count":0,"href":"https:\/\/www.europesays.com\/fi\/wp-json\/wp\/v2\/posts\/26492\/revisions"}],"wp:featuredmedia":[{"embeddable":true,"href":"https:\/\/www.europesays.com\/fi\/wp-json\/wp\/v2\/media\/26493"}],"wp:attachment":[{"href":"https:\/\/www.europesays.com\/fi\/wp-json\/wp\/v2\/media?parent=26492"}],"wp:term":[{"taxonomy":"category","embeddable":true,"href":"https:\/\/www.europesays.com\/fi\/wp-json\/wp\/v2\/categories?post=26492"},{"taxonomy":"post_tag","embeddable":true,"href":"https:\/\/www.europesays.com\/fi\/wp-json\/wp\/v2\/tags?post=26492"}],"curies":[{"name":"wp","href":"https:\/\/api.w.org\/{rel}","templated":true}]}}