{"id":26509,"date":"2025-09-05T15:03:09","date_gmt":"2025-09-05T15:03:09","guid":{"rendered":"https:\/\/www.europesays.com\/fi\/26509\/"},"modified":"2025-09-05T15:03:09","modified_gmt":"2025-09-05T15:03:09","slug":"poliisilaitoksen-huutokauppa-keskeytettiin-kyseenalaisesta-syysta-nyt-kommentoi-poliisi","status":"publish","type":"post","link":"https:\/\/www.europesays.com\/fi\/26509\/","title":{"rendered":"Poliisilaitoksen huutokauppa keskeytettiin kyseenalaisesta syyst\u00e4 \u2013 Nyt kommentoi poliisi"},"content":{"rendered":"<p>Poliisi ei pystynyt vet\u00e4m\u00e4\u00e4n v\u00e4\u00e4rennetty\u00e4 kelloa pois huutokaupasta, koska oli viikonloppu eik\u00e4 virka-aika.<\/p>\n<p><img decoding=\"async\" class=\"image image-show image-preview\" src=\"https:\/\/www.europesays.com\/fi\/wp-content\/uploads\/2025\/09\/6ca6a206cf4cc7d27ac1124ec02ab02dff0cefa56d73cd3781c8ff52e312405f.jpg\" alt=\"\"\/><img decoding=\"async\" class=\"image image-show\" src=\"https:\/\/www.europesays.com\/fi\/wp-content\/uploads\/2025\/09\/1757084589_274_6ca6a206cf4cc7d27ac1124ec02ab02dff0cefa56d73cd3781c8ff52e312405f.jpg\" alt=\"\"\/><\/p>\n<p>V\u00e4\u00e4rennetty kello p\u00e4\u00e4si poliisilta huutokauppaan, mutta kelloja aktiivisesti harrastavat huomasivat sen puutteet. Espoon poliisi<\/p>\n<p class=\"paragraph\">Poliisi sai viime viikonloppuna useamman viestin, joiden l\u00e4hett\u00e4j\u00e4t ep\u00e4iliv\u00e4t, ett\u00e4 Espoon poliisin huutokaupassa ollut kello oli tuotev\u00e4\u00e4renn\u00f6s, kertoo rikosylikomisario <strong>Petteri Hyyti\u00e4inen<\/strong> L\u00e4nsi-Uudenmaan poliisilaitokselta.<\/p>\n<p class=\"paragraph\">Poliisi ei kuitenkaan selvitt\u00e4nyt \u201darvokellon\u201d aitoutta eik\u00e4 keskeytt\u00e4nyt Tag Heuer Monzana huudettavana olleen kellon huutokauppaa perjantaina, koska virka-aika oli ehtinyt jo p\u00e4\u00e4tty\u00e4.<\/p>\n<p class=\"paragraph\">\u2013\u2009Poliisille on tullut yhteydenottoja viikonlopun aikana tuotteesta, mutta asiaa hallinnoiva henkil\u00f6st\u00f6 ty\u00f6skentelee vain arkena, joten kyselyihin ei ole voitu vastata, Hyyti\u00e4inen kertoo.<\/p>\n<p>Harrastajat ep\u00e4iliv\u00e4t<\/p>\n<p class=\"paragraph\">Hyyti\u00e4inen kertoo Iltalehdelle, ett\u00e4 poliisi on aikoinaan takavarikoinut kellon tutkinnan yhteydess\u00e4.<\/p>\n<p class=\"paragraph\">\u2013\u2009Mutta kellolle ei ole l\u00f6ytynyt omistajaa.<\/p>\n<p class=\"paragraph\">Muutama j\u00e4sen Kelloharrastajat-ryhm\u00e4st\u00e4 huomasi Huuto.net-sivustolla olleen huutokauppailmoituksen. He alkoivat nopeasti ep\u00e4ill\u00e4 kellon aitoutta, koska sen ulkon\u00e4k\u00f6 oli heid\u00e4n mielest\u00e4\u00e4n ep\u00e4ilytt\u00e4v\u00e4.<\/p>\n<p class=\"paragraph\">Huutokauppa avautui perjantaina kello 17. Kellon l\u00e4ht\u00f6hinta oli nolla euroa. Noin kymmenen minuuttia my\u00f6hemmin korkein tarjous oli 622 euroa.<\/p>\n<p class=\"paragraph\">Huutokauppa kuitenkin keskeytyi. Huuto.netin omistavan Eprice oy:n toimitusjohtaja <strong>Jaakko Sipola<\/strong> kertoi Iltalehdelle syyksi keskeytykseen asiakaspalveluun tulleen viestin, jossa kelloa ep\u00e4iltiin tuotev\u00e4\u00e4renn\u00f6kseksi.<\/p>\n<p class=\"paragraph\">Yll\u00e4pito sulki ilmoituksen lauantaina puolen p\u00e4iv\u00e4n j\u00e4lkeen.<\/p>\n<p>Ensimm\u00e4inen v\u00e4\u00e4renn\u00f6s<\/p>\n<p class=\"paragraph\">Poliisi kertoi huutokauppailmoituksessaan, ett\u00e4 \u201darvokellon\u201d koneisto toimi, mutta sen kellotaulu oli naarmuuntunut. Poliisi ei arvioinut kellon arvoa.<\/p>\n<p class=\"paragraph\">\u2013\u2009Kellolle ei ole m\u00e4\u00e4ritelty arvoa. Poliisi huutokauppaa kaikki tuotteet l\u00e4ht\u00f6hintana nolla euroa, Hyyti\u00e4inen kertoo.<\/p>\n<p class=\"paragraph\">Poliisi pyrkii arvioimaan esineen aitouden ennen huutokauppaan laittamista.<\/p>\n<p class=\"paragraph\">\u2013\u2009Poliisi suorittaa arviointia jokaisen myyntiin asetettavan tuotteen kohdalla. Selke\u00e4sti ei-aidot tuotteet h\u00e4vitet\u00e4\u00e4n, Hyyti\u00e4inen kertoo.<\/p>\n<p class=\"paragraph\">H\u00e4n kiitt\u00e4\u00e4 kelloharrastajien valppautta.<\/p>\n<p class=\"paragraph\">\u2013\u2009 On hienoa, ett\u00e4 meill\u00e4 on valveutuneita ostajia, jotka arvioivat tuotteen aitoutta ja my\u00f6s myyj\u00e4n luotettavuutta. Ostajan suorittamalla harkinnalla ja selvitysty\u00f6ll\u00e4 voidaan v\u00e4ltt\u00e4\u00e4 ik\u00e4vi\u00e4 yll\u00e4tyksi\u00e4.<\/p>\n<p>Joskus taitava v\u00e4\u00e4renn\u00f6s paljastuu vasta kellon koneistosta. Kuvassa Kellosep\u00e4nliike Watch Service Finlandin kellosepp\u00e4 Manfred Klar korjaa kelloa.  Joel Maisalmi<\/p>\n<p class=\"paragraph\">Poliisin huutokaupassa ei sovelleta kuluttajansuojalakia, koska poliisi ei ole lain tarkoittama elinkeinoharjoittaja.<\/p>\n<p class=\"paragraph\">Myyntiehtojen mukaan tuotteilla ei ole takuuta, vaihto-, valitus- tai palautusoikeutta.<\/p>\n<p class=\"paragraph\">N\u00e4m\u00e4 huutokaupan ehdot her\u00e4ttiv\u00e4t sosiaalisessa mediassa kysymyksi\u00e4 siit\u00e4, mit\u00e4 olisi tapahtunut, jos joku hyv\u00e4uskoinen olisi onnistunut huutamaan kellon itselleen.<\/p>\n<p class=\"paragraph\">Hyyti\u00e4isen mukaan t\u00e4llaisessa tapauksessa kaupan voi perua.<\/p>\n<p class=\"paragraph\">\u2013\u2009Jos j\u00e4lkik\u00e4teen osoittautuisi, ett\u00e4 poliisin myym\u00e4 tuote on ep\u00e4aito, olisi mahdollista hakea poliisilaitokselta muutosta tekem\u00e4\u00e4ns\u00e4 kauppaan.<\/p>\n<p class=\"paragraph\">Hyyti\u00e4inen ei tied\u00e4 vastaavaa tapausta.<\/p>\n<p class=\"paragraph\">\u2013\u2009Minulla ei ole tiedossa, ett\u00e4 poliisin myym\u00e4 tuote olisi osoittautunut v\u00e4\u00e4rennetyksi.<\/p>\n","protected":false},"excerpt":{"rendered":"Poliisi ei pystynyt vet\u00e4m\u00e4\u00e4n v\u00e4\u00e4rennetty\u00e4 kelloa pois huutokaupasta, koska oli viikonloppu eik\u00e4 virka-aika. V\u00e4\u00e4rennetty kello p\u00e4\u00e4si poliisilta huutokauppaan,&hellip;\n","protected":false},"author":2,"featured_media":26510,"comment_status":"","ping_status":"","sticky":false,"template":"","format":"standard","meta":{"footnotes":""},"categories":[5],"tags":[35,22,23,26,27,33,31,30,17,55,24,25,28,29,15,18,21,54,52,38,32,19,20,546,16],"class_list":{"0":"post-26509","1":"post","2":"type-post","3":"status-publish","4":"format-standard","5":"has-post-thumbnail","7":"category-otsikot","8":"tag-24h","9":"tag-breaking-news","10":"tag-breakingnews","11":"tag-featured-news","12":"tag-featurednews","13":"tag-fi","14":"tag-finland","15":"tag-finnish","16":"tag-headlines","17":"tag-lainvalvonta","18":"tag-latest-news","19":"tag-latestnews","20":"tag-main-news","21":"tag-mainnews","22":"tag-news","23":"tag-otsikot","24":"tag-paauutiset","25":"tag-pelastuspalvelut","26":"tag-poliisi","27":"tag-rikos","28":"tag-suomi","29":"tag-top-stories","30":"tag-topstories","31":"tag-turvallisuus","32":"tag-uutiset"},"share_on_mastodon":{"url":"","error":""},"_links":{"self":[{"href":"https:\/\/www.europesays.com\/fi\/wp-json\/wp\/v2\/posts\/26509","targetHints":{"allow":["GET"]}}],"collection":[{"href":"https:\/\/www.europesays.com\/fi\/wp-json\/wp\/v2\/posts"}],"about":[{"href":"https:\/\/www.europesays.com\/fi\/wp-json\/wp\/v2\/types\/post"}],"author":[{"embeddable":true,"href":"https:\/\/www.europesays.com\/fi\/wp-json\/wp\/v2\/users\/2"}],"replies":[{"embeddable":true,"href":"https:\/\/www.europesays.com\/fi\/wp-json\/wp\/v2\/comments?post=26509"}],"version-history":[{"count":0,"href":"https:\/\/www.europesays.com\/fi\/wp-json\/wp\/v2\/posts\/26509\/revisions"}],"wp:featuredmedia":[{"embeddable":true,"href":"https:\/\/www.europesays.com\/fi\/wp-json\/wp\/v2\/media\/26510"}],"wp:attachment":[{"href":"https:\/\/www.europesays.com\/fi\/wp-json\/wp\/v2\/media?parent=26509"}],"wp:term":[{"taxonomy":"category","embeddable":true,"href":"https:\/\/www.europesays.com\/fi\/wp-json\/wp\/v2\/categories?post=26509"},{"taxonomy":"post_tag","embeddable":true,"href":"https:\/\/www.europesays.com\/fi\/wp-json\/wp\/v2\/tags?post=26509"}],"curies":[{"name":"wp","href":"https:\/\/api.w.org\/{rel}","templated":true}]}}