{"id":26551,"date":"2025-09-05T16:07:07","date_gmt":"2025-09-05T16:07:07","guid":{"rendered":"https:\/\/www.europesays.com\/fi\/26551\/"},"modified":"2025-09-05T16:07:07","modified_gmt":"2025-09-05T16:07:07","slug":"niklas-rubin-julkaisi-hellyttavan-kuvan-joka-paljastaa-suuren-uutisen","status":"publish","type":"post","link":"https:\/\/www.europesays.com\/fi\/26551\/","title":{"rendered":"Niklas Rubin julkaisi hellytt\u00e4v\u00e4n kuvan, joka paljastaa suuren uutisen"},"content":{"rendered":"<p>\u00c4ssien entinen maalivahti meni kes\u00e4ll\u00e4 my\u00f6s naimisiin.<\/p>\n<p class=\"article-body margin-bottom-24 padding-x-16\">Seurasiirto \u00c4ssist\u00e4 K\u00e4rppiin ei ole ainut iso muutos ruotsalaismaalivahti <a class=\"article-personlink\" href=\"https:\/\/www.satakunnankansa.fi\/haku\/?query=Niklas%20Rubinin\" rel=\"nofollow noopener\" target=\"_blank\">Niklas Rubinin<\/a> el\u00e4m\u00e4ss\u00e4.<\/p>\n<p class=\"article-body margin-bottom-24 padding-x-16\">H\u00e4nest\u00e4 tulee my\u00f6s is\u00e4.<\/p>\n<p class=\"article-body margin-bottom-24 padding-x-16\">Rubin ja h\u00e4nen vaimonsa <a class=\"article-personlink\" href=\"https:\/\/www.satakunnankansa.fi\/haku\/?query=Pauline%20Rubin\" rel=\"nofollow noopener\" target=\"_blank\">Pauline Rubin<\/a> julkaisivat perjantaina Instagramissa ultra\u00e4\u00e4nikuvan, joka paljastaa raskauden.<\/p>\n<p class=\"article-body margin-bottom-24 padding-x-16\">\u201dPerhe kasvaa, odotamme innolla vuotta 2026\u201d, he kirjoittivat.<\/p>\n<p class=\"article-body margin-bottom-24 padding-x-16\">Laskettu aika on maaliskuun alussa.<\/p>\n<p class=\"article-body margin-bottom-24 padding-x-16\">Muutoksia Rubinien el\u00e4m\u00e4\u00e4n on mahtunut muutenkin, sill\u00e4 pariskunta meni kes\u00e4kuun puoliv\u00e4liss\u00e4 naimisiin.<\/p>\n<p class=\"article-body margin-bottom-24 padding-x-16\">Samalla maajoukkuejalkapalloilija Pauline Hammarlundista tuli Pauline Rubin.<\/p>\n<p class=\"article-body margin-bottom-24 padding-x-16\">Aiemmin italialaisessa Fiorentinassa pelannut Hammarlund siirtyi kes\u00e4ll\u00e4 2024 Djurg\u00e5rdeniin. H\u00e4nen sopimuksensa tukholmalaisseuran kanssa jatkuu, mutta en\u00e4\u00e4 rouva Rubin ei t\u00e4ll\u00e4 kaudella pelaa.<\/p>\n","protected":false},"excerpt":{"rendered":"\u00c4ssien entinen maalivahti meni kes\u00e4ll\u00e4 my\u00f6s naimisiin. Seurasiirto \u00c4ssist\u00e4 K\u00e4rppiin ei ole ainut iso muutos ruotsalaismaalivahti Niklas Rubinin&hellip;\n","protected":false},"author":2,"featured_media":26552,"comment_status":"","ping_status":"","sticky":false,"template":"","format":"standard","meta":{"footnotes":""},"categories":[136],"tags":[407,137,33,31,30,408,80,32,109],"class_list":{"0":"post-26551","1":"post","2":"type-post","3":"status-publish","4":"format-standard","5":"has-post-thumbnail","7":"category-julkkikset","8":"tag-celebrities","9":"tag-entertainment","10":"tag-fi","11":"tag-finland","12":"tag-finnish","13":"tag-julkkikset","14":"tag-satakunnan-kansa","15":"tag-suomi","16":"tag-viihde"},"share_on_mastodon":{"url":"","error":""},"_links":{"self":[{"href":"https:\/\/www.europesays.com\/fi\/wp-json\/wp\/v2\/posts\/26551","targetHints":{"allow":["GET"]}}],"collection":[{"href":"https:\/\/www.europesays.com\/fi\/wp-json\/wp\/v2\/posts"}],"about":[{"href":"https:\/\/www.europesays.com\/fi\/wp-json\/wp\/v2\/types\/post"}],"author":[{"embeddable":true,"href":"https:\/\/www.europesays.com\/fi\/wp-json\/wp\/v2\/users\/2"}],"replies":[{"embeddable":true,"href":"https:\/\/www.europesays.com\/fi\/wp-json\/wp\/v2\/comments?post=26551"}],"version-history":[{"count":0,"href":"https:\/\/www.europesays.com\/fi\/wp-json\/wp\/v2\/posts\/26551\/revisions"}],"wp:featuredmedia":[{"embeddable":true,"href":"https:\/\/www.europesays.com\/fi\/wp-json\/wp\/v2\/media\/26552"}],"wp:attachment":[{"href":"https:\/\/www.europesays.com\/fi\/wp-json\/wp\/v2\/media?parent=26551"}],"wp:term":[{"taxonomy":"category","embeddable":true,"href":"https:\/\/www.europesays.com\/fi\/wp-json\/wp\/v2\/categories?post=26551"},{"taxonomy":"post_tag","embeddable":true,"href":"https:\/\/www.europesays.com\/fi\/wp-json\/wp\/v2\/tags?post=26551"}],"curies":[{"name":"wp","href":"https:\/\/api.w.org\/{rel}","templated":true}]}}