{"id":265516,"date":"2026-06-03T01:40:11","date_gmt":"2026-06-03T01:40:11","guid":{"rendered":"https:\/\/www.europesays.com\/fi\/265516\/"},"modified":"2026-06-03T01:40:11","modified_gmt":"2026-06-03T01:40:11","slug":"paakirjoitus-norelco-jatkaa-rohkeaa-kasvuaan-paakirjoitus-mielipide","status":"publish","type":"post","link":"https:\/\/www.europesays.com\/fi\/265516\/","title":{"rendered":"P\u00e4\u00e4kirjoitus | Norelco jatkaa rohkeaa kasvuaan | P\u00e4\u00e4kirjoitus &#038; mielipide"},"content":{"rendered":"<p>Savonlinnan seudun merkitt\u00e4vimpiin yrityksiin kuuluvasta Norelco Group oy:st\u00e4 kuuluu j\u00e4lleen <a href=\"https:\/\/www.ita-savo.fi\/paikalliset\/9500559\" rel=\"nofollow noopener\" target=\"_blank\">hyvi\u00e4 uutisia<\/a>. Yhti\u00f6 on hankkinut omistukseensa Kirkkonummella toimivan TAS-Power oy:n koko osakekannan. TAS-Power on erikoistunut s\u00e4hk\u00f6automaatiosuunnitteluun sek\u00e4 teollisuuden ja meriteollisuuden vaativiin automaatioratkaisuihin.<\/p>\n<p>Viime vuosina Norelco on ottanut rohkeita mutta <a href=\"https:\/\/www.ita-savo.fi\/paikalliset\/9160386\" rel=\"nofollow noopener\" target=\"_blank\">m\u00e4\u00e4r\u00e4tietoisia askelia<\/a>, joilla yhti\u00f6 on sek\u00e4 kasvanut ett\u00e4 vahvistanut osaamistaan. Yhti\u00f6n tavoitteena ei ole enemp\u00e4\u00e4 eik\u00e4 v\u00e4hemp\u00e4\u00e4 kuin kasvaa Pohjoismaiden halutuimmaksi s\u00e4hk\u00f6- ja automaatioratkaisujen kumppaniksi. Tavoitetta on syyt\u00e4 pit\u00e4\u00e4 v\u00e4hint\u00e4\u00e4nkin kunnioitettavana.<\/p>\n<p>Norelcon uutinen kertoo siit\u00e4, mit\u00e4 Savonlinnassa ja koko maakunnassa tarvitaan juuri nyt. Rohkeudesta kasvaa ja kehitty\u00e4.<\/p>\n<p>TAS-Powerin hankinta t\u00e4ydent\u00e4\u00e4 Norelcon tekemist\u00e4 johdonmukaisesti. S\u00e4hk\u00f6- ja energiaratkaisujen rinnalle vahvistuu automaatio-osaaminen eli se alue, jossa teollisuuden ja meriteollisuuden kysynn\u00e4n odotetaan kasvavan.<\/p>\n<p>Kaupan yhteydess\u00e4 yhti\u00f6ss\u00e4 toteutetaan my\u00f6s organisaatiomuutos, jonka avulla Norelco voi tarjota asiakkaille kokonaisuuksia suunnittelusta toteutukseen ja yll\u00e4pitoon. Asiakkaalle tarjottava elinkaarimalli on usein kilpailuetu, joka voi ratkaista kaupan yh\u00e4 useammin.<\/p>\n<p>Yhti\u00f6lt\u00e4 on viime vuosina kuultu tasaiseen tahtiin kasvu-uutisia. Miljoonaluokan <a href=\"https:\/\/www.ita-savo.fi\/paikalliset\/9067749\" rel=\"nofollow noopener\" target=\"_blank\">panostukset<\/a> tuotantoon ja automaatioon ovat vahva viesti aikana, jolloin ep\u00e4varmuus jarruttaa monia yrityksi\u00e4.<\/p>\n<p>Merkityst\u00e4 on my\u00f6s sill\u00e4, mik\u00e4 usein j\u00e4\u00e4 v\u00e4hemm\u00e4lle huomiolle. Norelco on merkitt\u00e4v\u00e4 yhteis\u00f6veron maksaja ja ty\u00f6llist\u00e4j\u00e4 \u2013 toimija, jonka vaikutus ulottuu laajalle paikallistalouteen.<\/p>\n<p>Kasvussa piilee aina my\u00f6s riski. Kolmeen liiketoiminta-alueeseen jakautuva konserni tuo mahdollisuuksia, mutta my\u00f6s haasteita. Muun muassa sen, miten s\u00e4ilytt\u00e4\u00e4 ketteryys ja laatu, kun kokonaisuus laajenee.<\/p>\n<p>Savonlinnan n\u00e4k\u00f6kulmasta yhti\u00f6n kehitys on joka tapauksessa merkitt\u00e4v\u00e4\u00e4. Kun paikallinen teollinen toimija kasvaa, investoi ja laajenee, se vahvistaa uskoa siihen, ett\u00e4 maakunnastakin voi nousta jopa kansainv\u00e4lisill\u00e4 markkinoilla kilpailukykyisi\u00e4 yrityksi\u00e4.<\/p>\n<p>Varmaa kuitenkin on, ett\u00e4 sattumalta ei synny kasvua ja osaamista. Ne syntyv\u00e4t pitk\u00e4j\u00e4nteisell\u00e4 ty\u00f6ll\u00e4 ja rohkeudella tarttua mahdollisuuteen, kun siihen on tilaisuus.<\/p>\n","protected":false},"excerpt":{"rendered":"Savonlinnan seudun merkitt\u00e4vimpiin yrityksiin kuuluvasta Norelco Group oy:st\u00e4 kuuluu j\u00e4lleen hyvi\u00e4 uutisia. Yhti\u00f6 on hankkinut omistukseensa Kirkkonummella toimivan&hellip;\n","protected":false},"author":2,"featured_media":265517,"comment_status":"","ping_status":"","sticky":false,"template":"","format":"standard","meta":{"footnotes":"","_share_on_mastodon":"0"},"categories":[76],"tags":[79,77,33,31,30,403,4024,15337,5061,1000,2374,32,78,487],"class_list":["post-265516","post","type-post","status-publish","format-standard","has-post-thumbnail","category-talous","tag-business","tag-economy","tag-fi","tag-finland","tag-finnish","tag-helsingin-seutu","tag-paakirjoitus","tag-paakirjoitus-ja-mielipiteet","tag-sahkoauto","tag-savonlinna","tag-savonlinnan-seutukunta","tag-suomi","tag-talous","tag-teknologia-yleista"],"share_on_mastodon":{"url":"https:\/\/pubeurope.com\/@fi\/116683631914730298","error":""},"_links":{"self":[{"href":"https:\/\/www.europesays.com\/fi\/wp-json\/wp\/v2\/posts\/265516","targetHints":{"allow":["GET"]}}],"collection":[{"href":"https:\/\/www.europesays.com\/fi\/wp-json\/wp\/v2\/posts"}],"about":[{"href":"https:\/\/www.europesays.com\/fi\/wp-json\/wp\/v2\/types\/post"}],"author":[{"embeddable":true,"href":"https:\/\/www.europesays.com\/fi\/wp-json\/wp\/v2\/users\/2"}],"replies":[{"embeddable":true,"href":"https:\/\/www.europesays.com\/fi\/wp-json\/wp\/v2\/comments?post=265516"}],"version-history":[{"count":0,"href":"https:\/\/www.europesays.com\/fi\/wp-json\/wp\/v2\/posts\/265516\/revisions"}],"wp:featuredmedia":[{"embeddable":true,"href":"https:\/\/www.europesays.com\/fi\/wp-json\/wp\/v2\/media\/265517"}],"wp:attachment":[{"href":"https:\/\/www.europesays.com\/fi\/wp-json\/wp\/v2\/media?parent=265516"}],"wp:term":[{"taxonomy":"category","embeddable":true,"href":"https:\/\/www.europesays.com\/fi\/wp-json\/wp\/v2\/categories?post=265516"},{"taxonomy":"post_tag","embeddable":true,"href":"https:\/\/www.europesays.com\/fi\/wp-json\/wp\/v2\/tags?post=265516"}],"curies":[{"name":"wp","href":"https:\/\/api.w.org\/{rel}","templated":true}]}}