{"id":26553,"date":"2025-09-05T16:12:07","date_gmt":"2025-09-05T16:12:07","guid":{"rendered":"https:\/\/www.europesays.com\/fi\/26553\/"},"modified":"2025-09-05T16:12:07","modified_gmt":"2025-09-05T16:12:07","slug":"klaus-haron-elokuva-palkittiin-hollannissa","status":"publish","type":"post","link":"https:\/\/www.europesays.com\/fi\/26553\/","title":{"rendered":"Klaus H\u00e4r\u00f6n elokuva palkittiin Hollannissa"},"content":{"rendered":"<p>Klaus H\u00e4r\u00f6n ohjaama Ei koskaan yksin voitti parhaasta k\u00e4sikirjoituksesta jaetun Septimius-palkinnon Amsterdamissa j\u00e4rjestetyss\u00e4 gaalassa.<\/p>\n<p>Elokuva palkittiin parhaasta k\u00e4sikirjoituksesta, jonka H\u00e4r\u00f6 kirjoitti yhdess\u00e4<strong> Jimmy Karlssonin<\/strong> kanssa. Elokuva oli ehdolla my\u00f6s kuudessa muussa kategoriassa, muun muassa parhaaksi eurooppalaiseksi elokuvaksi ja parhaasta miesp\u00e4\u00e4osasta.<\/p>\n<p>\u201dOn ollut hienoa huomata, ett\u00e4 kansainv\u00e4linen yleis\u00f6 on ottanut elokuvan hyvin vastaan. Vaikka elokuva kertoo pienen palan suomalaista historiaa, se n\u00e4hd\u00e4\u00e4n t\u00e4ss\u00e4 ajassa hyvinkin ajankohtaisena,\u201d H\u00e4r\u00f6 kommentoi palkinnon j\u00e4lkeen.<\/p>\n<p>K\u00e4sikirjoitus perustuu<strong> Rony Smolarin <\/strong>kirjoittamaan el\u00e4m\u00e4kertakirjaan\u00a0Set\u00e4 Stiller. H\u00e4r\u00f6 korosti yhteisty\u00f6n merkityst\u00e4: \u201dK\u00e4sikirjoitus-palkinto on yll\u00e4tt\u00e4v\u00e4 ja ilahduttava, sille miell\u00e4n itseni ensisijaisesti ohjaajaksi, joka k\u00e4sikirjoittaa. Tosin, en ole tehnyt t\u00e4t\u00e4 yksin. T\u00e4ss\u00e4kin minua on tuettu oikealta ja vasemmalta: toisaalta t\u00e4m\u00e4 perustuu Rony Smolarin alkuper\u00e4isteokseen ja toisaalta mukana on ollut kokenut k\u00e4sikirjoittaja-dramaturgi Jimmy Karlsson.\u201d<\/p>\n<p>Lue my\u00f6s: <a href=\"https:\/\/www.episodi.fi\/uutiset\/kirja-arvio-klaus-haron-elokuvan-taustalla-on-kiinnostava-kirja\/\" title=\"Kirja-arvio: Klaus H\u00e4r\u00f6n elokuvan taustalla on kiinnostava el\u00e4m\u00e4ntarina\" class=\"underline-custom !font-montserrat !font-bold !underline-offset-4 !decoration-4 !decoration-episodi-blue !text-md\" rel=\"nofollow noopener\" target=\"_blank\">Kirja-arvio: Klaus H\u00e4r\u00f6n elokuvan taustalla on kiinnostava el\u00e4m\u00e4ntarina<\/a><\/p>\n<p>Ei koskaan yksin kertoo suomalaisen liikemiehen ja hyv\u00e4ntekij\u00e4n Abraham Stillerin tarinan. Toisen maailmansodan aikana Stiller pyrki auttamaan Suomeen paenneita juutalaisia.<strong> Ville Virtane<\/strong>n n\u00e4yttelee p\u00e4\u00e4roolin. Elokuva tuli Suomen teattereihin tammikuussa.<\/p>\n<p>Kansainv\u00e4linen yhteistuotanto on saanut Suomen lis\u00e4ksi ensi-iltansa jo Espanjassa. Ruotsissa se n\u00e4hd\u00e4\u00e4n lokakuussa.<\/p>\n<p>Lue my\u00f6s: <a href=\"https:\/\/www.episodi.fi\/uutiskirje\/?uutiskirjemainos=tekstilinkkimainos\" title=\"Tilaa Episodin uutiskirje ja voit voittaa leffalippuja! Nappaa tv-vinkit suoraan s\u00e4hk\u00f6postiin t\u00e4st\u00e4.\" class=\"underline-custom !font-montserrat !font-bold !underline-offset-4 !decoration-4 !decoration-episodi-blue !text-md\" rel=\"nofollow noopener\" target=\"_blank\">Tilaa Episodin uutiskirje ja voit voittaa leffalippuja! Nappaa katseluvinkit suoraan s\u00e4hk\u00f6postiin t\u00e4st\u00e4.<\/a><\/p>\n","protected":false},"excerpt":{"rendered":"Klaus H\u00e4r\u00f6n ohjaama Ei koskaan yksin voitti parhaasta k\u00e4sikirjoituksesta jaetun Septimius-palkinnon Amsterdamissa j\u00e4rjestetyss\u00e4 gaalassa. Elokuva palkittiin parhaasta k\u00e4sikirjoituksesta,&hellip;\n","protected":false},"author":2,"featured_media":26554,"comment_status":"","ping_status":"","sticky":false,"template":"","format":"standard","meta":{"footnotes":""},"categories":[131],"tags":[155,137,33,173,31,30,172,32,109],"class_list":{"0":"post-26553","1":"post","2":"type-post","3":"status-publish","4":"format-standard","5":"has-post-thumbnail","7":"category-elokuvat","8":"tag-elokuvat","9":"tag-entertainment","10":"tag-fi","11":"tag-film","12":"tag-finland","13":"tag-finnish","14":"tag-movies","15":"tag-suomi","16":"tag-viihde"},"share_on_mastodon":{"url":"","error":""},"_links":{"self":[{"href":"https:\/\/www.europesays.com\/fi\/wp-json\/wp\/v2\/posts\/26553","targetHints":{"allow":["GET"]}}],"collection":[{"href":"https:\/\/www.europesays.com\/fi\/wp-json\/wp\/v2\/posts"}],"about":[{"href":"https:\/\/www.europesays.com\/fi\/wp-json\/wp\/v2\/types\/post"}],"author":[{"embeddable":true,"href":"https:\/\/www.europesays.com\/fi\/wp-json\/wp\/v2\/users\/2"}],"replies":[{"embeddable":true,"href":"https:\/\/www.europesays.com\/fi\/wp-json\/wp\/v2\/comments?post=26553"}],"version-history":[{"count":0,"href":"https:\/\/www.europesays.com\/fi\/wp-json\/wp\/v2\/posts\/26553\/revisions"}],"wp:featuredmedia":[{"embeddable":true,"href":"https:\/\/www.europesays.com\/fi\/wp-json\/wp\/v2\/media\/26554"}],"wp:attachment":[{"href":"https:\/\/www.europesays.com\/fi\/wp-json\/wp\/v2\/media?parent=26553"}],"wp:term":[{"taxonomy":"category","embeddable":true,"href":"https:\/\/www.europesays.com\/fi\/wp-json\/wp\/v2\/categories?post=26553"},{"taxonomy":"post_tag","embeddable":true,"href":"https:\/\/www.europesays.com\/fi\/wp-json\/wp\/v2\/tags?post=26553"}],"curies":[{"name":"wp","href":"https:\/\/api.w.org\/{rel}","templated":true}]}}