{"id":26555,"date":"2025-09-05T16:14:09","date_gmt":"2025-09-05T16:14:09","guid":{"rendered":"https:\/\/www.europesays.com\/fi\/26555\/"},"modified":"2025-09-05T16:14:09","modified_gmt":"2025-09-05T16:14:09","slug":"susijengi-joutui-tekemaan-poikkeuksellisen-ratkaisun-henrik-dettmannilta-rapaa-em-kisajarjestajille-urheilu","status":"publish","type":"post","link":"https:\/\/www.europesays.com\/fi\/26555\/","title":{"rendered":"Susijengi joutui tekem\u00e4\u00e4n poikkeuksellisen ratkaisun \u2013 Henrik Dettmannilta rapaa EM-kisaj\u00e4rjest\u00e4jille | Urheilu"},"content":{"rendered":"<p class=\"sc-jYczwO sc-ciCoXh frIBdZ cPdSqu yle__article__paragraph\"><strong class=\"sc-eEHciv kkmMDs yle__article__strong\">RIIKA.<\/strong><\/p>\n<p class=\"sc-jYczwO sc-ciCoXh frIBdZ cPdSqu yle__article__paragraph\">Suomen miesten koripallomaajoukkue valmistautuu mielenkiintoisissa puitteissa EM-kisojen nelj\u00e4nnesv\u00e4lier\u00e4\u00e4n Latviassa. Suomi kohtaa olympiapronssimitalisti Serbian lauantai-iltana Riiassa, mutta ei harjoittele ennen sit\u00e4 peliareenassa, eik\u00e4 sen vieress\u00e4 virallisessa harjoitushallissa.<\/p>\n<p class=\"sc-jYczwO sc-ciCoXh frIBdZ cPdSqu yle__article__paragraph\">Serbia-peliin valmistaneet harjoitukset k\u00e4ytiin vuonna 1964 rakennetussa Neuvostoliiton aikaa henkineess\u00e4 Daugavan urheiluhallissa perjantaina.<\/p>\n<p><img decoding=\"async\" alt=\"Susijengin harjoitushalli Riiassa.\" src=\"https:\/\/www.europesays.com\/fi\/wp-content\/uploads\/2025\/09\/39-151814468bad2acc13a7.jpeg\" loading=\"lazy\" class=\"sc-dntSTA iywpZY\"\/><\/p>\n<p>Avaa kuvien katselu<\/p>\n<p>Daugavan urheiluhallin ulkopuolella oli my\u00f6s pala latvialaista koripallohistoriaa. Valdemars Baumanisin patsas. Baumanisia kutsutaan Latvian koripalloperinteen is\u00e4ksi. H\u00e4nen johdollaan Latvia voitti EM-kultaa vuonna 1935. Kuva: Tomi H\u00e4nninen<\/p>\n<p class=\"sc-jYczwO sc-ciCoXh frIBdZ cPdSqu yle__article__paragraph\">Koripalloliiton valmennuksen johtaja <strong class=\"sc-eEHciv kkmMDs yle__article__strong\">Henrik<\/strong> <strong class=\"sc-eEHciv kkmMDs yle__article__strong\">Dettmann<\/strong> taustoitti asiaa Yle Urheilulle muistuttaen, kuinka kansainv\u00e4lisill\u00e4 urheiluliitoilla on hieno slogan players first (pelaajat ensin). Susijengiss\u00e4 slogan tarkoittaa kuitenkin eri asioita kuin kansainv\u00e4lisess\u00e4 koripalloliitossa.<\/p>\n<p class=\"sc-jYczwO sc-ciCoXh frIBdZ cPdSqu yle__article__paragraph\">Suomessa slogan tarkoittaa Dettmannin mukaan, ett\u00e4 pelaajat ovat maksimaalisen hyv\u00e4ss\u00e4 tilassa, kun peli alkaa. Se tarkoittaa, ett\u00e4 p\u00e4iv\u00e4rytmist\u00e4 pidet\u00e4\u00e4n kiinni ja kunnioitetaan y\u00f6unia.<\/p>\n<p class=\"sc-jYczwO sc-ciCoXh frIBdZ cPdSqu yle__article__paragraph\">H\u00e4n avasi seikkaper\u00e4isesti Susijengin matkaa Tampereelta EM-alkulohkosta EM-pudotuspelipaikkakunnalle Riikaan. Susijengi kohtasi Tampereella Saksan keskiviikkoiltana. Peli p\u00e4\u00e4ttyi noin 22.20.<\/p>\n<p class=\"sc-jYczwO sc-ciCoXh frIBdZ cPdSqu yle__article__paragraph\">Torstaiaamuna Suomen joukkue her\u00e4tettiin kello 8.30 ja lenn\u00e4tettiin kansainv\u00e4lisen koripalloliton Fiban j\u00e4rjestelem\u00e4ll\u00e4 tilauslennolla Riikaan.<\/p>\n<p class=\"sc-jYczwO sc-ciCoXh frIBdZ cPdSqu yle__article__paragraph\">\u2013 P\u00e4\u00e4simme t\u00e4h\u00e4n toiseen todellisuuteen. T\u00e4m\u00e4 ei ollut se hieno todellisuus niin kuin Tampereella. Siell\u00e4 oli kaikki kunnossa. Meill\u00e4 pelaajat joutuivat pahimmillaan jonottamaan hotellihuonetta kaksi ja puoli tuntia. Totesimme siin\u00e4 kohtaa, ett\u00e4 illalla ei voi menn\u00e4 en\u00e4\u00e4 harjoittelemaan, Dettmann avaa.<\/p>\n<p><img decoding=\"async\" alt=\"Susijengin harjoitukset Riiassa EM-kisoissa 2025.\" src=\"https:\/\/www.europesays.com\/fi\/wp-content\/uploads\/2025\/09\/39-151814368bad2ab771c8.jpeg\" loading=\"lazy\" class=\"sc-dntSTA iywpZY\"\/><\/p>\n<p>Avaa kuvien katselu<\/p>\n<p>Susijengin harjoitukset Riiassa EM-kisoissa 2025 neuvostohenkisiss\u00e4 oloissa. Kuva: Tomi H\u00e4nninen<img decoding=\"async\" alt=\"Andre Gustavson harjoituksissa Riiassa EM-kisoissa 2025.\" src=\"https:\/\/www.europesays.com\/fi\/wp-content\/uploads\/2025\/09\/39-151814268bad2aad674a.jpeg\" loading=\"lazy\" class=\"sc-dntSTA iywpZY\"\/><\/p>\n<p>Avaa kuvien katselu<\/p>\n<p>Kun media p\u00e4\u00e4stettiin sis\u00e4\u00e4n halliin, Susijengin pelaajat tekiv\u00e4t muun muassa kuminauhajumppaa. T\u00e4ss\u00e4 hymyilee Andre Gustavson Samuli Niemisen ohjauksessa. Kuva: Tomi H\u00e4nninen<img decoding=\"async\" alt=\"Susijengi harjoituksissa EM-kisosissa 2025.\" src=\"https:\/\/www.europesays.com\/fi\/wp-content\/uploads\/2025\/09\/39-151819768bae658f1e87.jpeg\" loading=\"lazy\" class=\"sc-dntSTA iywpZY\"\/><\/p>\n<p>Avaa kuvien katselu<\/p>\n<p>Koko joukkue oli koossa mukaan lukien edellisen pelin kovan p\u00e4\u00e4t\u00e4llin takia huilannut Miikka Muurinen. Kuva: Tomi H\u00e4nninen<\/p>\n<p class=\"sc-jYczwO sc-ciCoXh frIBdZ cPdSqu yle__article__paragraph\">Dettmann alleviivasi, ett\u00e4 p\u00e4iv\u00e4st\u00e4 olisi muutenkin tullut pitk\u00e4. Suomen harjoitusaika olisi ollut peliareenalla torstai-iltana iltayhdeks\u00e4lt\u00e4.<\/p>\n<p class=\"sc-jYczwO sc-ciCoXh frIBdZ cPdSqu yle__article__paragraph\">Suomen joukkue teki sen sijaan palauttavan harjoituksen kuntosalilla torstai-iltana. Perjantaina Suomelle annettiin viralliseksi harjoitusajaksi 20.55\u201322.10 peliareenan viereisess\u00e4 harjoitushallissa.<\/p>\n<p class=\"sc-jYczwO sc-ciCoXh frIBdZ cPdSqu yle__article__paragraph\">Suomen joukkueessa tultiin johtop\u00e4\u00e4t\u00f6kseen, ett\u00e4 Serbia-pelin aatosta tulisi todella pitk\u00e4 p\u00e4iv\u00e4 odotellen harjoituksia. Siksi joukkueenjohto l\u00e4hti hakemaan harjoitusaikaa tai harjoituspaikkaa, jolla he pystyisiv\u00e4t kunnioittamaan pelaajien p\u00e4iv\u00e4rytmi\u00e4.<\/p>\n<p><img decoding=\"async\" alt=\"Mikael Jantunen Susijengin harjoituksissa.\" src=\"https:\/\/www.europesays.com\/fi\/wp-content\/uploads\/2025\/09\/39-151814568bad2ad1f3cc.jpeg\" loading=\"lazy\" class=\"sc-dntSTA iywpZY\"\/><\/p>\n<p>Avaa kuvien katselu<\/p>\n<p>Mikael Jantunen Susijengin harjoitushallin ulkopuolella. Riiassa p\u00e4rj\u00e4\u00e4 kevyemm\u00e4ss\u00e4 vaatetuksessa kuin Tampereella. L\u00e4mp\u00f6tila on reilusti 20:n puolella. Kuva: Tomi H\u00e4nninen<\/p>\n<p class=\"sc-jYczwO sc-ciCoXh frIBdZ cPdSqu yle__article__paragraph\">Omilla kontakteillaan he l\u00f6ysiv\u00e4t perjantaiksi t\u00e4m\u00e4n poikkeuksellisen treenihallin ja vuokrasivat sielt\u00e4 perjantaiksi harjoitusvuoron puolille p\u00e4ivin. Lauantainakin Suomi tekee peliin valmistavan heittoharjoituksen muualla kuin virallisessa pelihallissa tai harjoitushallissa.<\/p>\n<p class=\"sc-jYczwO sc-ciCoXh frIBdZ cPdSqu yle__article__paragraph\">\u2013 T\u00e4m\u00e4 osuus oli helpoin, koska emme kertoneet kisaj\u00e4rjest\u00e4jille t\u00e4st\u00e4 mit\u00e4\u00e4n. Olemme oppineet, ett\u00e4 ei kannata kysy\u00e4, vaan tehd\u00e4. Varsinkin t\u00e4llaisessa tilanteessa, jossa ollaan kansainv\u00e4lisen urheiluliiton pauloissa, Dettmann sanoo.<\/p>\n<p class=\"sc-jYczwO sc-ciCoXh frIBdZ cPdSqu yle__article__paragraph\">Fiban harjoitusaikataulujen taustalla on tasa-arvoinen kohtelu. Fiba takasi kaikille joukkueille yhden harjoituksen virallisessa peliareenassa kaksi p\u00e4iv\u00e4\u00e4 ennen peli\u00e4.<\/p>\n<p class=\"sc-jYczwO sc-ciCoXh frIBdZ cPdSqu yle__article__paragraph\">\u2013 J\u00e4rjest\u00e4j\u00e4t eiv\u00e4t lainkaan huomioineet, ett\u00e4 t\u00e4\u00e4ll\u00e4 Riiassa on jo pelannut alkulohkonsa nelj\u00e4 joukkuetta. Heid\u00e4t olisi voitu pudottaa listalta pois. Sitten olisi ollut tilaa uusille ja aikaisemmille harjoitusvuoroille, Dettmann sanoo.<\/p>\n<p><img decoding=\"async\" alt=\"Mikael Jantunen harjoituksissa EM-kisoissa.\" src=\"https:\/\/www.europesays.com\/fi\/wp-content\/uploads\/2025\/09\/39-151819868bae659aa6ad.jpeg\" loading=\"lazy\" class=\"sc-dntSTA iywpZY\"\/><\/p>\n<p>Avaa kuvien katselu<\/p>\n<p>Mikael Jantunen oli yksi Susijengin pelaajista, joka teki heittoharjoituksen perjantaina. Kuva: Tomi H\u00e4nninen<\/p>\n<p class=\"sc-jYczwO sc-ciCoXh frIBdZ cPdSqu yle__article__paragraph\">Toiseksi ongelmaksi Dettmann n\u00e4kee sen, ett\u00e4 Fiban m\u00e4\u00e4ritt\u00e4m\u00e4t harjoitusvuorot ovat aivan liian pitki\u00e4. Sen takia Suomi ei harjoitellut koskaan Tampereen areenallakaan iltaisin.<\/p>\n<p class=\"sc-jYczwO sc-ciCoXh frIBdZ cPdSqu yle__article__paragraph\">\u2013 N\u00e4it\u00e4 vuoroja m\u00e4\u00e4rittelev\u00e4t nyt ihmiset, jotka eiv\u00e4t ole v\u00e4ltt\u00e4m\u00e4tt\u00e4 koskaan vet\u00e4neet harjoituksia tai olleet n\u00e4iss\u00e4 turnauksissa. Nyt varatut harjoitusajat ovat liian pitki\u00e4. Meillekin olisi k\u00e4ynyt torstaina, ett\u00e4 olisi p\u00e4\u00e4sty 45 minuutiksi tai tunniksi, Dettmann sanoo.<\/p>\n<p class=\"sc-jYczwO sc-ciCoXh frIBdZ cPdSqu yle__article__paragraph\">Suomi on Serbian kanssa viimeiset harjoittelevat joukkueet, koska heid\u00e4n nelj\u00e4nnesv\u00e4lier\u00e4ns\u00e4 on lauantaina kello 21.45<\/p>\n<p class=\"sc-jYczwO sc-ciCoXh frIBdZ cPdSqu yle__article__paragraph\">\u2013 Joku voisi yritt\u00e4\u00e4 selitt\u00e4\u00e4, ett\u00e4 kun pelaatte noin my\u00f6h\u00e4\u00e4n, niin siirr\u00e4tte sis\u00e4ist\u00e4 kelloa. Ei sit\u00e4 kelloa siirret\u00e4 kuitenkaan noin vaan. Jos sis\u00e4ist\u00e4 kelloa ruvetaan siirt\u00e4m\u00e4\u00e4n, pit\u00e4isi olla pimennysverhoja ja sit\u00e4 pit\u00e4isi harjoitella viikkotolkulla, Dettmann sanoo.<\/p>\n<p class=\"sc-jYczwO sc-ciCoXh frIBdZ cPdSqu yle__article__paragraph\">Nyt Suomen ratkaisu vaikuttaa onnistuneelta.<\/p>\n<p class=\"sc-jYczwO sc-ciCoXh frIBdZ cPdSqu yle__article__paragraph\">\u2013 T\u00e4m\u00e4 oli hyv\u00e4 ratkaisu, ett\u00e4 saatiin hyv\u00e4\u00e4n paikkaan harjoitus. P\u00e4iv\u00e4 ei veny pitk\u00e4ksi, Dettmann sanoo.<\/p>\n<p><img decoding=\"async\" alt=\"Susijengin kapteeni Sasu Salin.\" src=\"https:\/\/www.europesays.com\/fi\/wp-content\/uploads\/2025\/09\/39-151814768bad2ae150a8.jpeg\" loading=\"lazy\" class=\"sc-dntSTA iywpZY\"\/><\/p>\n<p>Avaa kuvien katselu<\/p>\n<p>Susijengin kapteeni Sasu Salinille tuli mieleen perjantain harjoitushallista viime kausi Romanian p\u00e4\u00e4sarjassa. Kuva: Tomi H\u00e4nninen<\/p>\n<p class=\"sc-jYczwO sc-ciCoXh frIBdZ cPdSqu yle__article__paragraph\">Osa nuoremman polven susijengil\u00e4isist\u00e4 oli k\u00e4ynyt hallissa jo aiemmin pelaamassa nuorten maaotteluita. Kapteeni <strong class=\"sc-eEHciv kkmMDs yle__article__strong\">Sasu Salinille<\/strong> paikasta tuli mieleen viime kausi Romanian p\u00e4\u00e4sarjassa.<\/p>\n<p class=\"sc-jYczwO sc-ciCoXh frIBdZ cPdSqu yle__article__paragraph\">Erilaiset treenihallit verrattuna pelihalliin eiv\u00e4t vaikuta heittojen osumatarkkuuteen, linjaavat Salin ja Dettmann.<\/p>\n<p class=\"sc-jYczwO sc-ciCoXh frIBdZ cPdSqu yle__article__paragraph\">\u2013 Moni puhuu tila-avaruudesta, katsekontakteista ja niin edesp\u00e4in. Mutta eri hallilla ei ole niin v\u00e4li\u00e4. On sit\u00e4 palloa heitetty niin monta kertaa, Salin kuvailee.<\/p>\n<p class=\"sc-jYczwO sc-ciCoXh frIBdZ cPdSqu yle__article__paragraph\">\u2013 Ymm\u00e4rryksemme mukaan korit ovat aina samalla korkeudella ja tiett\u00e4v\u00e4sti pallot painavat aina saman verran, Dettmann veistelee.<\/p>\n","protected":false},"excerpt":{"rendered":"RIIKA. Suomen miesten koripallomaajoukkue valmistautuu mielenkiintoisissa puitteissa EM-kisojen nelj\u00e4nnesv\u00e4lier\u00e4\u00e4n Latviassa. Suomi kohtaa olympiapronssimitalisti Serbian lauantai-iltana Riiassa, mutta ei&hellip;\n","protected":false},"author":2,"featured_media":26556,"comment_status":"","ping_status":"","sticky":false,"template":"","format":"standard","meta":{"footnotes":""},"categories":[158],"tags":[33,31,30,8416,1702,6016,7708,8417,159,32,1901,160],"class_list":{"0":"post-26555","1":"post","2":"type-post","3":"status-publish","4":"format-standard","5":"has-post-thumbnail","7":"category-urheilu","8":"tag-fi","9":"tag-finland","10":"tag-finnish","11":"tag-henrik-dettmann","12":"tag-koripallo","13":"tag-koripallon-em-2025","14":"tag-latvia","15":"tag-riika","16":"tag-sports","17":"tag-suomi","18":"tag-susijengi","19":"tag-urheilu"},"share_on_mastodon":{"url":"","error":""},"_links":{"self":[{"href":"https:\/\/www.europesays.com\/fi\/wp-json\/wp\/v2\/posts\/26555","targetHints":{"allow":["GET"]}}],"collection":[{"href":"https:\/\/www.europesays.com\/fi\/wp-json\/wp\/v2\/posts"}],"about":[{"href":"https:\/\/www.europesays.com\/fi\/wp-json\/wp\/v2\/types\/post"}],"author":[{"embeddable":true,"href":"https:\/\/www.europesays.com\/fi\/wp-json\/wp\/v2\/users\/2"}],"replies":[{"embeddable":true,"href":"https:\/\/www.europesays.com\/fi\/wp-json\/wp\/v2\/comments?post=26555"}],"version-history":[{"count":0,"href":"https:\/\/www.europesays.com\/fi\/wp-json\/wp\/v2\/posts\/26555\/revisions"}],"wp:featuredmedia":[{"embeddable":true,"href":"https:\/\/www.europesays.com\/fi\/wp-json\/wp\/v2\/media\/26556"}],"wp:attachment":[{"href":"https:\/\/www.europesays.com\/fi\/wp-json\/wp\/v2\/media?parent=26555"}],"wp:term":[{"taxonomy":"category","embeddable":true,"href":"https:\/\/www.europesays.com\/fi\/wp-json\/wp\/v2\/categories?post=26555"},{"taxonomy":"post_tag","embeddable":true,"href":"https:\/\/www.europesays.com\/fi\/wp-json\/wp\/v2\/tags?post=26555"}],"curies":[{"name":"wp","href":"https:\/\/api.w.org\/{rel}","templated":true}]}}