{"id":265784,"date":"2026-06-03T08:38:12","date_gmt":"2026-06-03T08:38:12","guid":{"rendered":"https:\/\/www.europesays.com\/fi\/265784\/"},"modified":"2026-06-03T08:38:12","modified_gmt":"2026-06-03T08:38:12","slug":"pienten-ja-keskisuurten-yritysten-vienti-veti-ennatysosuuteen","status":"publish","type":"post","link":"https:\/\/www.europesays.com\/fi\/265784\/","title":{"rendered":"Pienten ja keskisuurten yritysten vienti veti enn\u00e4tysosuuteen"},"content":{"rendered":"<p class=\"gb-ingress__content\">\n\t\t\t\tSuomen tavaravienti kasvoi vuonna 2025 pienten ja keskisuurten yritysten vahvan kehityksen ansiosta, ilmenee Tullin tilastoista. \t\t\t<\/p>\n<p>Pk-yritysten vienti kasvoi per\u00e4ti 46,3 prosenttia vuoteen 2024 verrattuna, kun samaan aikaan suurten yritysten vienti laski 2,8 prosenttia. Suomen tavaravienti on kuitenkin edelleen keskittynyt suurimpien yritysten varaan: viiden suurimman yrityksen osuus tavaraviennin kokonaisarvosta oli noin 19 prosenttia ja kymmenen suurimman noin 30 prosenttia.<\/p>\n<p>Tulli kertoo tiedotteessaan pienten ja keskisuurten yritysten roolin tavaravienniss\u00e4 vahvistuneen selv\u00e4sti: niiden osuus kokonaisviennist\u00e4 nousi enn\u00e4tykselliseen 18,4 prosenttiin. Pk-yritysten osuus kasvoi 5,4 prosenttiyksikk\u00f6\u00e4 vuodesta 2024. Samanaikaisesti suurten yritysten osuus viennist\u00e4 pieneni 78,5 prosenttiin, vaikka ne hallitsevat yh\u00e4 vienti\u00e4.<\/p>\n<p>\u2013 Tilastot osoittavat, ett\u00e4 Suomen vienniss\u00e4 pk-yritysten merkitys kasvoi nopeasti samalla, kun suurten yritysten rooli suhteellisesti pieneni. Kehitys korostaa pk-kent\u00e4n kasvavaa merkityst\u00e4 viennin kasvuveturina sek\u00e4 kansainv\u00e4listymisen onnistumisia erityisesti pienemmiss\u00e4 yrityksiss\u00e4, Tullin tilastot ja tietopalvelut -yksik\u00f6n p\u00e4\u00e4llikk\u00f6 <strong>Olli-Pekka Penttil\u00e4<\/strong> sanoo tiedotteessa.<\/p>\n<p>Kokonaisuudessaan Suomen tavaraviennin kasvu vuonna 2025 perustui erityisesti ulkomaalaisomisteisten yritysten vahvaan suoritukseen. Yritystyypeitt\u00e4in tarkasteltuna viennin kehitys jakautui viime vuonna ep\u00e4tasaisesti. Yksityisten kotimaisten yritysten vienti kasvoi 1,8 prosenttia ja ulkomaalaisomisteisten yritysten 6,5 prosenttia, mutta valtio-omisteisten yritysten vienniss\u00e4 laskua oli 7,5 prosenttia. Valtio-omisteisten yritysten vienti supistui entisest\u00e4\u00e4n, koska valtio on luopunut useissa yrityksiss\u00e4 enemmist\u00f6osuuksista.<\/p>\n<p>Tullin ulkomaankauppatilastoista yrityksitt\u00e4in selvi\u00e4\u00e4, ett\u00e4 Suomen tavaravienti on pitk\u00e4lti edelleen keskittynyt suurimpien yritysten varaan. Vuonna 2025 viennin kokonaisarvo oli 74,3 miljardia euroa, mist\u00e4 viiden suurimman yrityksen osuus oli 19,3 prosenttia ja kymmenen suurimman 29,7 prosenttia. Sadan suurimman yrityksen osuus oli jo l\u00e4hes 70 prosenttia tavaroiden kokonaisviennist\u00e4.<\/p>\n<p>\t\t\t\t\t\tVinkkaa meille juttuaihe!<\/p>\n<p>                            Vinkkaa meille juttuaihe!<\/p>\n","protected":false},"excerpt":{"rendered":"Suomen tavaravienti kasvoi vuonna 2025 pienten ja keskisuurten yritysten vahvan kehityksen ansiosta, ilmenee Tullin tilastoista. Pk-yritysten vienti kasvoi&hellip;\n","protected":false},"author":2,"featured_media":265785,"comment_status":"","ping_status":"","sticky":false,"template":"","format":"standard","meta":{"footnotes":"","_share_on_mastodon":"0"},"categories":[76],"tags":[79,77,33,31,30,4848,2544,32,78],"class_list":["post-265784","post","type-post","status-publish","format-standard","has-post-thumbnail","category-talous","tag-business","tag-economy","tag-fi","tag-finland","tag-finnish","tag-kansainvu00e4listyminen","tag-kasvu","tag-suomi","tag-talous"],"share_on_mastodon":{"url":"https:\/\/pubeurope.com\/@fi\/116685275764189551","error":""},"_links":{"self":[{"href":"https:\/\/www.europesays.com\/fi\/wp-json\/wp\/v2\/posts\/265784","targetHints":{"allow":["GET"]}}],"collection":[{"href":"https:\/\/www.europesays.com\/fi\/wp-json\/wp\/v2\/posts"}],"about":[{"href":"https:\/\/www.europesays.com\/fi\/wp-json\/wp\/v2\/types\/post"}],"author":[{"embeddable":true,"href":"https:\/\/www.europesays.com\/fi\/wp-json\/wp\/v2\/users\/2"}],"replies":[{"embeddable":true,"href":"https:\/\/www.europesays.com\/fi\/wp-json\/wp\/v2\/comments?post=265784"}],"version-history":[{"count":0,"href":"https:\/\/www.europesays.com\/fi\/wp-json\/wp\/v2\/posts\/265784\/revisions"}],"wp:featuredmedia":[{"embeddable":true,"href":"https:\/\/www.europesays.com\/fi\/wp-json\/wp\/v2\/media\/265785"}],"wp:attachment":[{"href":"https:\/\/www.europesays.com\/fi\/wp-json\/wp\/v2\/media?parent=265784"}],"wp:term":[{"taxonomy":"category","embeddable":true,"href":"https:\/\/www.europesays.com\/fi\/wp-json\/wp\/v2\/categories?post=265784"},{"taxonomy":"post_tag","embeddable":true,"href":"https:\/\/www.europesays.com\/fi\/wp-json\/wp\/v2\/tags?post=265784"}],"curies":[{"name":"wp","href":"https:\/\/api.w.org\/{rel}","templated":true}]}}