{"id":26585,"date":"2025-09-05T16:59:08","date_gmt":"2025-09-05T16:59:08","guid":{"rendered":"https:\/\/www.europesays.com\/fi\/26585\/"},"modified":"2025-09-05T16:59:08","modified_gmt":"2025-09-05T16:59:08","slug":"liam-neesonin-ja-pamela-andersonin-suhdetta-vaitettiin-mainostempuksi-tama-on-totuus","status":"publish","type":"post","link":"https:\/\/www.europesays.com\/fi\/26585\/","title":{"rendered":"Liam Neesonin ja Pamela Andersonin suhdetta v\u00e4itettiin mainostempuksi \u2013 t\u00e4m\u00e4 on totuus!"},"content":{"rendered":"<p>            All Over Press\n        <\/p>\n<p class=\"subtitle \">Hollywoodissa kuohahti, kun sis\u00e4piirin l\u00e4hteet v\u00e4ittiv\u00e4t Liamin ja Pamelan suhteen olleen julkisuustempaus.<\/p>\n<p class=\"article-content article-content-width !bg-background\">Viime viikolla Hollywoodissa kuohahti, kun v\u00e4itteet , 73, ja , 58, suhteen todenper\u00e4isyydest\u00e4 l\u00e4htiv\u00e4t levi\u00e4m\u00e4\u00e4n kulovalkean tavoin.<\/p>\n<p class=\"article-content article-content-width !bg-background\"><a href=\"https:\/\/www.tmz.com\/2025\/08\/29\/pamela-anderson-liam-neeson-fake-relationship\/\" target=\"_blank\" rel=\"nofollow noopener\">TMZ<\/a> julkaisi sis\u00e4piirin l\u00e4hteeksi v\u00e4itt\u00e4m\u00e4lt\u00e4\u00e4n henkil\u00f6lt\u00e4 saamansa tiedon, jonka mukaan Liamin ja Pamelan uuden Mies ja alaston ase -elokuvan kuvauksissa alkanut rakkaustarina olisi pelkk\u00e4 t\u00f6rke\u00e4 PR-temppu, jonka avulla elokuva saisi enemm\u00e4n lipputuloja.<\/p>\n<p class=\"article-content article-content-width !bg-background\"> TMZ v\u00e4itti, ett\u00e4 suoraan asiasta tiet\u00e4v\u00e4t l\u00e4hteet kertoivat koko romanssin olleen Paramount-tuotantoyhti\u00f6n sek\u00e4 Pamelan ja Liamin PR-tiimien kyh\u00e4elm\u00e4. <\/p>\n<p>        <a itemprop=\"url\" href=\"https:\/\/www.seiska.fi\/ulkomaat\/sisapiirin-lahde-pamela-andersonin-ja-liam-neesonin-suhde-oli-pelkka-mainostemppu\/1915841\" rel=\"nofollow noopener\" target=\"_blank\"><\/p>\n<p>\nSis\u00e4piirin l\u00e4hde:\n<\/p>\n<p class=\"section-date\">\n        <strong class=\"article-section\" data-section=\"ulkomaat\"><br \/>\n            ulkomaat<br \/>\n        <\/strong><br \/>\n        29.8. 21:00\n    <\/p>\n<p>    Sis\u00e4piirin l\u00e4hde: Pamela Andersonin ja Liam Neesonin suhde oli pelkk\u00e4 mainostemppu!<\/p>\n<p itemprop=\"description\" class=\"subtitle \">\n    Sis\u00e4piirin l\u00e4hde v\u00e4itt\u00e4\u00e4 TMZ:lle, ett\u00e4 Pamelan ja Liamin suhde oli pelkk\u00e4 ovela PR-kikka.\n<\/p>\n<p>        <\/a><\/p>\n<p class=\"article-content article-content-width !bg-background\"><a href=\"https:\/\/people.com\/pamela-anderson-liam-neeson-romance-not-fake-source-exclusive-11800683\" target=\"_blank\" rel=\"nofollow noopener\">People-lehti<\/a> v\u00e4itt\u00e4\u00e4 kuitenkin aivan p\u00e4invastaista.<\/p>\n<p>Naurettavia huhuja<\/p>\n<p class=\"article-content article-content-width !bg-background\">Pian huijaushuhujen l\u00e4hdetty\u00e4 liikkeelle, uudet l\u00e4hteet kertoivat Peoplelle, ettei romanssi todellakaan ole julkisuustemppu.<\/p>\n<p class=\"article-content article-content-width !bg-background\">\u2013 Kaikki heid\u00e4n v\u00e4lill\u00e4\u00e4n on ollut aitoa. Kumpikaan ei koskaan l\u00e4htisi mukaan julkisuustemppuun. Heill\u00e4 on todella hauskaa. Kumpikaan heist\u00e4 ei tarvitse julkisuutta, l\u00e4heinen l\u00e4hde kertoo Peoplelle.<\/p>\n<p>        <a itemprop=\"url\" href=\"https:\/\/www.seiska.fi\/ulkomaat\/pamela-andersonilta-ulostulo-uudesta-suhteestaan\/1905635\" rel=\"nofollow noopener\" target=\"_blank\"><\/p>\n<p>\nPamela Anderson\n<\/p>\n<p class=\"section-date\">\n        <strong class=\"article-section\" data-section=\"ulkomaat\"><br \/>\n            ulkomaat<br \/>\n        <\/strong><br \/>\n        20.8. 21:00\n    <\/p>\n<p>    Pamela Andersonilta ulostulo uudesta suhteestaan<\/p>\n<p itemprop=\"description\" class=\"subtitle \">\n    Pamela Anderson ja Liam Neeson rakastuivat toisiinsa uutuusleffan kuvauksissa.\n<\/p>\n<p>        <\/a><\/p>\n<p class=\"article-content article-content-width !bg-background\">My\u00f6s toinen sis\u00e4piiril\u00e4inen vahvisti asian Peoplelle.<\/p>\n<p class=\"article-content article-content-width !bg-background\">\u2013 Heid\u00e4n suhteensa ei ole vain n\u00e4yt\u00f6st\u00e4. Heill\u00e4 on aito yhteys. Kummallakaan ei ole motiivia lavastaa t\u00e4llaista.<\/p>\n<p class=\"article-content article-content-width !bg-background\">Er\u00e4s l\u00e4hde taas nauroi v\u00e4itteelle, jonka mukaan n\u00e4yttelij\u00e4t eiv\u00e4t olisi koskaan k\u00e4yneet kahdenkeskisill\u00e4 treffeill\u00e4, kutsuen sit\u00e4 naurettavaksi.<\/p>\n<p>                <img decoding=\"async\" src=\"https:\/\/www.europesays.com\/fi\/wp-content\/uploads\/2025\/09\/1922029.webp\" width=\"576\" height=\"677\" alt=\"Tuoreimpien tietojen mukaan Pam ja Liam ovat totta totisesti l\u00e4\u00e4p\u00e4ll\u00e4\u00e4n toisiinsa.\" loading=\"lazy\" \/>            <\/p>\n<p>\n            Tuoreimpien tietojen mukaan Pam ja Liam ovat totta totisesti l\u00e4\u00e4p\u00e4ll\u00e4\u00e4n toisiinsa.<br \/>\n            All Over Press\n        <\/p>\n<p>Selv\u00e4sti pihkassa toisiinsa<\/p>\n<p class=\"article-content article-content-width !bg-background\">Mies ja alaston ase -elokuvaa l\u00e4hell\u00e4 oleva l\u00e4hde kertoi <a href=\"https:\/\/people.com\/pamela-anderson-and-liam-neeson-are-dating-exclusive-11781066\" target=\"_blank\" rel=\"nofollow noopener\">Peoplelle<\/a> hein\u00e4kuun lopussa, ett\u00e4 Liamilla ja Pamelalla oli orastava romanssi.<\/p>\n<p class=\"article-content article-content-width !bg-background\">\u2013 Se on vilpit\u00f6nt\u00e4, ja on selv\u00e4\u00e4, ett\u00e4 he ovat pihkassa toisiinsa, l\u00e4hde sanoi tuolloin.<\/p>\n<p class=\"article-content article-content-width !bg-background\">Pian pariskunta n\u00e4htiin pussailemassa suorassa tv-l\u00e4hetyksess\u00e4.<\/p>\n<p>        <a itemprop=\"url\" href=\"https:\/\/www.seiska.fi\/ulkomaat\/harvinainen-kuva-talta-nayttavat-pamela-andersonin-pojat\/1883015\" rel=\"nofollow noopener\" target=\"_blank\"><\/p>\n<p>\nT\u00e4lt\u00e4 n\u00e4ytt\u00e4v\u00e4t Pamela Andersonin pojat\n<\/p>\n<p class=\"section-date\">\n        <strong class=\"article-section\" data-section=\"ulkomaat\"><br \/>\n            ulkomaat<br \/>\n        <\/strong><br \/>\n        4.8. 12:00\n    <\/p>\n<p>    Harvinainen kuva! T\u00e4lt\u00e4 n\u00e4ytt\u00e4v\u00e4t Pamela Andersonin pojat<\/p>\n<p itemprop=\"description\" class=\"subtitle \">\n    Erikoistilaisuus kokosi perheen yhteen.\n<\/p>\n<p>        <\/a><\/p>\n<p class=\"article-content article-content-width !bg-background\"><a href=\"https:\/\/ew.com\/the-naked-gun-reboot-liam-neeson-pamela-anderson-cover-story-11765896\" target=\"_blank\" rel=\"nofollow noopener\">Entertainment Weeklyn<\/a> hein\u00e4kuun alussa julkaistussa kansijutussa Pamela sanoi uskovansa Liamin olevan h\u00e4nen yst\u00e4v\u00e4ns\u00e4 aina.<\/p>\n<p class=\"article-content article-content-width !bg-background\">\u2013 Meill\u00e4 on ehdottomasti hyvin vilpit\u00f6n ja rakkaudellinen yhteys. H\u00e4n on hyv\u00e4 tyyppi, Pamela kuvaili.<\/p>\n","protected":false},"excerpt":{"rendered":"All Over Press Hollywoodissa kuohahti, kun sis\u00e4piirin l\u00e4hteet v\u00e4ittiv\u00e4t Liamin ja Pamelan suhteen olleen julkisuustempaus. Viime viikolla Hollywoodissa&hellip;\n","protected":false},"author":2,"featured_media":26586,"comment_status":"","ping_status":"","sticky":false,"template":"","format":"standard","meta":{"footnotes":""},"categories":[136],"tags":[407,137,33,31,30,4169,798,408,2081,2082,1496,7035,1311,651,32,109],"class_list":{"0":"post-26585","1":"post","2":"type-post","3":"status-publish","4":"format-standard","5":"has-post-thumbnail","7":"category-julkkikset","8":"tag-celebrities","9":"tag-entertainment","10":"tag-fi","11":"tag-finland","12":"tag-finnish","13":"tag-hollywood","14":"tag-huhu","15":"tag-julkkikset","16":"tag-liam-neeson","17":"tag-pamela-anderson","18":"tag-parisuhde","19":"tag-pr-temppu","20":"tag-rakkaus","21":"tag-suhteet","22":"tag-suomi","23":"tag-viihde"},"share_on_mastodon":{"url":"","error":""},"_links":{"self":[{"href":"https:\/\/www.europesays.com\/fi\/wp-json\/wp\/v2\/posts\/26585","targetHints":{"allow":["GET"]}}],"collection":[{"href":"https:\/\/www.europesays.com\/fi\/wp-json\/wp\/v2\/posts"}],"about":[{"href":"https:\/\/www.europesays.com\/fi\/wp-json\/wp\/v2\/types\/post"}],"author":[{"embeddable":true,"href":"https:\/\/www.europesays.com\/fi\/wp-json\/wp\/v2\/users\/2"}],"replies":[{"embeddable":true,"href":"https:\/\/www.europesays.com\/fi\/wp-json\/wp\/v2\/comments?post=26585"}],"version-history":[{"count":0,"href":"https:\/\/www.europesays.com\/fi\/wp-json\/wp\/v2\/posts\/26585\/revisions"}],"wp:featuredmedia":[{"embeddable":true,"href":"https:\/\/www.europesays.com\/fi\/wp-json\/wp\/v2\/media\/26586"}],"wp:attachment":[{"href":"https:\/\/www.europesays.com\/fi\/wp-json\/wp\/v2\/media?parent=26585"}],"wp:term":[{"taxonomy":"category","embeddable":true,"href":"https:\/\/www.europesays.com\/fi\/wp-json\/wp\/v2\/categories?post=26585"},{"taxonomy":"post_tag","embeddable":true,"href":"https:\/\/www.europesays.com\/fi\/wp-json\/wp\/v2\/tags?post=26585"}],"curies":[{"name":"wp","href":"https:\/\/api.w.org\/{rel}","templated":true}]}}