{"id":265907,"date":"2026-06-03T11:42:12","date_gmt":"2026-06-03T11:42:12","guid":{"rendered":"https:\/\/www.europesays.com\/fi\/265907\/"},"modified":"2026-06-03T11:42:12","modified_gmt":"2026-06-03T11:42:12","slug":"pk-yritysten-kasvuhankkeille-uusi-rahoituskanava-yrittajat-fi","status":"publish","type":"post","link":"https:\/\/www.europesays.com\/fi\/265907\/","title":{"rendered":"Pk-yritysten kasvuhankkeille uusi rahoituskanava &#8211; Yrittajat.fi"},"content":{"rendered":"<p>Uuden rahoituksen tavoitteena on vauhdittaa pk-yritysten suuria kasvup\u00e4\u00e4t\u00f6ksi\u00e4 ja vahvistaa investointikyky\u00e4 koko maassa, kertoo ty\u00f6- ja elinkeinoministeri\u00f6 (TEM) tiedotteessaan.<\/p>\n<p>\u2013 Suomi tarvitsee nyt investointeja, jotka nostavat tuottavuutta, vahvistavat vienti\u00e4 ja siten parantavat ty\u00f6llisyystilannetta. T\u00e4m\u00e4n rahoituksen avulla pk-yritykset voivat toteuttaa nopeammin merkitt\u00e4vi\u00e4 kasvuhankkeita, elinkeinoministeri <strong>Sakari Puisto<\/strong> (ps.) sanoo TEM:n tiedotteessa.<\/p>\n<p>Valtakunnallinen haku on suunnattu pk-yrityksille, jotka tavoittelevat merkitt\u00e4v\u00e4\u00e4 kasvua ja vienti\u00e4, ottavat k\u00e4ytt\u00f6\u00f6n uutta resurssitehokasta tuotantoteknologiaa tai kehitt\u00e4v\u00e4t puhtaan siirtym\u00e4n ratkaisuja. Haku on avoinna elokuun loppuun saakka, ja k\u00e4ytett\u00e4viss\u00e4 oleva rahoitus on enint\u00e4\u00e4n 19 miljoonaa euroa.<\/p>\n<p>\t\t\tMihin tukea my\u00f6nnet\u00e4\u00e4n?\t\t<\/p>\n<p>Tuki my\u00f6nnet\u00e4\u00e4n elinvoimakeskusten yrityksen kehitt\u00e4misavustuksena.<\/p>\n<p>Avustusta voidaan my\u00f6nt\u00e4\u00e4 uusiin teknologioihin perustuvien koneiden ja kaluston hankintaan, aineettomiin investointeihin sek\u00e4 tuotantoon liittyvien, v\u00e4ltt\u00e4m\u00e4tt\u00f6mien ja omaan k\u00e4ytt\u00f6\u00f6n tulevien tuotantotilojen rakentamiseen ja niihin liittyviin maanrakennuskustannuksiin.<\/p>\n<p>Investointihankkeen kokonaiskustannusten on oltava v\u00e4hint\u00e4\u00e4n 10 miljoonaa euroa.<\/p>\n<p>Rahoituksesta vastaavat Kaakkois-Suomen, Keski-Suomen, It\u00e4-Suomen ja Pohjois-Suomen elinvoimakeskukset.<\/p>\n<p>L\u00e4hde: TEM<\/p>\n","protected":false},"excerpt":{"rendered":"Uuden rahoituksen tavoitteena on vauhdittaa pk-yritysten suuria kasvup\u00e4\u00e4t\u00f6ksi\u00e4 ja vahvistaa investointikyky\u00e4 koko maassa, kertoo ty\u00f6- ja elinkeinoministeri\u00f6 (TEM)&hellip;\n","protected":false},"author":2,"featured_media":265908,"comment_status":"","ping_status":"","sticky":false,"template":"","format":"standard","meta":{"footnotes":"","_share_on_mastodon":"0"},"categories":[76],"tags":[79,77,33,31,30,2544,32,78],"class_list":["post-265907","post","type-post","status-publish","format-standard","has-post-thumbnail","category-talous","tag-business","tag-economy","tag-fi","tag-finland","tag-finnish","tag-kasvu","tag-suomi","tag-talous"],"share_on_mastodon":{"url":"https:\/\/pubeurope.com\/@fi\/116685998923657312","error":""},"_links":{"self":[{"href":"https:\/\/www.europesays.com\/fi\/wp-json\/wp\/v2\/posts\/265907","targetHints":{"allow":["GET"]}}],"collection":[{"href":"https:\/\/www.europesays.com\/fi\/wp-json\/wp\/v2\/posts"}],"about":[{"href":"https:\/\/www.europesays.com\/fi\/wp-json\/wp\/v2\/types\/post"}],"author":[{"embeddable":true,"href":"https:\/\/www.europesays.com\/fi\/wp-json\/wp\/v2\/users\/2"}],"replies":[{"embeddable":true,"href":"https:\/\/www.europesays.com\/fi\/wp-json\/wp\/v2\/comments?post=265907"}],"version-history":[{"count":0,"href":"https:\/\/www.europesays.com\/fi\/wp-json\/wp\/v2\/posts\/265907\/revisions"}],"wp:featuredmedia":[{"embeddable":true,"href":"https:\/\/www.europesays.com\/fi\/wp-json\/wp\/v2\/media\/265908"}],"wp:attachment":[{"href":"https:\/\/www.europesays.com\/fi\/wp-json\/wp\/v2\/media?parent=265907"}],"wp:term":[{"taxonomy":"category","embeddable":true,"href":"https:\/\/www.europesays.com\/fi\/wp-json\/wp\/v2\/categories?post=265907"},{"taxonomy":"post_tag","embeddable":true,"href":"https:\/\/www.europesays.com\/fi\/wp-json\/wp\/v2\/tags?post=265907"}],"curies":[{"name":"wp","href":"https:\/\/api.w.org\/{rel}","templated":true}]}}